{"id":112178,"date":"2023-07-11T15:54:19","date_gmt":"2023-07-11T18:54:19","guid":{"rendered":"https:\/\/tvtecjundiai.com.br\/news\/?p=112178"},"modified":"2023-07-14T09:46:06","modified_gmt":"2023-07-14T12:46:06","slug":"galpao-criativo-chega-a-6a-edicao-com-foco-na-inclusao-produtiva","status":"publish","type":"post","link":"https:\/\/tvtecjundiai.com.br\/news\/2023\/07\/11\/galpao-criativo-chega-a-6a-edicao-com-foco-na-inclusao-produtiva\/","title":{"rendered":"Galp\u00e3o Criativo chega \u00e0 6\u00aa edi\u00e7\u00e3o com foco na inclus\u00e3o produtiva"},"content":{"rendered":"\n<p><span style=\"font-size: revert;color: initial\">A Prefeitura de Jundia\u00ed e a Funda\u00e7\u00e3o Escola TVTEC promovem neste s\u00e1bado (15), das 10h \u00e0s 18h, a 6\u00aa edi\u00e7\u00e3o do Galp\u00e3o oferecendo aos criativos oportunidade para inclus\u00e3o produtiva, gera\u00e7\u00e3o de renda e valoriza\u00e7\u00e3o da autoestima. S\u00e3o aproximadamente 80 criativos dos mais diferentes ramos, entre eles, moda, artesanato e culin\u00e1ria. <\/span><\/p>\n\n\n\n<p><\/p>\n\n\n<p>O Galp\u00e3o faz parte do Programa de Qualifica\u00e7\u00e3o de Talentos e Pr\u00e9-Incubadora de Prosperidade Social de Ideias, Oficinas e Criatividade. As pessoas que est\u00e3o nesta edi\u00e7\u00e3o foram sorteadas depois de terem participado de uma maratona de qualifica\u00e7\u00e3o onde tiveram no\u00e7\u00f5es de cria\u00e7\u00e3o de conte\u00fado, imagem pessoal e profissional, ponto de venda e boas pr\u00e1ticas de manipula\u00e7\u00e3o de alimentos.<\/p>\n\n\n<figure class=\"wp-block-image size-large\"><img loading=\"lazy\" decoding=\"async\" width=\"1200\" height=\"800\" src=\"https:\/\/tvtecjundiai.com.br\/news\/wp-content\/uploads\/sites\/2\/2023\/07\/galpao3-1200x800.jpg\" alt=\"\" class=\"wp-image-112180\" srcset=\"https:\/\/tvtecjundiai.com.br\/news\/wp-content\/uploads\/sites\/2\/2023\/07\/galpao3-1200x800.jpg 1200w, https:\/\/tvtecjundiai.com.br\/news\/wp-content\/uploads\/sites\/2\/2023\/07\/galpao3-300x200.jpg 300w, https:\/\/tvtecjundiai.com.br\/news\/wp-content\/uploads\/sites\/2\/2023\/07\/galpao3-768x512.jpg 768w, https:\/\/tvtecjundiai.com.br\/news\/wp-content\/uploads\/sites\/2\/2023\/07\/galpao3.jpg 1280w\" sizes=\"auto, (max-width: 1200px) 100vw, 1200px\" \/><figcaption class=\"wp-element-caption\">Os participantes desta edi\u00e7\u00e3o foram sorteadas depois de terem participado de uma s\u00e9rie de qualifica\u00e7\u00f5es<\/figcaption><\/figure>\n\n\n\n<p><strong>Parceria <\/strong><\/p>\n\n\n\n<p>Durante o Galp\u00e3o, em a\u00e7\u00e3o in\u00e9dita, nove criativos de fam\u00edlias at\u00edpicas far\u00e3o parte do encontro. De culin\u00e1ria a artesanato, essas mulheres poder\u00e3o mostrar que podem gerar renda com o trabalho manual e ainda focar na autoestima dela e da fam\u00edlia. <\/p>\n\n\n\n<p>O encontro com fam\u00edlias at\u00edpicas, algumas que j\u00e1 fazem parte do projeto \u2018Meu Caminho Criativo\u2019, \u00e9 uma a\u00e7\u00e3o da Prefeitura de Jundia\u00ed por meio da FTVTEC, com a parceria da Unidade de Gest\u00e3o de Promo\u00e7\u00e3o da Sa\u00fade (UGPS), Unidade de Assist\u00eancia e Desenvolvimento Social (UGADS), e Unidade de Gest\u00e3o de Desenvolvimento Econ\u00f4mico, Ci\u00eancia e Tecnologia&nbsp;(UGDECT).<\/p>\n\n\n\n<p><strong>Programa\u00e7\u00e3o<\/strong><\/p>\n\n\n\n<p>Entre as atividades programadas para a 6\u00aa edi\u00e7\u00e3o, destaque para apresenta\u00e7\u00f5es culturais com apresenta\u00e7\u00e3o musical, com Gui Klinke, desfile pet, dan\u00e7a do ventre, al\u00e9m de aulas de StopMotion e CapCut, esses dentro do Projeto F\u00e9rias na TVTEC e oficinas de pompom e xilogravura. <\/p>\n\n\n\n<p><strong>Servi\u00e7o<\/strong><\/p>\n\n\n\n<p>Galp\u00e3o Criativo<\/p>\n\n\n\n<p>Endere\u00e7o: Avenida Dr. Cavalcanti, 396, Complexo Argos<\/p>\n\n\n\n<p>Data e hor\u00e1rio: s\u00e1bado (15), das 10h \u00e0s 18h. Entrada gratuita.<\/p>\n\n\n\n<p>Mais informa\u00e7\u00f5es acesse o Instagram: @galpaocriativojundiai<\/p>\n\n\n\n<p> <\/p>\n","protected":false},"excerpt":{"rendered":"<p>S\u00e3o aproximadamente 80 criativos dos mais diferentes ramos<\/p>\n","protected":false},"author":30,"featured_media":112179,"comment_status":"closed","ping_status":"0","sticky":false,"template":"","format":"standard","meta":{"footnotes":""},"categories":[2834,29,8362,5038,8363,8408,8356,1],"tags":[],"class_list":["post-112178","post","type-post","status-publish","format-standard","has-post-thumbnail","hentry","category-cidades","category-destaque","category-empreendedorismo","category-emprego","category-emprego-2","category-galpao-criativo","category-jundiai","category-noticias"],"_links":{"self":[{"href":"https:\/\/tvtecjundiai.com.br\/news\/wp-json\/wp\/v2\/posts\/112178","targetHints":{"allow":["GET"]}}],"collection":[{"href":"https:\/\/tvtecjundiai.com.br\/news\/wp-json\/wp\/v2\/posts"}],"about":[{"href":"https:\/\/tvtecjundiai.com.br\/news\/wp-json\/wp\/v2\/types\/post"}],"author":[{"embeddable":true,"href":"https:\/\/tvtecjundiai.com.br\/news\/wp-json\/wp\/v2\/users\/30"}],"replies":[{"embeddable":true,"href":"https:\/\/tvtecjundiai.com.br\/news\/wp-json\/wp\/v2\/comments?post=112178"}],"version-history":[{"count":7,"href":"https:\/\/tvtecjundiai.com.br\/news\/wp-json\/wp\/v2\/posts\/112178\/revisions"}],"predecessor-version":[{"id":112407,"href":"https:\/\/tvtecjundiai.com.br\/news\/wp-json\/wp\/v2\/posts\/112178\/revisions\/112407"}],"wp:featuredmedia":[{"embeddable":true,"href":"https:\/\/tvtecjundiai.com.br\/news\/wp-json\/wp\/v2\/media\/112179"}],"wp:attachment":[{"href":"https:\/\/tvtecjundiai.com.br\/news\/wp-json\/wp\/v2\/media?parent=112178"}],"wp:term":[{"taxonomy":"category","embeddable":true,"href":"https:\/\/tvtecjundiai.com.br\/news\/wp-json\/wp\/v2\/categories?post=112178"},{"taxonomy":"post_tag","embeddable":true,"href":"https:\/\/tvtecjundiai.com.br\/news\/wp-json\/wp\/v2\/tags?post=112178"}],"curies":[{"name":"wp","href":"https:\/\/api.w.org\/{rel}","templated":true}]}}