{"id":112198,"date":"2023-07-11T16:46:49","date_gmt":"2023-07-11T19:46:49","guid":{"rendered":"https:\/\/tvtecjundiai.com.br\/news\/?p=112198"},"modified":"2023-07-11T16:46:50","modified_gmt":"2023-07-11T19:46:50","slug":"espaco-cultura-traz-novas-propostas-formativas-virtuais-na-live-desta-semana","status":"publish","type":"post","link":"https:\/\/tvtecjundiai.com.br\/news\/2023\/07\/11\/espaco-cultura-traz-novas-propostas-formativas-virtuais-na-live-desta-semana\/","title":{"rendered":"\u201cEspa\u00e7o Cultura\u201d traz novas propostas formativas virtuais na live desta semana"},"content":{"rendered":"\n<p>A Live: \u201cEspa\u00e7o Cultura\u201d uma iniciativa da Unidade de Gest\u00e3o de Cultura (UGC) realizada semanalmente pela Diretoria de Cultura, \u00e0s quartas-feiras, com transmiss\u00e3o nos canais da UGC, no&nbsp;<a href=\"https:\/\/www.facebook.com\/culturajundiai\">Facebook<\/a>&nbsp;e&nbsp;<a href=\"https:\/\/www.youtube.com\/@culturajundiai8975\">YouTube<\/a>, das 16h \u00e0s 17h, chega neste dia 12, com tr\u00eas novos projetos art\u00edsticos contemplados em 2021 pelos editais municipais da Lei de Emerg\u00eancia Cultural Aldir Blanc,&nbsp;dos cerca de 210 selecionados.<\/p>\n\n\n\n<p>Na oportunidade, ser\u00e1 apresentado para artistas e outros trabalhadores de Cultura, bem como para o p\u00fablico em geral, projetos de Propostas Formativas Virtuais, dos artistas: Juliana Fernandes, Laercio da Cruz Matos Mojola e Bruna Dominicci Brito Oliveira.<\/p>\n\n\n\n<p>Segundo o diretor de Cultura, Jo\u00e3o Carlos de Luca, a proposta das lives \u00e9 a cada encontro disponibilizar os projetos contemplados, n\u00e3o s\u00f3 para divulgar os artistas e suas propostas, mas tamb\u00e9m promover o interc\u00e2mbio entre artistas de segmentos diferentes, gerando assim, uma reflex\u00e3o atualizada da produ\u00e7\u00e3o cultural em Jundia\u00ed. \u201cNesta live, vou abordar os Editais do Miss P\u00e9rola Negra 2023, e esclarecer d\u00favidas gerais, incluindo o Cadastro de Artistas e Projetos\u201d, finalizou o diretor.<\/p>\n\n\n<div class=\"wp-block-image\">\n<figure class=\"aligncenter size-full\"><img loading=\"lazy\" decoding=\"async\" width=\"895\" height=\"693\" src=\"https:\/\/tvtecjundiai.com.br\/news\/wp-content\/uploads\/sites\/2\/2023\/07\/cultura2.png\" alt=\"\" class=\"wp-image-112199\" srcset=\"https:\/\/tvtecjundiai.com.br\/news\/wp-content\/uploads\/sites\/2\/2023\/07\/cultura2.png 895w, https:\/\/tvtecjundiai.com.br\/news\/wp-content\/uploads\/sites\/2\/2023\/07\/cultura2-300x232.png 300w, https:\/\/tvtecjundiai.com.br\/news\/wp-content\/uploads\/sites\/2\/2023\/07\/cultura2-768x595.png 768w\" sizes=\"auto, (max-width: 895px) 100vw, 895px\" \/><figcaption class=\"wp-element-caption\">Juliana Fernandes apresenta o \u2018Figurino Teatral\u2019<\/figcaption><\/figure>\n<\/div>\n\n\n<p><strong>Os Projetos<\/strong><\/p>\n\n\n\n<p>Os v\u00eddeos dos projetos de Propostas Formativas Virtuais que ser\u00e3o apresentados essa semana s\u00e3o:<\/p>\n\n\n\n<p><strong>Juliana Fernandes, O Figurino Teatral<\/strong>&nbsp;\u2013 O v\u00eddeo abordar\u00e1 a import\u00e2ncia do figurino atrav\u00e9s da escolha das cores, texturas e formas, e a maneira que ela contribui para transmitir a situa\u00e7\u00e3o pol\u00edtica social, a esta\u00e7\u00e3o clim\u00e1tica e os aspectos psicol\u00f3gicos de cada personagem. Ser\u00e1 mostrado o processo de cria\u00e7\u00e3o, a rela\u00e7\u00e3o entre o figurinista\/ator e figurinista\/personagem. Ser\u00e3o apontados diversos caminhos e t\u00e9cnicas para a constru\u00e7\u00e3o do figurino pretendido, utilizando croquis e fotos de trabalhos realizados.<\/p>\n\n\n\n<p>&nbsp;<strong>Laercio da Cruz Matos Mojola, Oficina de Fantasia-&nbsp;<\/strong>oficina ser\u00e1 ministrada pelo carnavalesco da agremia\u00e7\u00e3o, faremos o registro com fotos e v\u00eddeo para publicarmos nas redes sociais particular do carnavalesco e da pr\u00f3pria agremia\u00e7\u00e3o. produziremos adere\u00e7os para o carnaval da agremia\u00e7\u00e3o. A oficina busca proporcionar ao p\u00fablico conhecimentos sobre variadas t\u00e9cnicas para a confec\u00e7\u00e3o de adere\u00e7os carnavalescos.<strong><\/strong><\/p>\n\n\n<div class=\"wp-block-image\">\n<figure class=\"aligncenter size-full\"><img loading=\"lazy\" decoding=\"async\" width=\"865\" height=\"697\" src=\"https:\/\/tvtecjundiai.com.br\/news\/wp-content\/uploads\/sites\/2\/2023\/07\/cultura3-1.png\" alt=\"\" class=\"wp-image-112201\" srcset=\"https:\/\/tvtecjundiai.com.br\/news\/wp-content\/uploads\/sites\/2\/2023\/07\/cultura3-1.png 865w, https:\/\/tvtecjundiai.com.br\/news\/wp-content\/uploads\/sites\/2\/2023\/07\/cultura3-1-300x242.png 300w, https:\/\/tvtecjundiai.com.br\/news\/wp-content\/uploads\/sites\/2\/2023\/07\/cultura3-1-768x619.png 768w\" sizes=\"auto, (max-width: 865px) 100vw, 865px\" \/><figcaption class=\"wp-element-caption\">Oficina de confec\u00e7\u00e3o de Chinchines com material recicl\u00e1vel faz parte da live desta quarta-feira (12)<\/figcaption><\/figure>\n<\/div>\n\n\n<p><strong>Bruna Dominicci Brito Oliveira, Oficina de confec\u00e7\u00e3o de Chinchines com material recicl\u00e1vel \u2013\u00a0<\/strong>Os Chinchines, tamb\u00e9m conhecidos como Crot\u00e1los, Zills, C\u00edmbalos ou Pratos de Dedos s\u00e3o pequenos c\u00edmbalos met\u00e1licos usados como percuss\u00e3o musical, tamb\u00e9m muito utilizados \u200b\u200bna dan\u00e7a do ventre e apresenta\u00e7\u00f5es semelhantes. Nessa oficina vamos produzir um par de Chinchines utilizando um material recicl\u00e1vel muito acess\u00edvel: Latinhas de Alum\u00ednio. A oficina tamb\u00e9m contempla um panorama hist\u00f3rico deste artefato e um pequeno Tutorial de como tocar o Ritmo \u00c1rabe BALADI no n\u00edvel B\u00e1sico.<\/p>\n\n\n\n<p><em><strong>Fonte \/ Imagem: Prefeitura de Jundia\u00ed<\/strong><\/em><\/p>\n","protected":false},"excerpt":{"rendered":"<p>A Live: \u201cEspa\u00e7o Cultura\u201d \u00e9 realizada semanalmente pela Diretoria de Cultura, \u00e0s quartas-feiras<\/p>\n","protected":false},"author":30,"featured_media":112199,"comment_status":"closed","ping_status":"0","sticky":false,"template":"","format":"standard","meta":{"footnotes":""},"categories":[1],"tags":[],"class_list":["post-112198","post","type-post","status-publish","format-standard","has-post-thumbnail","hentry","category-noticias"],"_links":{"self":[{"href":"https:\/\/tvtecjundiai.com.br\/news\/wp-json\/wp\/v2\/posts\/112198","targetHints":{"allow":["GET"]}}],"collection":[{"href":"https:\/\/tvtecjundiai.com.br\/news\/wp-json\/wp\/v2\/posts"}],"about":[{"href":"https:\/\/tvtecjundiai.com.br\/news\/wp-json\/wp\/v2\/types\/post"}],"author":[{"embeddable":true,"href":"https:\/\/tvtecjundiai.com.br\/news\/wp-json\/wp\/v2\/users\/30"}],"replies":[{"embeddable":true,"href":"https:\/\/tvtecjundiai.com.br\/news\/wp-json\/wp\/v2\/comments?post=112198"}],"version-history":[{"count":1,"href":"https:\/\/tvtecjundiai.com.br\/news\/wp-json\/wp\/v2\/posts\/112198\/revisions"}],"predecessor-version":[{"id":112202,"href":"https:\/\/tvtecjundiai.com.br\/news\/wp-json\/wp\/v2\/posts\/112198\/revisions\/112202"}],"wp:featuredmedia":[{"embeddable":true,"href":"https:\/\/tvtecjundiai.com.br\/news\/wp-json\/wp\/v2\/media\/112199"}],"wp:attachment":[{"href":"https:\/\/tvtecjundiai.com.br\/news\/wp-json\/wp\/v2\/media?parent=112198"}],"wp:term":[{"taxonomy":"category","embeddable":true,"href":"https:\/\/tvtecjundiai.com.br\/news\/wp-json\/wp\/v2\/categories?post=112198"},{"taxonomy":"post_tag","embeddable":true,"href":"https:\/\/tvtecjundiai.com.br\/news\/wp-json\/wp\/v2\/tags?post=112198"}],"curies":[{"name":"wp","href":"https:\/\/api.w.org\/{rel}","templated":true}]}}