{"id":112206,"date":"2023-07-11T18:03:02","date_gmt":"2023-07-11T21:03:02","guid":{"rendered":"https:\/\/tvtecjundiai.com.br\/news\/?p=112206"},"modified":"2023-07-11T18:03:03","modified_gmt":"2023-07-11T21:03:03","slug":"licenciamento-ambiental-e-regularizacao-da-atividade-sao-temas-de-encontro-com-produtores-rurais","status":"publish","type":"post","link":"https:\/\/tvtecjundiai.com.br\/news\/2023\/07\/11\/licenciamento-ambiental-e-regularizacao-da-atividade-sao-temas-de-encontro-com-produtores-rurais\/","title":{"rendered":"Licenciamento ambiental e regulariza\u00e7\u00e3o da atividade s\u00e3o temas de encontro com produtores rurais"},"content":{"rendered":"\n<p>Nesta ter\u00e7a-feira (11), produtores rurais de Jundia\u00ed e associados da Cooperativa dos Produtores de Vinho (AVA) foram recebidos, na Prefeitura de Jundia\u00ed, para alinhamento referente a licenciamentos ambientais e regulariza\u00e7\u00e3o necess\u00e1rios para nova formaliza\u00e7\u00e3o das vin\u00edcolas integrantes da cooperativa.<\/p>\n\n\n\n<p>Os produtores da AVA, hoje, t\u00eam um registro \u00fanico no Minist\u00e9rio da Agricultura e Pecu\u00e1ria (MAPA), mas dever\u00e3o requerer o registro da produ\u00e7\u00e3o de vinho em propriedade rural individualmente, de forma com que cada propriedade tenha a sua licen\u00e7a. A mudan\u00e7a se deu ap\u00f3s recomenda\u00e7\u00e3o do Minist\u00e9rio.&nbsp;<\/p>\n\n\n<div class=\"wp-block-image\">\n<figure class=\"aligncenter size-large\"><img loading=\"lazy\" decoding=\"async\" width=\"1200\" height=\"801\" src=\"https:\/\/tvtecjundiai.com.br\/news\/wp-content\/uploads\/sites\/2\/2023\/07\/reuniao_agronegocio_produtores_ava_pa-5-1280x854-1-1200x801.jpg\" alt=\"\" class=\"wp-image-112207\" srcset=\"https:\/\/tvtecjundiai.com.br\/news\/wp-content\/uploads\/sites\/2\/2023\/07\/reuniao_agronegocio_produtores_ava_pa-5-1280x854-1-1200x801.jpg 1200w, https:\/\/tvtecjundiai.com.br\/news\/wp-content\/uploads\/sites\/2\/2023\/07\/reuniao_agronegocio_produtores_ava_pa-5-1280x854-1-300x200.jpg 300w, https:\/\/tvtecjundiai.com.br\/news\/wp-content\/uploads\/sites\/2\/2023\/07\/reuniao_agronegocio_produtores_ava_pa-5-1280x854-1-768x512.jpg 768w, https:\/\/tvtecjundiai.com.br\/news\/wp-content\/uploads\/sites\/2\/2023\/07\/reuniao_agronegocio_produtores_ava_pa-5-1280x854-1.jpg 1280w\" sizes=\"auto, (max-width: 1200px) 100vw, 1200px\" \/><figcaption class=\"wp-element-caption\">Licenciamento ambiental e regulariza\u00e7\u00e3o da atividade s\u00e3o temas de encontro com produtores rurais<\/figcaption><\/figure>\n<\/div>\n\n\n<p>\u201cA nossa inten\u00e7\u00e3o, enquanto poder p\u00fablico, \u00e9 que essa constru\u00e7\u00e3o, que \u00e9 individual, seja feita em bloco, para que os processos sejam realizados de forma mais c\u00e9lere. E para que os produtores tamb\u00e9m sejam auxiliados no processo\u201d, informou o gestor de Agroneg\u00f3cio, Abastecimento e Turismo, Eduardo Alvarez.\u00a0<\/p>\n\n\n\n<p>Tamb\u00e9m participaram da reuni\u00e3o o gestor de Governo e Finan\u00e7as, Jos\u00e9 Ant\u00f4nio Parimoschi; o de Planejamento Urbano e Meio Ambiente, Sin\u00e9sio Scarabello Filho, al\u00e9m de t\u00e9cnicos da Unidade de Agroneg\u00f3cio, Abastecimento e Turismo (UGAAT), Governo e Finan\u00e7as (UGGF) e Departamento de Obras.<\/p>\n\n\n\n<p>Produtores rurais integrantes da Cooperativa e que t\u00eam d\u00favidas sobre os processos podem entrar em contato com a Unidade de Agroneg\u00f3cio, Abastecimento e Turismo, que fica no Pa\u00e7o Municipal \u2013 5\u00ba andar \u2013 Ala Norte, das 9h \u00e0s 17h. Ou ent\u00e3o pelos telefones: 11 4589-8581\/8872\/8692.<\/p>\n\n\n\n<p><strong><em>Fonte \/ Imagem: Prefeitura de Jundia\u00ed<\/em><\/strong><\/p>\n","protected":false},"excerpt":{"rendered":"<p>Licenciamento ambiental e regulariza\u00e7\u00e3o da atividade s\u00e3o temas de encontro com produtores rurais<\/p>\n","protected":false},"author":30,"featured_media":112207,"comment_status":"closed","ping_status":"0","sticky":false,"template":"","format":"standard","meta":{"footnotes":""},"categories":[8356,1],"tags":[],"class_list":["post-112206","post","type-post","status-publish","format-standard","has-post-thumbnail","hentry","category-jundiai","category-noticias"],"_links":{"self":[{"href":"https:\/\/tvtecjundiai.com.br\/news\/wp-json\/wp\/v2\/posts\/112206","targetHints":{"allow":["GET"]}}],"collection":[{"href":"https:\/\/tvtecjundiai.com.br\/news\/wp-json\/wp\/v2\/posts"}],"about":[{"href":"https:\/\/tvtecjundiai.com.br\/news\/wp-json\/wp\/v2\/types\/post"}],"author":[{"embeddable":true,"href":"https:\/\/tvtecjundiai.com.br\/news\/wp-json\/wp\/v2\/users\/30"}],"replies":[{"embeddable":true,"href":"https:\/\/tvtecjundiai.com.br\/news\/wp-json\/wp\/v2\/comments?post=112206"}],"version-history":[{"count":1,"href":"https:\/\/tvtecjundiai.com.br\/news\/wp-json\/wp\/v2\/posts\/112206\/revisions"}],"predecessor-version":[{"id":112208,"href":"https:\/\/tvtecjundiai.com.br\/news\/wp-json\/wp\/v2\/posts\/112206\/revisions\/112208"}],"wp:featuredmedia":[{"embeddable":true,"href":"https:\/\/tvtecjundiai.com.br\/news\/wp-json\/wp\/v2\/media\/112207"}],"wp:attachment":[{"href":"https:\/\/tvtecjundiai.com.br\/news\/wp-json\/wp\/v2\/media?parent=112206"}],"wp:term":[{"taxonomy":"category","embeddable":true,"href":"https:\/\/tvtecjundiai.com.br\/news\/wp-json\/wp\/v2\/categories?post=112206"},{"taxonomy":"post_tag","embeddable":true,"href":"https:\/\/tvtecjundiai.com.br\/news\/wp-json\/wp\/v2\/tags?post=112206"}],"curies":[{"name":"wp","href":"https:\/\/api.w.org\/{rel}","templated":true}]}}