{"id":112209,"date":"2023-07-11T18:08:46","date_gmt":"2023-07-11T21:08:46","guid":{"rendered":"https:\/\/tvtecjundiai.com.br\/news\/?p=112209"},"modified":"2023-07-11T18:08:46","modified_gmt":"2023-07-11T21:08:46","slug":"jovens-da-guardinha-conversam-com-prefeito-e-conhecem-o-paco-municipal","status":"publish","type":"post","link":"https:\/\/tvtecjundiai.com.br\/news\/2023\/07\/11\/jovens-da-guardinha-conversam-com-prefeito-e-conhecem-o-paco-municipal\/","title":{"rendered":"Jovens da Guardinha conversam com Prefeito e conhecem o Pa\u00e7o Municipal"},"content":{"rendered":"\n<p>Nesta segunda (10) e ter\u00e7a-feira (11), aproximadamente 100 jovens integrantes da Guardinha (Associa\u00e7\u00e3o de Educa\u00e7\u00e3o do Homem de Amanh\u00e3) de Jundia\u00ed vieram ao Pa\u00e7o Municipal para conhecer as instala\u00e7\u00f5es do pr\u00e9dio, a estrutura institucional da gest\u00e3o, o desenvolvimento de pol\u00edticas p\u00fablicas e conversar com o Prefeito Luiz Fernando Machado. A visita foi promovida pela Assessoria de Pol\u00edticas para a Juventude, que est\u00e1 ligada \u00e0 Unidade de Gest\u00e3o da Casa Civil (UGCC).<\/p>\n\n\n\n<p>A primeira parada do encontro foi no gabinete e o Chefe do Executivo explicou o funcionamento das Unidades de Gest\u00e3o, tirou d\u00favidas sobre a rotina do trabalho e falou dos principais desafios do cargo. \u201cA aproxima\u00e7\u00e3o com os jovens \u00e9 uma pr\u00e1tica que tem sido estimulada desde o in\u00edcio da gest\u00e3o. \u00c9 fundamental que eles participem ativamente no desenvolvimento de pol\u00edticas p\u00fablicas, conhe\u00e7am os espa\u00e7os p\u00fablicos e aponte para n\u00f3s como podemos deixar Jundia\u00ed cada vez mais acolhedor para eles\u201d, afirma.<\/p>\n\n\n<div class=\"wp-block-image\">\n<figure class=\"aligncenter size-large\"><img loading=\"lazy\" decoding=\"async\" width=\"1200\" height=\"801\" src=\"https:\/\/tvtecjundiai.com.br\/news\/wp-content\/uploads\/sites\/2\/2023\/07\/visita_guardinha_paco_m_-13-1-1280x854-1-1200x801.jpg\" alt=\"\" class=\"wp-image-112210\" srcset=\"https:\/\/tvtecjundiai.com.br\/news\/wp-content\/uploads\/sites\/2\/2023\/07\/visita_guardinha_paco_m_-13-1-1280x854-1-1200x801.jpg 1200w, https:\/\/tvtecjundiai.com.br\/news\/wp-content\/uploads\/sites\/2\/2023\/07\/visita_guardinha_paco_m_-13-1-1280x854-1-300x200.jpg 300w, https:\/\/tvtecjundiai.com.br\/news\/wp-content\/uploads\/sites\/2\/2023\/07\/visita_guardinha_paco_m_-13-1-1280x854-1-768x512.jpg 768w, https:\/\/tvtecjundiai.com.br\/news\/wp-content\/uploads\/sites\/2\/2023\/07\/visita_guardinha_paco_m_-13-1-1280x854-1.jpg 1280w\" sizes=\"auto, (max-width: 1200px) 100vw, 1200px\" \/><figcaption class=\"wp-element-caption\">Prefeito Luiz Fernando Machado recebeu os jovens da Guardinha no gabinete<\/figcaption><\/figure>\n<\/div>\n\n\n<p>A visita foi finalizada no audit\u00f3rio, onde os jovens assistiram palestras com temas variados. As assessoras Let\u00edcia Branco (Juventude) e Alessandra Citelli (Idoso) explicaram o conceito de intergeracionalidade e as pol\u00edticas para fomentar o respeito entre jovens e idosos. J\u00e1 os assessores Jensen Silva (Igualdade Racial) e Kelly Galbieri (Diversidade Sexual) falaram dos preconceitos e como combate-los com a\u00e7\u00f5es desenvolvidas desde a inf\u00e2ncia. Por fim, o Diretor de Cultura, Jo\u00e3o de Luca, explicou os principais projetos desenvolvidos pela Unidade de Gest\u00e3o e quais s\u00e3o os principais eventos da cidade.<\/p>\n\n\n\n<p>\u201cProporcionar aos jovens momentos para entender o funcionamento da gest\u00e3o e do desenvolvimento de pol\u00edticas p\u00fablicas \u00e9 muito importante, pois d\u00e1 a eles base para entender os seus direitos e deveres em busca de um futuro melhor\u201d, avalia Let\u00edcia.<\/p>\n\n\n<div class=\"wp-block-image\">\n<figure class=\"aligncenter size-large\"><img loading=\"lazy\" decoding=\"async\" width=\"1200\" height=\"801\" src=\"https:\/\/tvtecjundiai.com.br\/news\/wp-content\/uploads\/sites\/2\/2023\/07\/visita_guardinha_paco_m_-12-1-1280x854-1-1200x801.jpg\" alt=\"\" class=\"wp-image-112211\" srcset=\"https:\/\/tvtecjundiai.com.br\/news\/wp-content\/uploads\/sites\/2\/2023\/07\/visita_guardinha_paco_m_-12-1-1280x854-1-1200x801.jpg 1200w, https:\/\/tvtecjundiai.com.br\/news\/wp-content\/uploads\/sites\/2\/2023\/07\/visita_guardinha_paco_m_-12-1-1280x854-1-300x200.jpg 300w, https:\/\/tvtecjundiai.com.br\/news\/wp-content\/uploads\/sites\/2\/2023\/07\/visita_guardinha_paco_m_-12-1-1280x854-1-768x512.jpg 768w, https:\/\/tvtecjundiai.com.br\/news\/wp-content\/uploads\/sites\/2\/2023\/07\/visita_guardinha_paco_m_-12-1-1280x854-1.jpg 1280w\" sizes=\"auto, (max-width: 1200px) 100vw, 1200px\" \/><figcaption class=\"wp-element-caption\">Intergeracionalidade foi um dos temas discutidos com os jovens em palestra<\/figcaption><\/figure>\n<\/div>\n\n\n<p>Sara Mili, de 19 anos, foi uma das participantes e contou j\u00e1 ter participado de eventos da cidade, como a 25\u00aa edi\u00e7\u00e3o do Enredan\u00e7a. \u201cMuito interessante conhecer a estrutura do Pa\u00e7o Municipal, as pessoas que trabalham aqui e o dia a dia de cada uma. Entender o passo a passo at\u00e9 as decis\u00f5es tomadas pela gest\u00e3o foi bastante enriquecedor\u201d, comenta a garota.<\/p>\n\n\n\n<p><strong><em>Fonte \/ Imagem: Prefeitura de Jundia\u00ed<\/em><\/strong><\/p>\n","protected":false},"excerpt":{"rendered":"<p>Prefeito Luiz Fernando Machado recebeu os jovens da Guardinha no gabinete<\/p>\n","protected":false},"author":30,"featured_media":112210,"comment_status":"closed","ping_status":"0","sticky":false,"template":"","format":"standard","meta":{"footnotes":""},"categories":[8356,1],"tags":[],"class_list":["post-112209","post","type-post","status-publish","format-standard","has-post-thumbnail","hentry","category-jundiai","category-noticias"],"_links":{"self":[{"href":"https:\/\/tvtecjundiai.com.br\/news\/wp-json\/wp\/v2\/posts\/112209","targetHints":{"allow":["GET"]}}],"collection":[{"href":"https:\/\/tvtecjundiai.com.br\/news\/wp-json\/wp\/v2\/posts"}],"about":[{"href":"https:\/\/tvtecjundiai.com.br\/news\/wp-json\/wp\/v2\/types\/post"}],"author":[{"embeddable":true,"href":"https:\/\/tvtecjundiai.com.br\/news\/wp-json\/wp\/v2\/users\/30"}],"replies":[{"embeddable":true,"href":"https:\/\/tvtecjundiai.com.br\/news\/wp-json\/wp\/v2\/comments?post=112209"}],"version-history":[{"count":1,"href":"https:\/\/tvtecjundiai.com.br\/news\/wp-json\/wp\/v2\/posts\/112209\/revisions"}],"predecessor-version":[{"id":112212,"href":"https:\/\/tvtecjundiai.com.br\/news\/wp-json\/wp\/v2\/posts\/112209\/revisions\/112212"}],"wp:featuredmedia":[{"embeddable":true,"href":"https:\/\/tvtecjundiai.com.br\/news\/wp-json\/wp\/v2\/media\/112210"}],"wp:attachment":[{"href":"https:\/\/tvtecjundiai.com.br\/news\/wp-json\/wp\/v2\/media?parent=112209"}],"wp:term":[{"taxonomy":"category","embeddable":true,"href":"https:\/\/tvtecjundiai.com.br\/news\/wp-json\/wp\/v2\/categories?post=112209"},{"taxonomy":"post_tag","embeddable":true,"href":"https:\/\/tvtecjundiai.com.br\/news\/wp-json\/wp\/v2\/tags?post=112209"}],"curies":[{"name":"wp","href":"https:\/\/api.w.org\/{rel}","templated":true}]}}