{"id":112226,"date":"2023-07-12T10:42:31","date_gmt":"2023-07-12T13:42:31","guid":{"rendered":"https:\/\/tvtecjundiai.com.br\/news\/?p=112226"},"modified":"2023-07-12T10:42:32","modified_gmt":"2023-07-12T13:42:32","slug":"jundiai-chega-ao-ultimo-dia-de-jogos-regionais-em-duas-finais-e-na-2a-colocacao-geral","status":"publish","type":"post","link":"https:\/\/tvtecjundiai.com.br\/news\/2023\/07\/12\/jundiai-chega-ao-ultimo-dia-de-jogos-regionais-em-duas-finais-e-na-2a-colocacao-geral\/","title":{"rendered":"Jundia\u00ed chega ao \u00faltimo dia de Jogos Regionais em duas finais e na 2\u00aa coloca\u00e7\u00e3o geral"},"content":{"rendered":"\n<p>Os Jogos Regionais de Boituva, Cerquilho e Tiet\u00ea chegam ao \u00faltimo dia de disputas nesta quarta-feira (12) e Jundia\u00ed marcar\u00e1 presen\u00e7a em algumas finais, como no v\u00f4lei feminino e no handebol masculino. O v\u00f4lei masculino disputa a medalha de bronze. Na luta pelo t\u00edtulo geral da competi\u00e7\u00e3o, Jundia\u00ed se mant\u00e9m na segunda coloca\u00e7\u00e3o, com 139 pontos (62 do masculino e 77 do feminino), atr\u00e1s apenas de Sorocaba, com 187 (94 no feminino e 93 no masculino), e a frente de Itapetininga, com 74 (36 no masculino e 28 no feminino).<\/p>\n\n\n\n<p>O v\u00f4lei feminino sub-21 bateu Cerquilho por 3 sets a\u00a00 na semifinal, com parciais de 25\/13, 25\/23 e 25\/08, e garantiu uma vaga na decis\u00e3o desta quarta (12). O time, comandado pelo t\u00e9cnico Ademir Zamboni, jogou e venceu com Bruna, Amanda, Giulia, Bruna, Anna, Duda e a l\u00edbero Giuliana. Entraram Mirelly, Mariana, Camila, Isabella, Gabriela, Giovana e Kemilly.<\/p>\n\n\n<div class=\"wp-block-image\">\n<figure class=\"aligncenter size-full\"><img loading=\"lazy\" decoding=\"async\" width=\"1024\" height=\"576\" src=\"https:\/\/tvtecjundiai.com.br\/news\/wp-content\/uploads\/sites\/2\/2023\/07\/volei-finalista-11-07.jpg\" alt=\"\" class=\"wp-image-112227\" srcset=\"https:\/\/tvtecjundiai.com.br\/news\/wp-content\/uploads\/sites\/2\/2023\/07\/volei-finalista-11-07.jpg 1024w, https:\/\/tvtecjundiai.com.br\/news\/wp-content\/uploads\/sites\/2\/2023\/07\/volei-finalista-11-07-300x169.jpg 300w, https:\/\/tvtecjundiai.com.br\/news\/wp-content\/uploads\/sites\/2\/2023\/07\/volei-finalista-11-07-768x432.jpg 768w\" sizes=\"auto, (max-width: 1024px) 100vw, 1024px\" \/><figcaption class=\"wp-element-caption\">A equipe jundiaiense de v\u00f4lei fez uma grande partida contra Cerquilho e venceu por 3 sets a 0<\/figcaption><\/figure>\n<\/div>\n\n\n<p><\/p>\n\n\n\n<p>O handebol masculino venceu Itu por 22 a 16 na semifinal e tamb\u00e9m garantiu presen\u00e7a na final desta quarta (12). O time, comandando pelo t\u00e9cnico Cl\u00f3vis Pedroso, contou com Gabriel, Jo\u00e3o, Bruno, Cl\u00e9ber, Guilherme, Jorge, L\u00e9o, Prado, Vin\u00edcius, Wendell, Alan, Felipe.<\/p>\n\n\n<div class=\"wp-block-image\">\n<figure class=\"aligncenter size-large\"><img loading=\"lazy\" decoding=\"async\" width=\"1200\" height=\"900\" src=\"https:\/\/tvtecjundiai.com.br\/news\/wp-content\/uploads\/sites\/2\/2023\/07\/handebol-finalista-11-07-1-1267x950-1-1200x900.jpg\" alt=\"\" class=\"wp-image-112228\" srcset=\"https:\/\/tvtecjundiai.com.br\/news\/wp-content\/uploads\/sites\/2\/2023\/07\/handebol-finalista-11-07-1-1267x950-1-1200x900.jpg 1200w, https:\/\/tvtecjundiai.com.br\/news\/wp-content\/uploads\/sites\/2\/2023\/07\/handebol-finalista-11-07-1-1267x950-1-300x225.jpg 300w, https:\/\/tvtecjundiai.com.br\/news\/wp-content\/uploads\/sites\/2\/2023\/07\/handebol-finalista-11-07-1-1267x950-1-768x576.jpg 768w, https:\/\/tvtecjundiai.com.br\/news\/wp-content\/uploads\/sites\/2\/2023\/07\/handebol-finalista-11-07-1-1267x950-1.jpg 1267w\" sizes=\"auto, (max-width: 1200px) 100vw, 1200px\" \/><figcaption class=\"wp-element-caption\">Depois de bater Itu, o handebol masculino de Jundia\u00ed luta pela medalha de ouro na final desta quarta (12)<\/figcaption><\/figure>\n<\/div>\n\n\n<p><\/p>\n\n\n\n<p>J\u00e1 o v\u00f4lei masculino foi derrotado por Cerquilho por 3 sets a 0, parciais de 25\/20, 25\/16 e \u00a025\/21, na semifinal e agora busca a medalha de bronze.<\/p>\n\n\n\n<p>O t\u00eanis de Jundia\u00ed ficou com a medalha de prata no masculino sub-21 e tamb\u00e9m no feminino. O masculino perdeu a final para Itapetininga por 2 a 1, ap\u00f3s 4h57min de jogo. A equipe foi formada por Rafael Sibinel, Felipe Cunha, Gustavo Frazato e Pedro Oliveira. J\u00e1 o feminino perdeu para Itapetininga por 2 a 0. A equipe foi formada por Valentina Carotta e Lorena Orsi.<\/p>\n\n\n\n<p><strong>Carat\u00ea campe\u00e3o<\/strong><\/p>\n\n\n\n<p>\u00a0O carat\u00ea masculino de Jundia\u00ed foi campe\u00e3o geral nesta ter\u00e7a-feira (11) com um total de oito medalhas, sendo quatro de ouro, tr\u00eas de prata e uma de bronze.<\/p>\n\n\n\n<p>Comandados pelos\u00a0t\u00e9cnicos Anderson Luis Bogniotti e C\u00e1ssio Guilherme Bogniotti, os atletas conseguiram as seguintes medalhas: <strong>ouro<\/strong>\u00a0no kata individual \u2013 \u00a0Victor William Teodoro de Andrade;\u00a0<strong>ouro<\/strong>\u00a0no kata masculino por equipe com Victor William, Willyan Lopes e Il\u00e3 Santos;<strong>\u00a0ouro<\/strong>\u00a0no shiai kumite +84kg com Victor William Teodoro de Andrade;\u00a0<strong>ouro<\/strong>\u00a0no kumite absoluto com Grigor Gabriel Viana Lima Oliveira;<strong>\u00a0prata<\/strong>\u00a0no kumite individual -60kg com Leonardo Amaral Lima;\u00a0<strong>prata<\/strong>\u00a0no kumite equipe com Leonardo Zeller, Leonardo Amaral, Mateus, Grigor,\u00a0 Victor e Il\u00e3 Santos;\u00a0<strong>prata<\/strong>\u00a0no kumite 67 a 75kg com Mateus Gomes Hein;\u00a0<strong>bronze<\/strong>\u00a0no kumite 75 a 84kg com Grigor Gabriel Viana Lima Oliveira; 4\u00ba lugar no kumite 60kg a 67kg com Leonardo da Silva Zeller.<\/p>\n\n\n<div class=\"wp-block-image\">\n<figure class=\"aligncenter size-large\"><img loading=\"lazy\" decoding=\"async\" width=\"1200\" height=\"823\" src=\"https:\/\/tvtecjundiai.com.br\/news\/wp-content\/uploads\/sites\/2\/2023\/07\/carate-campeao-11-07-1200x823.jpg\" alt=\"\" class=\"wp-image-112229\" srcset=\"https:\/\/tvtecjundiai.com.br\/news\/wp-content\/uploads\/sites\/2\/2023\/07\/carate-campeao-11-07-1200x823.jpg 1200w, https:\/\/tvtecjundiai.com.br\/news\/wp-content\/uploads\/sites\/2\/2023\/07\/carate-campeao-11-07-300x206.jpg 300w, https:\/\/tvtecjundiai.com.br\/news\/wp-content\/uploads\/sites\/2\/2023\/07\/carate-campeao-11-07-768x527.jpg 768w, https:\/\/tvtecjundiai.com.br\/news\/wp-content\/uploads\/sites\/2\/2023\/07\/carate-campeao-11-07.jpg 1280w\" sizes=\"auto, (max-width: 1200px) 100vw, 1200px\" \/><figcaption class=\"wp-element-caption\">Carat\u00ea conquistou oito medalhas, sendo quatro de ouro, tr\u00eas de prata e uma de bronze<\/figcaption><\/figure>\n<\/div>\n\n\n<p><\/p>\n\n\n\n<p><strong>Classifica\u00e7\u00e3o das dez melhores cidades:<\/strong><\/p>\n\n\n\n<p>1\u00ba Sorocaba \u2013 187<\/p>\n\n\n\n<p>2\u00ba Jundia\u00ed \u2013 139<\/p>\n\n\n\n<p>3\u00ba Itapetininga \u2013 74<\/p>\n\n\n\n<p>4\u00ba Itu \u2013&nbsp; 62<\/p>\n\n\n\n<p>5\u00ba Avar\u00e9 \u2013 60<\/p>\n\n\n\n<p>6\u00ba Cerquilho \u2013 52<\/p>\n\n\n\n<p>7\u00ba Boituva \u2013 50<\/p>\n\n\n\n<p>8\u00ba Roque \u2013 39<\/p>\n\n\n\n<p>9\u00ba Registro \u2013 38<\/p>\n\n\n\n<p>10\u00ba Salto&nbsp; \u2013 22<\/p>\n\n\n\n<p><strong><em>(Fonte: Prefeitura de Jundia\u00ed\/Imagens: Divulga\u00e7\u00e3o)<\/em><\/strong><\/p>\n","protected":false},"excerpt":{"rendered":"<p>Os Jogos Regionais de Boituva, Cerquilho e Tiet\u00ea terminam nesta quarta (12)<\/p>\n","protected":false},"author":30,"featured_media":112227,"comment_status":"closed","ping_status":"0","sticky":false,"template":"","format":"standard","meta":{"footnotes":""},"categories":[2827,8356,1],"tags":[],"class_list":["post-112226","post","type-post","status-publish","format-standard","has-post-thumbnail","hentry","category-esportes-e-lazer","category-jundiai","category-noticias"],"_links":{"self":[{"href":"https:\/\/tvtecjundiai.com.br\/news\/wp-json\/wp\/v2\/posts\/112226","targetHints":{"allow":["GET"]}}],"collection":[{"href":"https:\/\/tvtecjundiai.com.br\/news\/wp-json\/wp\/v2\/posts"}],"about":[{"href":"https:\/\/tvtecjundiai.com.br\/news\/wp-json\/wp\/v2\/types\/post"}],"author":[{"embeddable":true,"href":"https:\/\/tvtecjundiai.com.br\/news\/wp-json\/wp\/v2\/users\/30"}],"replies":[{"embeddable":true,"href":"https:\/\/tvtecjundiai.com.br\/news\/wp-json\/wp\/v2\/comments?post=112226"}],"version-history":[{"count":1,"href":"https:\/\/tvtecjundiai.com.br\/news\/wp-json\/wp\/v2\/posts\/112226\/revisions"}],"predecessor-version":[{"id":112231,"href":"https:\/\/tvtecjundiai.com.br\/news\/wp-json\/wp\/v2\/posts\/112226\/revisions\/112231"}],"wp:featuredmedia":[{"embeddable":true,"href":"https:\/\/tvtecjundiai.com.br\/news\/wp-json\/wp\/v2\/media\/112227"}],"wp:attachment":[{"href":"https:\/\/tvtecjundiai.com.br\/news\/wp-json\/wp\/v2\/media?parent=112226"}],"wp:term":[{"taxonomy":"category","embeddable":true,"href":"https:\/\/tvtecjundiai.com.br\/news\/wp-json\/wp\/v2\/categories?post=112226"},{"taxonomy":"post_tag","embeddable":true,"href":"https:\/\/tvtecjundiai.com.br\/news\/wp-json\/wp\/v2\/tags?post=112226"}],"curies":[{"name":"wp","href":"https:\/\/api.w.org\/{rel}","templated":true}]}}