{"id":112270,"date":"2023-07-12T15:53:27","date_gmt":"2023-07-12T18:53:27","guid":{"rendered":"https:\/\/tvtecjundiai.com.br\/news\/?p=112270"},"modified":"2023-07-12T15:53:28","modified_gmt":"2023-07-12T18:53:28","slug":"qualidade-de-vida-nos-terminais-disponibiliza-acoes-de-saude-e-diversao-a-usuarios","status":"publish","type":"post","link":"https:\/\/tvtecjundiai.com.br\/news\/2023\/07\/12\/qualidade-de-vida-nos-terminais-disponibiliza-acoes-de-saude-e-diversao-a-usuarios\/","title":{"rendered":"Qualidade de Vida nos Terminais disponibiliza a\u00e7\u00f5es de sa\u00fade e divers\u00e3o a usu\u00e1rios"},"content":{"rendered":"\n<p>A Unidade de Gest\u00e3o de Mobilidade e Transporte (UGMT) dar\u00e1 in\u00edcio, neste s\u00e1bado (15), das 8h \u00e0s 13h, ao programa Qualidade de Vida nos Terminais, visando proporcionar a\u00e7\u00f5es gratuitas de sa\u00fade e divers\u00e3o aos usu\u00e1rios do transporte coletivo. O Terminal Hortol\u00e2ndia ser\u00e1 a primeira parada do programa que, em parceria com a Unidade de Gest\u00e3o de Promo\u00e7\u00e3o da Sa\u00fade (UGPS), e com apoio do Sindicato dos Rodovi\u00e1rios de Jundia\u00ed e Regi\u00e3o, ser\u00e1 realizado em todos os terminais municipais, at\u00e9 o fim do ano.<\/p>\n\n\n\n<p>Com exames m\u00e9dicos, como aferi\u00e7\u00e3o de press\u00e3o, orienta\u00e7\u00f5es de higiene bucal e nutricionais, bem como a confer\u00eancia da carteira de vacina\u00e7\u00e3o e aplica\u00e7\u00e3o de vacinas, o programa ser\u00e1 uma oportunidade para os passageiros cuidarem da sa\u00fade, enquanto aguardam pelos \u00f4nibus. Al\u00e9m disso, as crian\u00e7as poder\u00e3o se divertir com o mascote da UGMT, Vaguinho, e o mascote da UGPS, Z\u00e9 Gotinha.<\/p>\n\n\n<div class=\"wp-block-image\">\n<figure class=\"aligncenter size-large\"><img loading=\"lazy\" decoding=\"async\" width=\"1200\" height=\"767\" src=\"https:\/\/tvtecjundiai.com.br\/news\/wp-content\/uploads\/sites\/2\/2023\/07\/terminal-hortolandia-1280x818-1-1200x767.jpg\" alt=\"\" class=\"wp-image-112271\" srcset=\"https:\/\/tvtecjundiai.com.br\/news\/wp-content\/uploads\/sites\/2\/2023\/07\/terminal-hortolandia-1280x818-1-1200x767.jpg 1200w, https:\/\/tvtecjundiai.com.br\/news\/wp-content\/uploads\/sites\/2\/2023\/07\/terminal-hortolandia-1280x818-1-300x192.jpg 300w, https:\/\/tvtecjundiai.com.br\/news\/wp-content\/uploads\/sites\/2\/2023\/07\/terminal-hortolandia-1280x818-1-768x491.jpg 768w, https:\/\/tvtecjundiai.com.br\/news\/wp-content\/uploads\/sites\/2\/2023\/07\/terminal-hortolandia-1280x818-1.jpg 1280w\" sizes=\"auto, (max-width: 1200px) 100vw, 1200px\" \/><figcaption class=\"wp-element-caption\">Terminal Hortol\u00e2ndia receber\u00e1, neste s\u00e1bado, a\u00e7\u00f5es de sa\u00fade e divers\u00e3o para os usu\u00e1rios de \u00f4nibus<\/figcaption><\/figure>\n<\/div>\n\n\n<p>\u201cCom esse programa, o objetivo \u00e9 ampliar e facilitar o acesso da popula\u00e7\u00e3o a servi\u00e7os p\u00fablicos. Essa \u00e9 uma das prioridades do governo do prefeito Luiz Fernando Machado, levar diferentes atendimentos em locais com grande circula\u00e7\u00e3o de pessoas, e os terminais de \u00f4nibus s\u00e3o pontos estrat\u00e9gicos para atendermos fam\u00edlias e trabalhadores\u201d, afirma o gestor de Mobilidade e Transporte, Aloysio Queiroz.<\/p>\n\n\n<div class=\"wp-block-image\">\n<figure class=\"aligncenter size-full is-resized\"><img loading=\"lazy\" decoding=\"async\" src=\"https:\/\/tvtecjundiai.com.br\/news\/wp-content\/uploads\/sites\/2\/2023\/07\/julho-terminal-hortolandia-3-960x960-1.png\" alt=\"\" class=\"wp-image-112272\" width=\"654\" height=\"654\" srcset=\"https:\/\/tvtecjundiai.com.br\/news\/wp-content\/uploads\/sites\/2\/2023\/07\/julho-terminal-hortolandia-3-960x960-1.png 960w, https:\/\/tvtecjundiai.com.br\/news\/wp-content\/uploads\/sites\/2\/2023\/07\/julho-terminal-hortolandia-3-960x960-1-300x300.png 300w, https:\/\/tvtecjundiai.com.br\/news\/wp-content\/uploads\/sites\/2\/2023\/07\/julho-terminal-hortolandia-3-960x960-1-100x100.png 100w, https:\/\/tvtecjundiai.com.br\/news\/wp-content\/uploads\/sites\/2\/2023\/07\/julho-terminal-hortolandia-3-960x960-1-768x768.png 768w\" sizes=\"auto, (max-width: 654px) 100vw, 654px\" \/><\/figure>\n<\/div>\n\n\n<p><strong><em>Fonte \/ Imagem: Prefeitura de Jundia\u00ed<\/em><\/strong><\/p>\n","protected":false},"excerpt":{"rendered":"<p>Terminal Hortol\u00e2ndia receber\u00e1, neste s\u00e1bado, a\u00e7\u00f5es de sa\u00fade e divers\u00e3o para os usu\u00e1rios de \u00f4nibus<\/p>\n","protected":false},"author":30,"featured_media":112271,"comment_status":"closed","ping_status":"0","sticky":false,"template":"","format":"standard","meta":{"footnotes":""},"categories":[8356,1,3059],"tags":[],"class_list":["post-112270","post","type-post","status-publish","format-standard","has-post-thumbnail","hentry","category-jundiai","category-noticias","category-transportes"],"_links":{"self":[{"href":"https:\/\/tvtecjundiai.com.br\/news\/wp-json\/wp\/v2\/posts\/112270","targetHints":{"allow":["GET"]}}],"collection":[{"href":"https:\/\/tvtecjundiai.com.br\/news\/wp-json\/wp\/v2\/posts"}],"about":[{"href":"https:\/\/tvtecjundiai.com.br\/news\/wp-json\/wp\/v2\/types\/post"}],"author":[{"embeddable":true,"href":"https:\/\/tvtecjundiai.com.br\/news\/wp-json\/wp\/v2\/users\/30"}],"replies":[{"embeddable":true,"href":"https:\/\/tvtecjundiai.com.br\/news\/wp-json\/wp\/v2\/comments?post=112270"}],"version-history":[{"count":1,"href":"https:\/\/tvtecjundiai.com.br\/news\/wp-json\/wp\/v2\/posts\/112270\/revisions"}],"predecessor-version":[{"id":112273,"href":"https:\/\/tvtecjundiai.com.br\/news\/wp-json\/wp\/v2\/posts\/112270\/revisions\/112273"}],"wp:featuredmedia":[{"embeddable":true,"href":"https:\/\/tvtecjundiai.com.br\/news\/wp-json\/wp\/v2\/media\/112271"}],"wp:attachment":[{"href":"https:\/\/tvtecjundiai.com.br\/news\/wp-json\/wp\/v2\/media?parent=112270"}],"wp:term":[{"taxonomy":"category","embeddable":true,"href":"https:\/\/tvtecjundiai.com.br\/news\/wp-json\/wp\/v2\/categories?post=112270"},{"taxonomy":"post_tag","embeddable":true,"href":"https:\/\/tvtecjundiai.com.br\/news\/wp-json\/wp\/v2\/tags?post=112270"}],"curies":[{"name":"wp","href":"https:\/\/api.w.org\/{rel}","templated":true}]}}