{"id":112279,"date":"2023-07-12T15:57:34","date_gmt":"2023-07-12T18:57:34","guid":{"rendered":"https:\/\/tvtecjundiai.com.br\/news\/?p=112279"},"modified":"2023-07-12T15:57:38","modified_gmt":"2023-07-12T18:57:38","slug":"caiaque-e-opcao-de-lazer-nas-ferias-do-parque-da-cidade-em-jundiai","status":"publish","type":"post","link":"https:\/\/tvtecjundiai.com.br\/news\/2023\/07\/12\/caiaque-e-opcao-de-lazer-nas-ferias-do-parque-da-cidade-em-jundiai\/","title":{"rendered":"Caiaque \u00e9 op\u00e7\u00e3o de lazer nas f\u00e9rias do Parque da Cidade em Jundia\u00ed"},"content":{"rendered":"\n<p>Quem escolher o Parque da Cidade para passar as f\u00e9rias ter\u00e1, al\u00e9m das diversas atra\u00e7\u00f5es do parque, mais uma op\u00e7\u00e3o de lazer gratuito em meio a natureza.<\/p>\n\n\n\n<p>A partir desta sexta-feira (14), a ONG Velas do Japi ir\u00e1 promover remadas de caiaque monitoradas na represa do Parque. A a\u00e7\u00e3o ser\u00e1 realizada nos dias 14, 21 e 28 de julho, \u00e0s 10 e \u00e0s 11 horas.<\/p>\n\n\n\n<p>Para participar, basta realizar o agendamento diretamente no Centro N\u00e1utico do Parque da Cidade ou atrav\u00e9s do Whatsapp (11) 99279-7454.<\/p>\n\n\n\n<figure class=\"wp-block-image size-large\"><img loading=\"lazy\" decoding=\"async\" width=\"1200\" height=\"900\" src=\"https:\/\/tvtecjundiai.com.br\/news\/wp-content\/uploads\/sites\/2\/2023\/07\/centro_nautico-3-1200x900.jpg\" alt=\"\" class=\"wp-image-112280\" srcset=\"https:\/\/tvtecjundiai.com.br\/news\/wp-content\/uploads\/sites\/2\/2023\/07\/centro_nautico-3-1200x900.jpg 1200w, https:\/\/tvtecjundiai.com.br\/news\/wp-content\/uploads\/sites\/2\/2023\/07\/centro_nautico-3-300x225.jpg 300w, https:\/\/tvtecjundiai.com.br\/news\/wp-content\/uploads\/sites\/2\/2023\/07\/centro_nautico-3-768x576.jpg 768w, https:\/\/tvtecjundiai.com.br\/news\/wp-content\/uploads\/sites\/2\/2023\/07\/centro_nautico-3.jpg 1280w\" sizes=\"auto, (max-width: 1200px) 100vw, 1200px\" \/><\/figure>\n\n\n\n<p><strong>Projeto #Sextou+<\/strong><\/p>\n\n\n\n<p>Al\u00e9m da programa\u00e7\u00e3o de f\u00e9rias, o Velas do Japi tamb\u00e9m realiza o projeto #Sextou+, que promove aulas gratuitas de mobilidade e remada de caiaque para a popula\u00e7\u00e3o com mais de 60 anos. O projeto acontece toda sexta-feira, \u00e0s 14 horas.<\/p>\n\n\n\n<p><strong><em>Fonte \/ Imagem: Prefeitura de Jundia\u00ed<\/em><\/strong><\/p>\n","protected":false},"excerpt":{"rendered":"<p>A a\u00e7\u00e3o ser\u00e1 realizada nos dias 14, 21 e 28 de julho, \u00e0s 10 e \u00e0s 11 horas.<\/p>\n","protected":false},"author":30,"featured_media":112280,"comment_status":"closed","ping_status":"0","sticky":false,"template":"","format":"standard","meta":{"footnotes":""},"categories":[8356,8354,1],"tags":[],"class_list":["post-112279","post","type-post","status-publish","format-standard","has-post-thumbnail","hentry","category-jundiai","category-lazer","category-noticias"],"_links":{"self":[{"href":"https:\/\/tvtecjundiai.com.br\/news\/wp-json\/wp\/v2\/posts\/112279","targetHints":{"allow":["GET"]}}],"collection":[{"href":"https:\/\/tvtecjundiai.com.br\/news\/wp-json\/wp\/v2\/posts"}],"about":[{"href":"https:\/\/tvtecjundiai.com.br\/news\/wp-json\/wp\/v2\/types\/post"}],"author":[{"embeddable":true,"href":"https:\/\/tvtecjundiai.com.br\/news\/wp-json\/wp\/v2\/users\/30"}],"replies":[{"embeddable":true,"href":"https:\/\/tvtecjundiai.com.br\/news\/wp-json\/wp\/v2\/comments?post=112279"}],"version-history":[{"count":1,"href":"https:\/\/tvtecjundiai.com.br\/news\/wp-json\/wp\/v2\/posts\/112279\/revisions"}],"predecessor-version":[{"id":112281,"href":"https:\/\/tvtecjundiai.com.br\/news\/wp-json\/wp\/v2\/posts\/112279\/revisions\/112281"}],"wp:featuredmedia":[{"embeddable":true,"href":"https:\/\/tvtecjundiai.com.br\/news\/wp-json\/wp\/v2\/media\/112280"}],"wp:attachment":[{"href":"https:\/\/tvtecjundiai.com.br\/news\/wp-json\/wp\/v2\/media?parent=112279"}],"wp:term":[{"taxonomy":"category","embeddable":true,"href":"https:\/\/tvtecjundiai.com.br\/news\/wp-json\/wp\/v2\/categories?post=112279"},{"taxonomy":"post_tag","embeddable":true,"href":"https:\/\/tvtecjundiai.com.br\/news\/wp-json\/wp\/v2\/tags?post=112279"}],"curies":[{"name":"wp","href":"https:\/\/api.w.org\/{rel}","templated":true}]}}