{"id":112286,"date":"2023-07-12T18:07:05","date_gmt":"2023-07-12T21:07:05","guid":{"rendered":"https:\/\/tvtecjundiai.com.br\/news\/?p=112286"},"modified":"2023-07-12T18:07:05","modified_gmt":"2023-07-12T21:07:05","slug":"alem-de-ventania-forte-jundiai-tem-previsao-de-queda-de-temperatura","status":"publish","type":"post","link":"https:\/\/tvtecjundiai.com.br\/news\/2023\/07\/12\/alem-de-ventania-forte-jundiai-tem-previsao-de-queda-de-temperatura\/","title":{"rendered":"Al\u00e9m de ventania forte, Jundia\u00ed tem previs\u00e3o de queda de temperatura"},"content":{"rendered":"\n<p>A Defesa Civil do Estado de S\u00e3o Paulo alerta que, entre quinta-feira (13) e domingo (16), uma frente fria seguida por uma massa de ar frio ir\u00e1 causar uma grande queda na temperatura da regi\u00e3o.<\/p>\n\n\n\n<p>A previs\u00e3o \u00e9 que a temperatura m\u00ednima chegue na casa dos 8\u00b0C, com sensa\u00e7\u00e3o t\u00e9rmica de 7\u00b0C. Elas devem acontecer entre o final da madrugada e in\u00edcio da manh\u00e3. Vale salientar que h\u00e1 previs\u00e3o de ventania forte na cidade entre essa quinta e sexta-feira.<\/p>\n\n\n\n<p>\u00c9 importante que haja uma aten\u00e7\u00e3o especial a idosos, crian\u00e7as e pessoas em situa\u00e7\u00e3o de rua. O Servi\u00e7o Especializado de Abordagem Social (SEAS), da Unidade de Gest\u00e3o de Assist\u00eancia e Desenvolvimento Social (UGADS), est\u00e1 dispon\u00edvel pelo telefone (11) 98531-0146, que atende 24 horas por dia.<\/p>\n\n\n<div class=\"wp-block-image\">\n<figure class=\"aligncenter size-large\"><img loading=\"lazy\" decoding=\"async\" width=\"1200\" height=\"734\" src=\"https:\/\/tvtecjundiai.com.br\/news\/wp-content\/uploads\/sites\/2\/2023\/07\/chuva-1-1200x734.jpg\" alt=\"\" class=\"wp-image-112287\" srcset=\"https:\/\/tvtecjundiai.com.br\/news\/wp-content\/uploads\/sites\/2\/2023\/07\/chuva-1-1200x734.jpg 1200w, https:\/\/tvtecjundiai.com.br\/news\/wp-content\/uploads\/sites\/2\/2023\/07\/chuva-1-300x184.jpg 300w, https:\/\/tvtecjundiai.com.br\/news\/wp-content\/uploads\/sites\/2\/2023\/07\/chuva-1-768x470.jpg 768w, https:\/\/tvtecjundiai.com.br\/news\/wp-content\/uploads\/sites\/2\/2023\/07\/chuva-1.jpg 1260w\" sizes=\"auto, (max-width: 1200px) 100vw, 1200px\" \/><figcaption class=\"wp-element-caption\">Previs\u00e3o \u00e9 de tempo frio entre quinta-feira (13) e domingo (16)<\/figcaption><\/figure>\n<\/div>\n\n\n<p>\u201cA Defesa Civil emite os alertas com as previs\u00f5es e trabalha de maneira preventiva para minimizar os riscos, caso elas venham a ser confirmadas. As pessoas que precisarem podem nos contatar pelo n\u00famero 4586-0666 ou 199\u201d, afirma o Coordenador da Defesa Civil, coronel Jo\u00e3o Os\u00f3rio Gimenez Germano.<\/p>\n\n\n\n<p><strong>Alerta Defesa Civil<br><\/strong>Todo mun\u00edcipe pode cadastrar seu celular, gratuitamente, para receber alertas meteorol\u00f3gicos da Defesa Civil via SMS. Os interessados devem enviar um SMS para o n\u00famero 40199 com C\u00f3digo de Endere\u00e7amento Postal (CEP) de interesse.<\/p>\n\n\n\n<p><strong><em>Fonte \/ Imagem: Prefeitura de Jundia\u00ed<\/em><\/strong><\/p>\n","protected":false},"excerpt":{"rendered":"<p>Previs\u00e3o \u00e9 de tempo frio entre quinta-feira (13) e domingo (16)<\/p>\n","protected":false},"author":30,"featured_media":112287,"comment_status":"closed","ping_status":"0","sticky":false,"template":"","format":"standard","meta":{"footnotes":""},"categories":[8356,1],"tags":[],"class_list":["post-112286","post","type-post","status-publish","format-standard","has-post-thumbnail","hentry","category-jundiai","category-noticias"],"_links":{"self":[{"href":"https:\/\/tvtecjundiai.com.br\/news\/wp-json\/wp\/v2\/posts\/112286","targetHints":{"allow":["GET"]}}],"collection":[{"href":"https:\/\/tvtecjundiai.com.br\/news\/wp-json\/wp\/v2\/posts"}],"about":[{"href":"https:\/\/tvtecjundiai.com.br\/news\/wp-json\/wp\/v2\/types\/post"}],"author":[{"embeddable":true,"href":"https:\/\/tvtecjundiai.com.br\/news\/wp-json\/wp\/v2\/users\/30"}],"replies":[{"embeddable":true,"href":"https:\/\/tvtecjundiai.com.br\/news\/wp-json\/wp\/v2\/comments?post=112286"}],"version-history":[{"count":1,"href":"https:\/\/tvtecjundiai.com.br\/news\/wp-json\/wp\/v2\/posts\/112286\/revisions"}],"predecessor-version":[{"id":112288,"href":"https:\/\/tvtecjundiai.com.br\/news\/wp-json\/wp\/v2\/posts\/112286\/revisions\/112288"}],"wp:featuredmedia":[{"embeddable":true,"href":"https:\/\/tvtecjundiai.com.br\/news\/wp-json\/wp\/v2\/media\/112287"}],"wp:attachment":[{"href":"https:\/\/tvtecjundiai.com.br\/news\/wp-json\/wp\/v2\/media?parent=112286"}],"wp:term":[{"taxonomy":"category","embeddable":true,"href":"https:\/\/tvtecjundiai.com.br\/news\/wp-json\/wp\/v2\/categories?post=112286"},{"taxonomy":"post_tag","embeddable":true,"href":"https:\/\/tvtecjundiai.com.br\/news\/wp-json\/wp\/v2\/tags?post=112286"}],"curies":[{"name":"wp","href":"https:\/\/api.w.org\/{rel}","templated":true}]}}