{"id":112360,"date":"2023-07-13T14:46:54","date_gmt":"2023-07-13T17:46:54","guid":{"rendered":"https:\/\/tvtecjundiai.com.br\/news\/?p=112360"},"modified":"2023-07-13T14:46:58","modified_gmt":"2023-07-13T17:46:58","slug":"trabalhos-em-prol-da-associacao-almater-sao-expostos-no-espaco-maxi-comunidade","status":"publish","type":"post","link":"https:\/\/tvtecjundiai.com.br\/news\/2023\/07\/13\/trabalhos-em-prol-da-associacao-almater-sao-expostos-no-espaco-maxi-comunidade\/","title":{"rendered":"Trabalhos em prol da Associa\u00e7\u00e3o Almater s\u00e3o expostos no Espa\u00e7o Maxi Comunidade"},"content":{"rendered":"\n<p>O Espa\u00e7o Maxi Comunidade, especialmente idealizado para expor e comercializar trabalhos de institui\u00e7\u00f5es de Jundia\u00ed, conta com a exposi\u00e7\u00e3o e venda de artesanatos em prol da Associa\u00e7\u00e3o Almater at\u00e9 o dia 30 de julho.<\/p>\n\n\n\n<p>No local estar\u00e3o expostos trabalhos confeccionados por artes\u00e3s da regi\u00e3o, como artigos de costura criativa, patchwork, bonecas, bolsas de croch\u00ea, mandalas de ora\u00e7\u00e3o, la\u00e7os, velas, personalizados de beb\u00ea e muito mais, com pre\u00e7os a partir de R$10.<\/p>\n\n\n\n<figure class=\"wp-block-gallery has-nested-images columns-default is-cropped wp-block-gallery-1 is-layout-flex wp-block-gallery-is-layout-flex\">\n<figure class=\"wp-block-image size-large\"><img loading=\"lazy\" decoding=\"async\" width=\"900\" height=\"900\" data-id=\"112362\" src=\"https:\/\/tvtecjundiai.com.br\/news\/wp-content\/uploads\/sites\/2\/2023\/07\/almater_maxicomunidade-6.jpg\" alt=\"\" class=\"wp-image-112362\" srcset=\"https:\/\/tvtecjundiai.com.br\/news\/wp-content\/uploads\/sites\/2\/2023\/07\/almater_maxicomunidade-6.jpg 900w, https:\/\/tvtecjundiai.com.br\/news\/wp-content\/uploads\/sites\/2\/2023\/07\/almater_maxicomunidade-6-300x300.jpg 300w, https:\/\/tvtecjundiai.com.br\/news\/wp-content\/uploads\/sites\/2\/2023\/07\/almater_maxicomunidade-6-100x100.jpg 100w, https:\/\/tvtecjundiai.com.br\/news\/wp-content\/uploads\/sites\/2\/2023\/07\/almater_maxicomunidade-6-768x768.jpg 768w\" sizes=\"auto, (max-width: 900px) 100vw, 900px\" \/><\/figure>\n\n\n\n<figure class=\"wp-block-image size-large\"><img loading=\"lazy\" decoding=\"async\" width=\"900\" height=\"900\" data-id=\"112363\" src=\"https:\/\/tvtecjundiai.com.br\/news\/wp-content\/uploads\/sites\/2\/2023\/07\/almater_maxicomunidade-1.jpg\" alt=\"\" class=\"wp-image-112363\" srcset=\"https:\/\/tvtecjundiai.com.br\/news\/wp-content\/uploads\/sites\/2\/2023\/07\/almater_maxicomunidade-1.jpg 900w, https:\/\/tvtecjundiai.com.br\/news\/wp-content\/uploads\/sites\/2\/2023\/07\/almater_maxicomunidade-1-300x300.jpg 300w, https:\/\/tvtecjundiai.com.br\/news\/wp-content\/uploads\/sites\/2\/2023\/07\/almater_maxicomunidade-1-100x100.jpg 100w, https:\/\/tvtecjundiai.com.br\/news\/wp-content\/uploads\/sites\/2\/2023\/07\/almater_maxicomunidade-1-768x768.jpg 768w\" sizes=\"auto, (max-width: 900px) 100vw, 900px\" \/><\/figure>\n<\/figure>\n\n\n\n<p><\/p>\n\n\n\n<p>A Associa\u00e7\u00e3o Almater \u00e9 uma organiza\u00e7\u00e3o sem fins lucrativos fundada em 2012 com objetivo de proteger crian\u00e7as e adolescentes e garantir um desenvolvimento pleno e seguro, fazendo uso da educa\u00e7\u00e3o como principal ferramenta de transforma\u00e7\u00e3o. Para saber mais sobre a institui\u00e7\u00e3o, basta acessar no site <a href=\"https:\/\/www.associacaoalmater.com.br\/\" data-type=\"URL\" data-id=\"https:\/\/www.associacaoalmater.com.br\/\">associacaoalmater.com.br<\/a><\/p>\n\n\n\n<p>O Espa\u00e7o Maxi Comunidade est\u00e1 localizado no Piso 2 (pr\u00f3ximo a Entrada G3 Leste) do Maxi Shopping Jundia\u00ed.<\/p>\n\n\n\n<p><em><strong>(Fonte\/Imagem: SG Assessoria em Comunica\u00e7\u00e3o)<\/strong><\/em><\/p>\n","protected":false},"excerpt":{"rendered":"<p>No local estar\u00e3o expostos trabalhos confeccionados por artes\u00e3s da regi\u00e3o, com pre\u00e7os a partir de R$10<\/p>\n","protected":false},"author":30,"featured_media":112361,"comment_status":"closed","ping_status":"0","sticky":false,"template":"","format":"standard","meta":{"footnotes":""},"categories":[8356,1],"tags":[],"class_list":["post-112360","post","type-post","status-publish","format-standard","has-post-thumbnail","hentry","category-jundiai","category-noticias"],"_links":{"self":[{"href":"https:\/\/tvtecjundiai.com.br\/news\/wp-json\/wp\/v2\/posts\/112360","targetHints":{"allow":["GET"]}}],"collection":[{"href":"https:\/\/tvtecjundiai.com.br\/news\/wp-json\/wp\/v2\/posts"}],"about":[{"href":"https:\/\/tvtecjundiai.com.br\/news\/wp-json\/wp\/v2\/types\/post"}],"author":[{"embeddable":true,"href":"https:\/\/tvtecjundiai.com.br\/news\/wp-json\/wp\/v2\/users\/30"}],"replies":[{"embeddable":true,"href":"https:\/\/tvtecjundiai.com.br\/news\/wp-json\/wp\/v2\/comments?post=112360"}],"version-history":[{"count":1,"href":"https:\/\/tvtecjundiai.com.br\/news\/wp-json\/wp\/v2\/posts\/112360\/revisions"}],"predecessor-version":[{"id":112364,"href":"https:\/\/tvtecjundiai.com.br\/news\/wp-json\/wp\/v2\/posts\/112360\/revisions\/112364"}],"wp:featuredmedia":[{"embeddable":true,"href":"https:\/\/tvtecjundiai.com.br\/news\/wp-json\/wp\/v2\/media\/112361"}],"wp:attachment":[{"href":"https:\/\/tvtecjundiai.com.br\/news\/wp-json\/wp\/v2\/media?parent=112360"}],"wp:term":[{"taxonomy":"category","embeddable":true,"href":"https:\/\/tvtecjundiai.com.br\/news\/wp-json\/wp\/v2\/categories?post=112360"},{"taxonomy":"post_tag","embeddable":true,"href":"https:\/\/tvtecjundiai.com.br\/news\/wp-json\/wp\/v2\/tags?post=112360"}],"curies":[{"name":"wp","href":"https:\/\/api.w.org\/{rel}","templated":true}]}}