{"id":112433,"date":"2023-07-14T16:59:44","date_gmt":"2023-07-14T19:59:44","guid":{"rendered":"https:\/\/tvtecjundiai.com.br\/news\/?p=112433"},"modified":"2023-07-14T16:59:49","modified_gmt":"2023-07-14T19:59:49","slug":"funss-abre-mais-de-300-vagas-em-diversos-cursos","status":"publish","type":"post","link":"https:\/\/tvtecjundiai.com.br\/news\/2023\/07\/14\/funss-abre-mais-de-300-vagas-em-diversos-cursos\/","title":{"rendered":"Funss abre mais de 300 vagas em diversos cursos\u00a0"},"content":{"rendered":"\n<p>O Fundo Social de Solidariedade de Jundia\u00ed (Funss) abre, nesta segunda-feira (17) \u00e0s 12h, as inscri\u00e7\u00f5es para mais de 300 vagas em diversos cursos gratuitos. As vagas s\u00e3o voltadas para pessoas a partir de 16 anos, e para as oficinas de bonecas de pano, \u00e9 necess\u00e1rio saber costurar em m\u00e1quina caseira.&nbsp;<\/p>\n\n\n\n<p>Para participar \u00e9 necess\u00e1rio acessar o link do curso de prefer\u00eancia e preencher o formul\u00e1rio. Os contemplados receber\u00e3o uma mensagem no WhatsApp confirmando a matr\u00edcula. Se n\u00e3o for respondida em at\u00e9 24h, ter\u00e1 a inscri\u00e7\u00e3o cancelada.&nbsp;<\/p>\n\n\n\n<figure class=\"wp-block-image\"><img decoding=\"async\" src=\"https:\/\/jundiai.sp.gov.br\/noticias\/wp-content\/uploads\/sites\/32\/2023\/07\/dpf6498-1280x854.jpg\" alt=\"\" class=\"wp-image-321957\" \/><figcaption class=\"wp-element-caption\">Eletricista residencial faz parte dos cursos a ser oferecidos gratuitamente<\/figcaption><\/figure>\n\n\n\n<p>As aulas acontecem a partir do dia 01 de agosto na sede do Fundo Social, no endere\u00e7o, Av. Dona Manoela Lacerda de Vergueiro, s\/n \u2013 Port\u00e3o 3 \u2013 Anexo ao Parque da Uva \u2013 Bairro Anhangaba\u00fa.&nbsp;<\/p>\n\n\n\n<p>\u201cA busca pelos cursos do Fundo Social de Jundia\u00ed \u00e9 grande, pois, al\u00e9m da qualidade do ensino oferecido, o empreendedorismo e a economia criativa s\u00e3o estimuladas pela gest\u00e3o do Prefeito Luiz Fernando Machado e da primeira-dama e presidente do Funss, Vanessa Machado\u201d, ressalta a diretora do Funss, Francine Picardi.<\/p>\n\n\n\n<p><strong>CONFIRA OS CURSOS<\/strong><\/p>\n\n\n\n<p><strong>Oficina de boneca de pano \u2013 Link para inscri\u00e7\u00e3o:<\/strong><a href=\"https:\/\/forms.gle\/ZY5Z51LHCZBKApeRA\"><strong>&nbsp;https:\/\/forms.gle\/ZY5Z51LHCZBKApeRA<\/strong><\/a><br><strong>Pr\u00e9-requisito: saber costurar em m\u00e1quina caseira<\/strong><br>Vagas: 10<br>Datas: 8, 22 e 29\/08<br>Hor\u00e1rio: 8h \u00e0s 12h<\/p>\n\n\n\n<p><strong>Oficina: cabelo de boneca com l\u00e3 de feltragem \u2013 Link para inscri\u00e7\u00e3o:<\/strong><a href=\"https:\/\/forms.gle\/VH9TGj8tcVzqgCc7A\"><strong>&nbsp;https:\/\/forms.gle\/VH9TGj8tcVzqgCc7A<\/strong><\/a><br>Vagas: 10<br>Data: 08\/08\/23<br>Hor\u00e1rio: 13h \u00e0s 17h<\/p>\n\n\n\n<p><strong>Oficina de patch embutido \u2013 Link para inscri\u00e7\u00e3o:<\/strong><a href=\"https:\/\/forms.gle\/p4Zq12MH7MgUpGAf7\">&nbsp;<strong>https:\/\/forms.gle\/p4Zq12MH7MgUpGAf7<\/strong><\/a><br>Vagas: 10<br>Datas: 10, 17, 24 e 31\/08<br>Hor\u00e1rio: 08h \u00e0s 12h<\/p>\n\n\n\n<p><strong>Oficina de bordado em pedraria \u2013 Link para inscri\u00e7\u00e3o:<\/strong><a href=\"https:\/\/forms.gle\/3MATr2cjBnkHjh3fA\"><strong>&nbsp;https:\/\/forms.gle\/3MATr2cjBnkHjh3fA<\/strong><\/a><br><strong>Material: trazer uma blusa ou camiseta para fazer o bordado e tesoura e uma tesoura<\/strong><br>Vagas: 10<br>Datas: 09, 16, 23 e 30\/08<br>Hor\u00e1rio: 13h \u00e0s 17h<\/p>\n\n\n\n<p><strong>Oficina de pintura livre em madeira \u2013 Link para inscri\u00e7\u00e3o:<\/strong><a href=\"https:\/\/forms.gle\/NBjKPnLdsmhAiqhC6\"><strong>&nbsp;https:\/\/forms.gle\/NBjKPnLdsmhAiqhC6<\/strong><\/a><br>Vagas: 8<br>Datas: 9, 16, 23 e 30\/08<br>Hor\u00e1rio: 13h \u00e0s 17h<strong>&nbsp;<\/strong><\/p>\n\n\n\n<p><strong>Workshop de P\u00e3o de mel decorado \u2013 Link para inscri\u00e7\u00e3o:<\/strong><a href=\"https:\/\/forms.gle\/5cg3bRe6N8m7hBJg8\"><strong>&nbsp;https:\/\/forms.gle\/5cg3bRe6N8m7hBJg8<\/strong><\/a><br>Vagas: 20<br>Datas: 22 e 24\/08<br>Hor\u00e1rio: 13h \u00e0s 17h<strong>&nbsp;<\/strong><\/p>\n\n\n\n<p><strong>Do\u00e7aria Brasileira \u2013 Turma 1 \u2013 Link para inscri\u00e7\u00e3o:<\/strong><a href=\"https:\/\/forms.gle\/Z9snsbBwJKeAxYYT9\"><strong>&nbsp;https:\/\/forms.gle\/Z9snsbBwJKeAxYYT9<\/strong><\/a><br>Vagas: 20<br>Datas: 07, 09, 16, 21, 23 e 28\/08<br>Hor\u00e1rio: 18h \u00e0s 22h<\/p>\n\n\n\n<p><strong>Do\u00e7aria Brasileira \u2013 Turma 2 \u2013 Link para inscri\u00e7\u00e3o:<\/strong><a href=\"https:\/\/forms.gle\/dUntEcCDCmQYFYYA7\"><strong>&nbsp;https:\/\/forms.gle\/dUntEcCDCmQYFYYA7<\/strong><\/a><br>Vagas: 20<br>Datas: 08, 10, 17, 22, 24 e 29\/08<br>Hor\u00e1rio: 18h \u00e0s 22H<strong>&nbsp;<\/strong><\/p>\n\n\n\n<p><strong>Workshop de Risotos \u2013 Link para inscri\u00e7\u00e3o:<\/strong><a href=\"https:\/\/forms.gle\/5zKzrcEPtyXvDcrZ8\"><strong>&nbsp;https:\/\/forms.gle\/5zKzrcEPtyXvDcrZ8<\/strong><\/a><br>Vagas: 20<br>Datas: 02 e 03\/08<br>Hor\u00e1rio: 18h \u00e0s 22h<\/p>\n\n\n\n<p><strong>Workshop de marmita fit \u2013 Link para inscri\u00e7\u00e3o:<\/strong><a href=\"https:\/\/forms.gle\/FFJ6v5kNY3U1u4BAA\"><strong>&nbsp;https:\/\/forms.gle\/FFJ6v5kNY3U1u4BAA<\/strong><\/a><br>Vagas: 20<br>Datas: 30 e 31\/08<br>Hor\u00e1rio: 18h \u00e0s 22h<\/p>\n\n\n\n<p><strong>Pizzas Cl\u00e1ssicas \u2013 Link para inscri\u00e7\u00e3o:<\/strong><a href=\"https:\/\/forms.gle\/Ar9ubYuMM4Mz5j1j6\"><strong>&nbsp;https:\/\/forms.gle\/Ar9ubYuMM4Mz5j1j6<\/strong><\/a><br>Vagas: 20<br>Datas: 02, 04, 07, 09, 11 e 16\/08<br>Hor\u00e1rio: 8h \u00e0s 12h<\/p>\n\n\n\n<p><strong>Refei\u00e7\u00e3o para o dia a dia \u2013 Link para inscri\u00e7\u00e3o:<\/strong><a href=\"https:\/\/forms.gle\/kUMAqvzdYq8Dkdzr6\"><strong>&nbsp;https:\/\/forms.gle\/kUMAqvzdYq8Dkdzr6<\/strong><\/a><br>Vagas: 20<br>Datas: 21, 23, 25, 28, 30\/08 e 01\/09<br>Hor\u00e1rio: 8h \u00e0s 12h<\/p>\n\n\n\n<figure class=\"wp-block-image\"><img decoding=\"async\" src=\"https:\/\/jundiai.sp.gov.br\/noticias\/wp-content\/uploads\/sites\/32\/2023\/07\/dpf7637-1280x854.jpg\" alt=\"\" class=\"wp-image-321958\" \/><figcaption class=\"wp-element-caption\">Cursos de costura criativa e boneca de pano est\u00e3o dispon\u00edveis para as interessadas se inscreverem<\/figcaption><\/figure>\n\n\n\n<p><strong>Designer de Sobrancelha \u2013 Link para inscri\u00e7\u00e3o:<\/strong><a href=\"https:\/\/forms.gle\/W3YDsK2A1cvX8TWT6\"><strong>&nbsp;https:\/\/forms.gle\/W3YDsK2A1cvX8TWT6<\/strong><\/a><br>Vagas: 20<br>Datas: 02, 07, 09, 16, 21, 23, 28 e 30\/08<br>Hor\u00e1rio: 8h \u00e0s 12h<\/p>\n\n\n\n<p><strong>Barbeiro \u2013 Link para inscri\u00e7\u00e3o:<\/strong><a href=\"https:\/\/forms.gle\/cAhD3jYrPmeuMpDc6\"><strong>&nbsp;https:\/\/forms.gle\/cAhD3jYrPmeuMpDc6<\/strong><\/a><br>Vagas: 20<br>Datas: 07, 08, 09, 10, 16, 17, 21, 22, 23,24, 28 e 29\/08<br>Hor\u00e1rio: 18h \u00e0s 22h<\/p>\n\n\n\n<p><strong>Manicure \u2013 Link para inscri\u00e7\u00e3o:<\/strong><a href=\"https:\/\/forms.gle\/q8aNj6H27KA3i4HL9\"><strong>&nbsp;https:\/\/forms.gle\/q8aNj6H27KA3i4HL9<\/strong><\/a><br>Vagas: 20<br>Datas: 01, 02, 07, 08, 09, 16, 21, 22, 23, 28, 29 e 30\/08<br>Hor\u00e1rio: 08h \u00e0s 12h<\/p>\n\n\n\n<p><strong>Eletricista Residencial \u2013 Link para inscri\u00e7\u00e3o:<\/strong><a href=\"https:\/\/forms.gle\/UnWPSKrEKM7Lp9fMA\"><strong>&nbsp;https:\/\/forms.gle\/UnWPSKrEKM7Lp9fMA<\/strong><\/a><br>Vagas: 20<br>Datas: 07, 08, 09, 10, 16, 17, 21, 22, 23,24, 28 e 29\/08<br>Hor\u00e1rio: 18h \u00e0s 22h<\/p>\n\n\n\n<p><strong>Inicia\u00e7\u00e3o \u00e0 costura criativa \u2013 Link para inscri\u00e7\u00e3o:<\/strong><a href=\"https:\/\/forms.gle\/VxdCpE7ACrFrRFvn9\"><strong>&nbsp;https:\/\/forms.gle\/VxdCpE7ACrFrRFvn9<\/strong><\/a><br>Vagas: 10<br>Datas: 01\/08, 08\/08, 22,08, 29\/08, 05\/09, 12\/09, 19\/09 e 26\/09<br>Hor\u00e1rio: 8h \u00e0s 12h<\/p>\n\n\n\n<p><strong>Inicia\u00e7\u00e3o \u00e0 costura criativa \u2013 Link para inscri\u00e7\u00e3o:<\/strong><a href=\"https:\/\/forms.gle\/bHgjuN9nYwNBLeFE8\"><strong>&nbsp;https:\/\/forms.gle\/bHgjuN9nYwNBLeFE8<\/strong><\/a><br>Vagas: 10<br>Datas: 01\/08, 08\/08, 22,08, 29\/08, 05\/09, 12\/09, 19\/09 e 26\/09<br>Hor\u00e1rio: 13h \u00e0s 17h<\/p>\n\n\n\n<p><strong>Maquiagem profissional b\u00e1sico \u2013 Link para inscri\u00e7\u00e3o:<\/strong><a href=\"https:\/\/forms.gle\/Bzn9pbPqG3xGuMru7\"><strong>&nbsp;https:\/\/forms.gle\/Bzn9pbPqG3xGuMru7<\/strong><\/a><br>Vagas: 15<br>Datas: 07, 08, 09, 16, 21, 22, 23 e 28\/08<br>Hor\u00e1rio: 18h \u00e0s 22h<\/p>\n","protected":false},"excerpt":{"rendered":"<p>Cursos de costura criativa e boneca de pano est\u00e3o dispon\u00edveis para as interessadas se inscreverem<\/p>\n","protected":false},"author":24,"featured_media":112434,"comment_status":"closed","ping_status":"0","sticky":false,"template":"","format":"standard","meta":{"footnotes":""},"categories":[8356,1],"tags":[],"class_list":["post-112433","post","type-post","status-publish","format-standard","has-post-thumbnail","hentry","category-jundiai","category-noticias"],"_links":{"self":[{"href":"https:\/\/tvtecjundiai.com.br\/news\/wp-json\/wp\/v2\/posts\/112433","targetHints":{"allow":["GET"]}}],"collection":[{"href":"https:\/\/tvtecjundiai.com.br\/news\/wp-json\/wp\/v2\/posts"}],"about":[{"href":"https:\/\/tvtecjundiai.com.br\/news\/wp-json\/wp\/v2\/types\/post"}],"author":[{"embeddable":true,"href":"https:\/\/tvtecjundiai.com.br\/news\/wp-json\/wp\/v2\/users\/24"}],"replies":[{"embeddable":true,"href":"https:\/\/tvtecjundiai.com.br\/news\/wp-json\/wp\/v2\/comments?post=112433"}],"version-history":[{"count":1,"href":"https:\/\/tvtecjundiai.com.br\/news\/wp-json\/wp\/v2\/posts\/112433\/revisions"}],"predecessor-version":[{"id":112439,"href":"https:\/\/tvtecjundiai.com.br\/news\/wp-json\/wp\/v2\/posts\/112433\/revisions\/112439"}],"wp:featuredmedia":[{"embeddable":true,"href":"https:\/\/tvtecjundiai.com.br\/news\/wp-json\/wp\/v2\/media\/112434"}],"wp:attachment":[{"href":"https:\/\/tvtecjundiai.com.br\/news\/wp-json\/wp\/v2\/media?parent=112433"}],"wp:term":[{"taxonomy":"category","embeddable":true,"href":"https:\/\/tvtecjundiai.com.br\/news\/wp-json\/wp\/v2\/categories?post=112433"},{"taxonomy":"post_tag","embeddable":true,"href":"https:\/\/tvtecjundiai.com.br\/news\/wp-json\/wp\/v2\/tags?post=112433"}],"curies":[{"name":"wp","href":"https:\/\/api.w.org\/{rel}","templated":true}]}}