{"id":112440,"date":"2023-07-14T17:05:21","date_gmt":"2023-07-14T20:05:21","guid":{"rendered":"https:\/\/tvtecjundiai.com.br\/news\/?p=112440"},"modified":"2023-07-14T17:05:22","modified_gmt":"2023-07-14T20:05:22","slug":"regularizacao-de-calcadas-e-tema-de-palestra-para-profissionais-da-construcao-civil","status":"publish","type":"post","link":"https:\/\/tvtecjundiai.com.br\/news\/2023\/07\/14\/regularizacao-de-calcadas-e-tema-de-palestra-para-profissionais-da-construcao-civil\/","title":{"rendered":"Regulariza\u00e7\u00e3o de cal\u00e7adas \u00e9 tema de palestra para profissionais da Constru\u00e7\u00e3o Civil"},"content":{"rendered":"\n<p>Na \u00faltima quarta-feira (12), foi realizada uma palestra na Associa\u00e7\u00e3o dos Engenheiros de Jundia\u00ed (AEJ) com o tema: \u201cCal\u00e7adas: o que precisamos saber para obter o habite-se\u201d, ministrada pelo Chefe da Fiscaliza\u00e7\u00e3o de Obras Particulares, Ali Qbar, com a participa\u00e7\u00e3o do Diretor do Departamento de Obras e Instala\u00e7\u00f5es, F\u00e1bio Aur\u00e9lio Teixeira Lusvarghi. A palestra foi direcionada a engenheiros, arquitetos, t\u00e9cnicos, estudantes e contribuintes, e contou com interessados de forma presencial e tamb\u00e9m atrav\u00e9s de plataformas de internet.<\/p>\n\n\n\n<p>\u201cA forma com que o tema foi tratado e o conte\u00fado disponibilizado superaram as expectativas dos profissionais presentes, que s\u00e3o profissionais do setor de constru\u00e7\u00e3o civil. Buscamos fazer com que este tipo de trabalho possa contribuir com o desenvolvimento do p\u00fablico t\u00e9cnico envolvido, como tamb\u00e9m fazer com que os trabalhos administrativos e t\u00e9cnicos da Prefeitura possam ser desonerados e contribuir com fluxos c\u00e9leres\u201d, disse Wagner Vieira Chach\u00e1, Presidente da Associa\u00e7\u00e3o dos Engenheiros de Jundia\u00ed.<\/p>\n\n\n<div class=\"wp-block-image\">\n<figure class=\"aligncenter\"><img decoding=\"async\" src=\"https:\/\/jundiai.sp.gov.br\/noticias\/wp-content\/uploads\/sites\/32\/2023\/07\/palestra_engenheiros_obras-1-4-1280x854.jpg\" alt=\"\" class=\"wp-image-322028\" \/><figcaption class=\"wp-element-caption\">Regulariza\u00e7\u00e3o de cal\u00e7adas \u00e9 tema de palestra para profissionais da Constru\u00e7\u00e3o Civil<\/figcaption><\/figure>\n<\/div>\n\n\n<p>A inten\u00e7\u00e3o da parceria proposta entre os t\u00e9cnicos do munic\u00edpio e a AEJ foi demonstrar o trabalho que vem sendo feito, al\u00e9m de prestar orienta\u00e7\u00e3o mais direcionada sobre as legisla\u00e7\u00f5es que tratam dos passeios p\u00fablicos na cidade (Lei 3705\/91, Lei 6984\/2007 e Decreto 21.643\/2009), uma vez que muitos dos pedidos de habite-se n\u00e3o tem sido emitidos pelas condi\u00e7\u00f5es das cal\u00e7adas.<\/p>\n\n\n\n<p>\u201cSendo os propriet\u00e1rios respons\u00e1veis pela execu\u00e7\u00e3o e manuten\u00e7\u00e3o das cal\u00e7adas, nem sempre as Leis agradam ou traduzem os anseios individuais, mas propriet\u00e1rios e profissionais precisam entender que o pedestre deve estar em primeiro lugar, e cal\u00e7adas que atendem \u00e0s Leis influenciam diretamente na coletividade, trazendo qualidade de vida aos que delas fazem uso\u201d, lembrou o Chefe da Fiscaliza\u00e7\u00e3o.<\/p>\n\n\n\n<p>A Divis\u00e3o de Fiscaliza\u00e7\u00e3o de Obras fica no 5\u00ba Andar \u2013 Ala Norte \u2013 do Pa\u00e7o Municipal. O atendimento \u00e9 de segunda a sexta-feira, das 8h \u00e0s 17h. O contato tamb\u00e9m pode ser feito pelos telefones: 4589-8477 \/ 4589-8478 ou pelo email: dfosip@jundiai.sp.gov.br.<\/p>\n\n\n\n<p><strong><em>Fonte \/ Imagem: Prefeitura de Jundia\u00ed<\/em><\/strong><\/p>\n","protected":false},"excerpt":{"rendered":"<p>Regulariza\u00e7\u00e3o de cal\u00e7adas \u00e9 tema de palestra para profissionais da Constru\u00e7\u00e3o Civil<\/p>\n","protected":false},"author":30,"featured_media":112441,"comment_status":"closed","ping_status":"0","sticky":false,"template":"","format":"standard","meta":{"footnotes":""},"categories":[8356,1],"tags":[],"class_list":["post-112440","post","type-post","status-publish","format-standard","has-post-thumbnail","hentry","category-jundiai","category-noticias"],"_links":{"self":[{"href":"https:\/\/tvtecjundiai.com.br\/news\/wp-json\/wp\/v2\/posts\/112440","targetHints":{"allow":["GET"]}}],"collection":[{"href":"https:\/\/tvtecjundiai.com.br\/news\/wp-json\/wp\/v2\/posts"}],"about":[{"href":"https:\/\/tvtecjundiai.com.br\/news\/wp-json\/wp\/v2\/types\/post"}],"author":[{"embeddable":true,"href":"https:\/\/tvtecjundiai.com.br\/news\/wp-json\/wp\/v2\/users\/30"}],"replies":[{"embeddable":true,"href":"https:\/\/tvtecjundiai.com.br\/news\/wp-json\/wp\/v2\/comments?post=112440"}],"version-history":[{"count":1,"href":"https:\/\/tvtecjundiai.com.br\/news\/wp-json\/wp\/v2\/posts\/112440\/revisions"}],"predecessor-version":[{"id":112442,"href":"https:\/\/tvtecjundiai.com.br\/news\/wp-json\/wp\/v2\/posts\/112440\/revisions\/112442"}],"wp:featuredmedia":[{"embeddable":true,"href":"https:\/\/tvtecjundiai.com.br\/news\/wp-json\/wp\/v2\/media\/112441"}],"wp:attachment":[{"href":"https:\/\/tvtecjundiai.com.br\/news\/wp-json\/wp\/v2\/media?parent=112440"}],"wp:term":[{"taxonomy":"category","embeddable":true,"href":"https:\/\/tvtecjundiai.com.br\/news\/wp-json\/wp\/v2\/categories?post=112440"},{"taxonomy":"post_tag","embeddable":true,"href":"https:\/\/tvtecjundiai.com.br\/news\/wp-json\/wp\/v2\/tags?post=112440"}],"curies":[{"name":"wp","href":"https:\/\/api.w.org\/{rel}","templated":true}]}}