{"id":112444,"date":"2023-07-15T11:10:29","date_gmt":"2023-07-15T14:10:29","guid":{"rendered":"https:\/\/tvtecjundiai.com.br\/news\/?p=112444"},"modified":"2023-07-15T11:16:22","modified_gmt":"2023-07-15T14:16:22","slug":"galpao-criativo-vai-ate-as-18h-e-reune-cultura-artesanato-moda-e-gastronomia","status":"publish","type":"post","link":"https:\/\/tvtecjundiai.com.br\/news\/2023\/07\/15\/galpao-criativo-vai-ate-as-18h-e-reune-cultura-artesanato-moda-e-gastronomia\/","title":{"rendered":"Galp\u00e3o Criativo vai at\u00e9 as 18h e re\u00fane cultura, artesanato, moda e gastronomia"},"content":{"rendered":"\n<p>A 6\u00aa edi\u00e7\u00e3o do Galp\u00e3o Criativo, iniciativa da Prefeitura de Jundia\u00ed em parceria com a Funda\u00e7\u00e3o Escola TVTEC Jundia\u00ed, j\u00e1 come\u00e7ou neste s\u00e1bado (15) e vai at\u00e9 as 18h na TVTEC Jundia\u00ed, que fica na avenida Dr. Cavalcanti, 396, no Complexo Argos. Est\u00e3o reunidos cerca de 80 profissionais de diferentes \u00e1reas da economia criativa, como artesanato, moda, alimenta\u00e7\u00e3o e servi\u00e7os. A proposta \u00e9 oferecer oportunidade de inclus\u00e3o produtiva, gera\u00e7\u00e3o de renda e valoriza\u00e7\u00e3o da autoestima.<\/p>\n\n\n\n<p>Viviane Bellezoni, da V2 Art, j\u00e1 participou de outras feiras e est\u00e1 no Galp\u00e3o Criativo pela primeira vez. &#8220;Sempre ouvi falar muito bem do Galp\u00e3o Criativo, n\u00e3o s\u00f3 pela oportunidade de divulgar nossos trabalhos, mas tamb\u00e9m pela receptividade da equipe da TVTEC e a energia gostosa do lugar. Tenho a expectativa de vender bastante, mas tamb\u00e9m de fazer contatos porque isso tamb\u00e9m \u00e9 importante&#8221;, disse.<\/p>\n\n\n<div class=\"wp-block-image\">\n<figure class=\"aligncenter size-large is-resized\"><img loading=\"lazy\" decoding=\"async\" src=\"https:\/\/tvtecjundiai.com.br\/news\/wp-content\/uploads\/sites\/2\/2023\/07\/WhatsApp-Image-2023-07-15-at-10.09.22-4-1200x900.jpeg\" alt=\"\" class=\"wp-image-112446\" width=\"638\" height=\"479\" srcset=\"https:\/\/tvtecjundiai.com.br\/news\/wp-content\/uploads\/sites\/2\/2023\/07\/WhatsApp-Image-2023-07-15-at-10.09.22-4-1200x900.jpeg 1200w, https:\/\/tvtecjundiai.com.br\/news\/wp-content\/uploads\/sites\/2\/2023\/07\/WhatsApp-Image-2023-07-15-at-10.09.22-4-300x225.jpeg 300w, https:\/\/tvtecjundiai.com.br\/news\/wp-content\/uploads\/sites\/2\/2023\/07\/WhatsApp-Image-2023-07-15-at-10.09.22-4-768x576.jpeg 768w, https:\/\/tvtecjundiai.com.br\/news\/wp-content\/uploads\/sites\/2\/2023\/07\/WhatsApp-Image-2023-07-15-at-10.09.22-4.jpeg 1280w\" sizes=\"auto, (max-width: 638px) 100vw, 638px\" \/><figcaption class=\"wp-element-caption\">Viviane Bellezoni, da V2 Art<\/figcaption><\/figure>\n<\/div>\n\n\n<p><\/p>\n\n\n\n<p>Edmara Barros, da Mellow Croch\u00ea Criativo, participou em junho da edi\u00e7\u00e3o especial do Galp\u00e3o em Itatiba e est\u00e1 expondo seu trabalho na TVTEC pela primeira neste s\u00e1bado (15). &#8220;Estou muito feliz com a oportunidade de estar aqui no espa\u00e7o do Galp\u00e3o Criativo pela primeira vez. Essa iniciativa da Prefeitura e da TVTEC que valoriza a economia criativa \u00e9 muito importante, \u00e9 uma oportunidade de mostrar nosso trabalho, fazer networking e vender o que produzimos com todo amor e carinho. A expectativa \u00e9 que mais pessoas conhe\u00e7am e gostem do meu trabalho&#8221;, afirmou.<\/p>\n\n\n<div class=\"wp-block-image\">\n<figure class=\"aligncenter size-large is-resized\"><img loading=\"lazy\" decoding=\"async\" src=\"https:\/\/tvtecjundiai.com.br\/news\/wp-content\/uploads\/sites\/2\/2023\/07\/WhatsApp-Image-2023-07-15-at-10.09.22-5-1200x900.jpeg\" alt=\"\" class=\"wp-image-112447\" width=\"622\" height=\"467\" srcset=\"https:\/\/tvtecjundiai.com.br\/news\/wp-content\/uploads\/sites\/2\/2023\/07\/WhatsApp-Image-2023-07-15-at-10.09.22-5-1200x900.jpeg 1200w, https:\/\/tvtecjundiai.com.br\/news\/wp-content\/uploads\/sites\/2\/2023\/07\/WhatsApp-Image-2023-07-15-at-10.09.22-5-300x225.jpeg 300w, https:\/\/tvtecjundiai.com.br\/news\/wp-content\/uploads\/sites\/2\/2023\/07\/WhatsApp-Image-2023-07-15-at-10.09.22-5-768x576.jpeg 768w, https:\/\/tvtecjundiai.com.br\/news\/wp-content\/uploads\/sites\/2\/2023\/07\/WhatsApp-Image-2023-07-15-at-10.09.22-5.jpeg 1280w\" sizes=\"auto, (max-width: 622px) 100vw, 622px\" \/><figcaption class=\"wp-element-caption\">Edmara Barros, da Mellow Croch\u00ea Criativo<\/figcaption><\/figure>\n<\/div>\n\n\n<p><\/p>\n\n\n\n<p>Adriana Scarabelini, da Asinhas Arteiras, vende itens de papelaria criativa e personalizada e conheceu o Galp\u00e3o Criativo pelas redes sociais. &#8220;Depois de ver na internet, vim conhecer o Galp\u00e3o de perto e recebi a proposta de participar das qualifica\u00e7\u00f5es. Estar aqui hoje \u00e9 uma grande conquista e, al\u00e9m da expectativa de vender, meu grande foco \u00e9 divulgar o meu trabalho para que mais pessoas queiram encomendar agendas e cadernos personalizados&#8221;, explicou.<\/p>\n\n\n<div class=\"wp-block-image\">\n<figure class=\"aligncenter size-large is-resized\"><img loading=\"lazy\" decoding=\"async\" src=\"https:\/\/tvtecjundiai.com.br\/news\/wp-content\/uploads\/sites\/2\/2023\/07\/WhatsApp-Image-2023-07-15-at-10.09.22-3-1200x900.jpeg\" alt=\"\" class=\"wp-image-112445\" width=\"634\" height=\"476\" srcset=\"https:\/\/tvtecjundiai.com.br\/news\/wp-content\/uploads\/sites\/2\/2023\/07\/WhatsApp-Image-2023-07-15-at-10.09.22-3-1200x900.jpeg 1200w, https:\/\/tvtecjundiai.com.br\/news\/wp-content\/uploads\/sites\/2\/2023\/07\/WhatsApp-Image-2023-07-15-at-10.09.22-3-300x225.jpeg 300w, https:\/\/tvtecjundiai.com.br\/news\/wp-content\/uploads\/sites\/2\/2023\/07\/WhatsApp-Image-2023-07-15-at-10.09.22-3-768x576.jpeg 768w, https:\/\/tvtecjundiai.com.br\/news\/wp-content\/uploads\/sites\/2\/2023\/07\/WhatsApp-Image-2023-07-15-at-10.09.22-3.jpeg 1280w\" sizes=\"auto, (max-width: 634px) 100vw, 634px\" \/><figcaption class=\"wp-element-caption\">Adriana Scarabelini, da Asinhas Arteiras<\/figcaption><\/figure>\n<\/div>\n\n\n<p><\/p>\n\n\n\n<p><strong>6\u00aa edi\u00e7\u00e3o do Galp\u00e3o Criativo<\/strong><\/p>\n\n\n\n<p><strong>Endere\u00e7o:<\/strong>&nbsp;Avenida Dr. Cavalcanti, 396, Complexo Argos<\/p>\n\n\n\n<p><strong>Data e hor\u00e1rio:<\/strong>&nbsp;s\u00e1bado (15), das 10h \u00e0s 18h. Entrada gratuita.<\/p>\n\n\n\n<p><strong>Instagram:<\/strong>&nbsp;<a href=\"https:\/\/www.instagram.com\/galpaocriativojundiai\/\">@galpaocriativojundiai<\/a><\/p>\n\n\n\n<p><em><strong>(Fonte\/Imagens: TVTEC Jundia\u00ed)<\/strong><\/em><\/p>\n","protected":false},"excerpt":{"rendered":"<p>Est\u00e3o reunidos na TVTEC Jundia\u00ed cerca de 80 profissionais de diferentes \u00e1reas da economia criativa<\/p>\n","protected":false},"author":30,"featured_media":112447,"comment_status":"closed","ping_status":"0","sticky":false,"template":"","format":"standard","meta":{"footnotes":""},"categories":[8408,8356,1],"tags":[],"class_list":["post-112444","post","type-post","status-publish","format-standard","has-post-thumbnail","hentry","category-galpao-criativo","category-jundiai","category-noticias"],"_links":{"self":[{"href":"https:\/\/tvtecjundiai.com.br\/news\/wp-json\/wp\/v2\/posts\/112444","targetHints":{"allow":["GET"]}}],"collection":[{"href":"https:\/\/tvtecjundiai.com.br\/news\/wp-json\/wp\/v2\/posts"}],"about":[{"href":"https:\/\/tvtecjundiai.com.br\/news\/wp-json\/wp\/v2\/types\/post"}],"author":[{"embeddable":true,"href":"https:\/\/tvtecjundiai.com.br\/news\/wp-json\/wp\/v2\/users\/30"}],"replies":[{"embeddable":true,"href":"https:\/\/tvtecjundiai.com.br\/news\/wp-json\/wp\/v2\/comments?post=112444"}],"version-history":[{"count":3,"href":"https:\/\/tvtecjundiai.com.br\/news\/wp-json\/wp\/v2\/posts\/112444\/revisions"}],"predecessor-version":[{"id":112450,"href":"https:\/\/tvtecjundiai.com.br\/news\/wp-json\/wp\/v2\/posts\/112444\/revisions\/112450"}],"wp:featuredmedia":[{"embeddable":true,"href":"https:\/\/tvtecjundiai.com.br\/news\/wp-json\/wp\/v2\/media\/112447"}],"wp:attachment":[{"href":"https:\/\/tvtecjundiai.com.br\/news\/wp-json\/wp\/v2\/media?parent=112444"}],"wp:term":[{"taxonomy":"category","embeddable":true,"href":"https:\/\/tvtecjundiai.com.br\/news\/wp-json\/wp\/v2\/categories?post=112444"},{"taxonomy":"post_tag","embeddable":true,"href":"https:\/\/tvtecjundiai.com.br\/news\/wp-json\/wp\/v2\/tags?post=112444"}],"curies":[{"name":"wp","href":"https:\/\/api.w.org\/{rel}","templated":true}]}}