{"id":112458,"date":"2023-07-15T16:36:15","date_gmt":"2023-07-15T19:36:15","guid":{"rendered":"https:\/\/tvtecjundiai.com.br\/news\/?p=112458"},"modified":"2023-07-15T16:36:20","modified_gmt":"2023-07-15T19:36:20","slug":"saude-e-diversao-marcam-o-lancamento-do-programa-qualidade-de-vida-nos-terminais-em-jundiai","status":"publish","type":"post","link":"https:\/\/tvtecjundiai.com.br\/news\/2023\/07\/15\/saude-e-diversao-marcam-o-lancamento-do-programa-qualidade-de-vida-nos-terminais-em-jundiai\/","title":{"rendered":"Sa\u00fade e divers\u00e3o marcam o lan\u00e7amento do programa Qualidade de Vida nos Terminais em Jundia\u00ed"},"content":{"rendered":"\n<p>Com aplica\u00e7\u00e3o de mais de 300 doses de vacinas e 88 atendimentos para aferi\u00e7\u00e3o de press\u00e3o arterial, al\u00e9m de orienta\u00e7\u00e3o de sa\u00fade bucal, pipoca e bal\u00f5es, o lan\u00e7amento do programa Qualidade de Vida nos Terminais, na manh\u00e3 deste s\u00e1bado (15), no Terminal Hortol\u00e2ndia, recebeu elogios dos usu\u00e1rios do transporte p\u00fablico coletivo. A iniciativa da Prefeitura, por meio das Unidades de Gest\u00e3o de Mobilidade e Transporte (UGMT) e de Promo\u00e7\u00e3o da Sa\u00fade (UGPS), com apoio do Sindicato dos Rodovi\u00e1rios de Jundia\u00ed e Regi\u00e3o, beneficiou trabalhadores e fam\u00edlias que, enquanto aguardavam o \u00f4nibus, participaram das a\u00e7\u00f5es.<\/p>\n\n\n\n<figure class=\"wp-block-image\"><img decoding=\"async\" src=\"https:\/\/jundiai.sp.gov.br\/noticias\/wp-content\/uploads\/sites\/32\/2023\/07\/qualidade-de-vida-nos-terminais_-124-1280x854.jpg\" alt=\"Na imagem, est\u00e1 um \u00f4nibus amarelo das linhas de Jundia\u00ed, que est\u00e1 com as portas abertas, e dentro, as pessoas podem tomar vacina. Do lado de fora, na plataforma do Terminal Hortol\u00e2ndia, equipes da sa\u00fade fazem cadastro e triagem e realizam orienta\u00e7\u00f5es de Sa\u00fade. \u00c9 o programa Qualidade de Vida nos Terminais.\" class=\"wp-image-322067\" \/><figcaption class=\"wp-element-caption\">Vacina\u00e7\u00e3o, aferi\u00e7\u00e3o de press\u00e3o e orienta\u00e7\u00f5es integram o programa desenvolvido nos terminais<\/figcaption><\/figure>\n\n\n\n<p>Josiete Ferreira de Lima, auxiliar de cozinha, mora no bairro Engordadouro, e estava&nbsp;companhada da filha Michele, 8 anos, e da amiga Maria do Socorro. \u201cNo nosso dia a dia, a gente n\u00e3o tem tempo. Achei \u00f3tima essa oportunidade, porque aproveitei para cuidar da sa\u00fade, minha filha para cuidar dos dentes, e ainda adoramos os mascotes. Excelente!\u201d<\/p>\n\n\n\n<p>Auxiliar de log\u00edstica, Vin\u00edcius Pigozzi, morador no bairro Morada das Vinhas, aproveitou para tomar as doses de vacina contra Gripe e contra Covid-19. \u201cTrabalho \u00e0 noite e, durante o dia, al\u00e9m de descansar, resolvo outras coisas. Estava sem tempo para tomar vacina. Aproveitei que estava indo para casa, enquanto meu \u00f4nibus n\u00e3o chegou, j\u00e1 tomei as duas.\u201d<\/p>\n\n\n\n<figure class=\"wp-block-image\"><img decoding=\"async\" src=\"https:\/\/jundiai.sp.gov.br\/noticias\/wp-content\/uploads\/sites\/32\/2023\/07\/qualidade-de-vida-nos-terminais_-69-1-1280x854.jpg\" alt=\"Na imagem, est\u00e1 um jovem - auxiliar de log\u00edstica, Vin\u00edcius Pigozzi, morador no bairro Morada das Vinhas, que aproveita para tomar as doses de vacina contra Gripe e contra Covid-19. \" class=\"wp-image-322068\" \/><figcaption class=\"wp-element-caption\">Vin\u00edcius trabalha \u00e0 noite, e aproveitou para tomar as vacinas contra Gripe e Covid<\/figcaption><\/figure>\n\n\n\n<p>Moradora no Jardim Tarum\u00e3, a qu\u00edmica Rita Contreras, passou pelo atendimento de aferi\u00e7\u00e3o da press\u00e3o arterial. \u201cFiquei feliz de saber que estou com sa\u00fade, e a press\u00e3o est\u00e1 boa. Estou surpresa com essa a\u00e7\u00e3o, porque, \u00e9 r\u00e1pida e todos s\u00e3o atenciosos. Parab\u00e9ns.\u201d<\/p>\n\n\n\n<figure class=\"wp-block-image\"><img decoding=\"async\" src=\"https:\/\/jundiai.sp.gov.br\/noticias\/wp-content\/uploads\/sites\/32\/2023\/07\/qualidade-de-vida-nos-terminais_-105-1-1280x815.jpg\" alt=\"Na imagem, est\u00e1 uma mulher que est\u00e1 passando por atendimento para aferi\u00e7\u00e3o de press\u00e3o arterial. Ela est\u00e1 sentada do lado de fora do \u00f4nibus, onde tem uma equipe de enfermeiros.\" class=\"wp-image-322069\" \/><figcaption class=\"wp-element-caption\">Rita passou pela aferi\u00e7\u00e3o da press\u00e3o arterial, e ficou feliz por estar tudo bem com a sa\u00fade dela<\/figcaption><\/figure>\n\n\n\n<p>O Qualidade de Vida nos Terminais tem o prop\u00f3sito de levar orienta\u00e7\u00f5es e atendimentos \u00e0 popula\u00e7\u00e3o, sendo um programa que consegue atingir diversos p\u00fablicos, j\u00e1 que os terminais t\u00eam constante circula\u00e7\u00e3o de pessoas. \u201cO governo municipal investe em a\u00e7\u00f5es para que mais pessoas tenham acesso \u00e0s orienta\u00e7\u00f5es de sa\u00fade. Aqui, no Terminal Hortol\u00e2ndia, as equipes da Mobilidade e Transporte juntamente com as da Sa\u00fade destinaram o atendimento para quem n\u00e3o tem tempo para fazer exames, tomar vacina e tamb\u00e9m ensinaram as crian\u00e7as a fazerem a escova\u00e7\u00e3o dos dentes\u201d, comenta o gestor de Governo e Finan\u00e7as, Jos\u00e9 Antonio Parimoschi.<\/p>\n\n\n\n<p>Com parceria e envolvimento de mais unidades gestoras, a a\u00e7\u00e3o refor\u00e7a o trabalho proativo do Governo Municipal. \u201cA gente consegue integrar a proatividade para favorecer a popula\u00e7\u00e3o em um ambiente onde as pessoas est\u00e3o preocupadas com hor\u00e1rios e seus deslocamentos, e isso vai ao encontro do compromisso do prefeito Luiz Fernando Machado\u201d, explica o gestor de Mobilidade e Transporte, Aloysio Queiroz.<\/p>\n\n\n\n<figure class=\"wp-block-image\"><img decoding=\"async\" src=\"https:\/\/jundiai.sp.gov.br\/noticias\/wp-content\/uploads\/sites\/32\/2023\/07\/qualidade-de-vida-nos-terminais_-117-3-1280x854.jpg\" alt=\"Na foto, est\u00e3o o gestor de Mobilidade e Transporte e dois enfermeiros da equipe da Sa\u00fade, e eles falam da parceria para levar mais atendimento \u00e0 popula\u00e7\u00e3o.\" class=\"wp-image-322070\" \/><figcaption class=\"wp-element-caption\">Atendimento proativo \u00e9 gra\u00e7as \u00e0 parceria de unidades gestoras da Prefeitura<\/figcaption><\/figure>\n\n\n\n<p>\u201cA partir do momento que a gente vai at\u00e9 a comunidade para levar sa\u00fade para todos, a gente consegue impactar e sensibilizar mais pessoas para os cuidados com preven\u00e7\u00e3o e aten\u00e7\u00e3o b\u00e1sica, o que \u00e9 muito importante\u201d, afirma a apoiadora institucional do departamento de Aten\u00e7\u00e3o B\u00e1sica da UGPS, Gleice Luiza.<br><br>As a\u00e7\u00f5es do programa ser\u00e3o realizadas em todos os terminais urbanos de Jundia\u00ed at\u00e9 o fim do ano, sendo em um terminal diferente, a cada m\u00eas.<\/p>\n\n\n\n<figure class=\"wp-block-image\"><img decoding=\"async\" src=\"https:\/\/jundiai.sp.gov.br\/noticias\/wp-content\/uploads\/sites\/32\/2023\/07\/qualidade-de-vida-nos-terminais_-126-1280x854.jpg\" alt=\"Na imagem, tem uma crian\u00e7a - menina - com os mascotes da Sa\u00fade - Z\u00e9 Gotinha e Maria Gotinha - e o Vaguinho da UGMT\" class=\"wp-image-322073\" \/><figcaption class=\"wp-element-caption\">Mascotes da UGMT e da Sa\u00fade garantiram a divers\u00e3o para a crian\u00e7ada<\/figcaption><\/figure>\n\n\n\n<p>Fonte \/ Imagem: Prefeitura de Jundia\u00ed <\/p>\n","protected":false},"excerpt":{"rendered":"<p>Mascotes da UGMT e da Sa\u00fade garantiram a divers\u00e3o para a crian\u00e7ada<\/p>\n","protected":false},"author":24,"featured_media":112459,"comment_status":"closed","ping_status":"0","sticky":false,"template":"","format":"standard","meta":{"footnotes":""},"categories":[8356],"tags":[],"class_list":["post-112458","post","type-post","status-publish","format-standard","has-post-thumbnail","hentry","category-jundiai"],"_links":{"self":[{"href":"https:\/\/tvtecjundiai.com.br\/news\/wp-json\/wp\/v2\/posts\/112458","targetHints":{"allow":["GET"]}}],"collection":[{"href":"https:\/\/tvtecjundiai.com.br\/news\/wp-json\/wp\/v2\/posts"}],"about":[{"href":"https:\/\/tvtecjundiai.com.br\/news\/wp-json\/wp\/v2\/types\/post"}],"author":[{"embeddable":true,"href":"https:\/\/tvtecjundiai.com.br\/news\/wp-json\/wp\/v2\/users\/24"}],"replies":[{"embeddable":true,"href":"https:\/\/tvtecjundiai.com.br\/news\/wp-json\/wp\/v2\/comments?post=112458"}],"version-history":[{"count":1,"href":"https:\/\/tvtecjundiai.com.br\/news\/wp-json\/wp\/v2\/posts\/112458\/revisions"}],"predecessor-version":[{"id":112460,"href":"https:\/\/tvtecjundiai.com.br\/news\/wp-json\/wp\/v2\/posts\/112458\/revisions\/112460"}],"wp:featuredmedia":[{"embeddable":true,"href":"https:\/\/tvtecjundiai.com.br\/news\/wp-json\/wp\/v2\/media\/112459"}],"wp:attachment":[{"href":"https:\/\/tvtecjundiai.com.br\/news\/wp-json\/wp\/v2\/media?parent=112458"}],"wp:term":[{"taxonomy":"category","embeddable":true,"href":"https:\/\/tvtecjundiai.com.br\/news\/wp-json\/wp\/v2\/categories?post=112458"},{"taxonomy":"post_tag","embeddable":true,"href":"https:\/\/tvtecjundiai.com.br\/news\/wp-json\/wp\/v2\/tags?post=112458"}],"curies":[{"name":"wp","href":"https:\/\/api.w.org\/{rel}","templated":true}]}}