{"id":112500,"date":"2023-07-17T10:45:20","date_gmt":"2023-07-17T13:45:20","guid":{"rendered":"https:\/\/tvtecjundiai.com.br\/news\/?p=112500"},"modified":"2023-07-17T10:45:21","modified_gmt":"2023-07-17T13:45:21","slug":"portal-jundiai-empreendedora-anuncia-mais-de-16-mil-vagas-de-emprego-nesta-segunda-feira-17","status":"publish","type":"post","link":"https:\/\/tvtecjundiai.com.br\/news\/2023\/07\/17\/portal-jundiai-empreendedora-anuncia-mais-de-16-mil-vagas-de-emprego-nesta-segunda-feira-17\/","title":{"rendered":"Portal Jundia\u00ed Empreendedora anuncia mais de 1,6 mil vagas de emprego nesta segunda-feira (17)"},"content":{"rendered":"\n<p>O Portal Jundia\u00ed Empreendedora iniciou a semana com uma excelente not\u00edcia para os trabalhadores da regi\u00e3o. Em colabora\u00e7\u00e3o com empresas e ag\u00eancias de emprego locais, o portal est\u00e1 divulgando a abertura de mais de 1,6 mil vagas de emprego em diversas \u00e1reas e empresas.<\/p>\n\n\n\n<p>A ampla oferta de oportunidades promete beneficiar os profissionais que buscam recoloca\u00e7\u00e3o no mercado de trabalho ou desejam explorar novas \u00e1reas de atua\u00e7\u00e3o. Com vagas dispon\u00edveis para diferentes perfis e n\u00edveis de experi\u00eancia, h\u00e1 op\u00e7\u00f5es para todos os interessados.<\/p>\n\n\n<div class=\"wp-block-image\">\n<figure class=\"aligncenter size-large\"><img loading=\"lazy\" decoding=\"async\" width=\"1200\" height=\"797\" src=\"https:\/\/tvtecjundiai.com.br\/news\/wp-content\/uploads\/sites\/2\/2023\/07\/image-1-1200x797.png\" alt=\"\" class=\"wp-image-112504\" srcset=\"https:\/\/tvtecjundiai.com.br\/news\/wp-content\/uploads\/sites\/2\/2023\/07\/image-1-1200x797.png 1200w, https:\/\/tvtecjundiai.com.br\/news\/wp-content\/uploads\/sites\/2\/2023\/07\/image-1-300x199.png 300w, https:\/\/tvtecjundiai.com.br\/news\/wp-content\/uploads\/sites\/2\/2023\/07\/image-1-768x510.png 768w, https:\/\/tvtecjundiai.com.br\/news\/wp-content\/uploads\/sites\/2\/2023\/07\/image-1.png 1280w\" sizes=\"auto, (max-width: 1200px) 100vw, 1200px\" \/><figcaption class=\"wp-element-caption\">Os interessados devem acessar o portal para se candidatar.<\/figcaption><\/figure>\n<\/div>\n\n\n<p>Os candidatos podem conferir as vagas dispon\u00edveis e se candidatar por meio do Portal Jundia\u00ed Empreendedora, que oferece um ambiente pr\u00e1tico e acess\u00edvel para a busca de emprego. Basta acessar o site, selecionar as vagas de interesse e seguir as instru\u00e7\u00f5es para o envio do curr\u00edculo.<\/p>\n\n\n\n<ul class=\"wp-block-list\">\n<li>Motorista de Caminh\u00e3o-Carreta (18 vagas) na Logmam Transportes. Candidaturas at\u00e9 o dia 28 de julho.<\/li>\n\n\n\n<li>Auxiliar de Log\u00edstica (5 vagas) na Schenker do Brasil Transportes. Candidaturas at\u00e9 o dia 28 de julho.<\/li>\n\n\n\n<li>Auxiliar de Limpeza (10 vagas) na Verzani e Sandrini Administra\u00e7\u00e3o de M\u00e3o de Obra. Candidaturas at\u00e9 o dia 27 de julho.<\/li>\n\n\n\n<li>Promotor de Vendas (5 vagas) em Persona Marketing e Promo\u00e7\u00e3o. Candidaturas at\u00e9 o dia 27 de julho.<\/li>\n\n\n\n<li>Atendente Central de Telemarketing (150 vagas) atrav\u00e9s da Efetiva RH \u2013 Servi\u00e7os Tempor\u00e1rios. Candidaturas at\u00e9 o dia 27 de julho.<\/li>\n\n\n\n<li>Assistente Administrativo (1 vaga,&nbsp;<strong>exclusiva para Pessoas com Defici\u00eancia<\/strong>) na Bemarco Estruturas. Candidaturas at\u00e9 o dia 24 de julho.<\/li>\n\n\n\n<li>Auxiliar de Linha de Produ\u00e7\u00e3o (2 vagas,&nbsp;<strong>exclusivas para Pessoas com Defici\u00eancia<\/strong>) na CRM Ind\u00fastria e Com\u00e9rcio. Candidaturas at\u00e9 o dia 25 de julho.<\/li>\n\n\n\n<li>Fiscal de Loja (2 vagas,&nbsp;<strong>exclusivas para Pessoas com Defici\u00eancia<\/strong>) na C&amp;A Modas. Candidaturas at\u00e9 o dia 21 de julho.<\/li>\n\n\n\n<li>Consultor de Vendas (5 vagas) na Orbyka. Candidaturas at\u00e9 o dia 19 de julho.<\/li>\n<\/ul>\n\n\n\n<p><\/p>\n\n\n\n<p>Todas as vagas est\u00e3o dispon\u00edveis no site: web.jundiai.sp.gov.br\/PMJ\/emprega\/Vaga. Os interessados devem acessar o portal para se candidatar. No espa\u00e7o virtual, encontram-se informa\u00e7\u00f5es sobre o cargo ofertado, a empresa, o n\u00famero de vagas dispon\u00edveis e outros detalhes relevantes. Para se candidatar, basta cadastrar-se no site e, em seguida, clicar em &#8220;Candidatar-se&#8221; na vaga desejada. <\/p>\n\n\n\n<p><strong><em>Fonte: TV TEC Jundia\u00ed<\/em><\/strong> <strong><em>\/ Imagem<\/em><\/strong>: <em><strong>Divulga\u00e7\u00e3o<\/strong><\/em><\/p>\n\n\n\n<p><\/p>\n\n\n\n<p><a rel=\"noreferrer noopener\" href=\"https:\/\/tribunadejundiai.com.br\/?sid=53&amp;bsa_pro_id=105&amp;bsa_pro_url=www.tribunadejundiai.com.br\" target=\"_blank\"><\/a><\/p>\n","protected":false},"excerpt":{"rendered":"<p>Os interessados devem acessar o portal para se candidatar.<\/p>\n","protected":false},"author":30,"featured_media":112504,"comment_status":"closed","ping_status":"0","sticky":false,"template":"","format":"standard","meta":{"footnotes":""},"categories":[5038,8363,8356,1],"tags":[],"class_list":["post-112500","post","type-post","status-publish","format-standard","has-post-thumbnail","hentry","category-emprego","category-emprego-2","category-jundiai","category-noticias"],"_links":{"self":[{"href":"https:\/\/tvtecjundiai.com.br\/news\/wp-json\/wp\/v2\/posts\/112500","targetHints":{"allow":["GET"]}}],"collection":[{"href":"https:\/\/tvtecjundiai.com.br\/news\/wp-json\/wp\/v2\/posts"}],"about":[{"href":"https:\/\/tvtecjundiai.com.br\/news\/wp-json\/wp\/v2\/types\/post"}],"author":[{"embeddable":true,"href":"https:\/\/tvtecjundiai.com.br\/news\/wp-json\/wp\/v2\/users\/30"}],"replies":[{"embeddable":true,"href":"https:\/\/tvtecjundiai.com.br\/news\/wp-json\/wp\/v2\/comments?post=112500"}],"version-history":[{"count":3,"href":"https:\/\/tvtecjundiai.com.br\/news\/wp-json\/wp\/v2\/posts\/112500\/revisions"}],"predecessor-version":[{"id":112505,"href":"https:\/\/tvtecjundiai.com.br\/news\/wp-json\/wp\/v2\/posts\/112500\/revisions\/112505"}],"wp:featuredmedia":[{"embeddable":true,"href":"https:\/\/tvtecjundiai.com.br\/news\/wp-json\/wp\/v2\/media\/112504"}],"wp:attachment":[{"href":"https:\/\/tvtecjundiai.com.br\/news\/wp-json\/wp\/v2\/media?parent=112500"}],"wp:term":[{"taxonomy":"category","embeddable":true,"href":"https:\/\/tvtecjundiai.com.br\/news\/wp-json\/wp\/v2\/categories?post=112500"},{"taxonomy":"post_tag","embeddable":true,"href":"https:\/\/tvtecjundiai.com.br\/news\/wp-json\/wp\/v2\/tags?post=112500"}],"curies":[{"name":"wp","href":"https:\/\/api.w.org\/{rel}","templated":true}]}}