{"id":112558,"date":"2023-07-18T15:39:10","date_gmt":"2023-07-18T18:39:10","guid":{"rendered":"https:\/\/tvtecjundiai.com.br\/news\/?p=112558"},"modified":"2023-07-18T15:39:10","modified_gmt":"2023-07-18T18:39:10","slug":"jundiai-realiza-1o-workshop-de-seguranca-publica-e-educacao","status":"publish","type":"post","link":"https:\/\/tvtecjundiai.com.br\/news\/2023\/07\/18\/jundiai-realiza-1o-workshop-de-seguranca-publica-e-educacao\/","title":{"rendered":"Jundia\u00ed realiza 1\u00ba WorkShop de Seguran\u00e7a p\u00fablica e Educa\u00e7\u00e3o\u00a0"},"content":{"rendered":"\n<p>Entre os dias 17 e 21 de julho, a Guarda Municipal de Jundia\u00ed (GMJ), em parceria com a Unidade de Gest\u00e3o de Educa\u00e7\u00e3o (UGE), realiza o 1\u00ba Workshop sobre Programas Preventivos e Parceria entre plataformas com as Unidades de Gest\u00e3o de Seguran\u00e7a P\u00fablica (UGSM) e Educa\u00e7\u00e3o (UGE). A forma\u00e7\u00e3o acontece no audit\u00f3rio Elis Regina, localizado no complexo Argos, e encerra na sexta-feira (21) com a visita dos 14 munic\u00edpios convidados ao Mundo das Crian\u00e7as.<\/p>\n\n\n<div class=\"wp-block-image\">\n<figure class=\"aligncenter\"><img decoding=\"async\" src=\"https:\/\/jundiai.sp.gov.br\/noticias\/wp-content\/uploads\/sites\/32\/2023\/07\/primeiro_workshop_seguranca-e-educacao_m_-28-4-1280x854.jpg\" alt=\"\" class=\"wp-image-322142\" \/><figcaption class=\"wp-element-caption\">Atividade \u00e9 realizada em parceria entre as unidades de Gest\u00e3o de Educa\u00e7\u00e3o e Seguran\u00e7a P\u00fablica<\/figcaption><\/figure>\n<\/div>\n\n\n<p>O Workshop visa a troca de experi\u00eancias sobre as pol\u00edticas p\u00fablicas para as crian\u00e7as, mostrando os trabalhos desenvolvidos em sala de aula com os estudantes do Ensino Fundamental I. Estar\u00e3o presentes as cidades de Cabre\u00fava, Itupeva, Botucatu, Embu das Artes, Campinas, Itapecerica da Serra, Itatiba, Ourinhos, Praia Grande, Socorro, Sorocaba, V\u00e1rzea Paulista, Campo Limpo Paulista e Osasco.<\/p>\n\n\n\n<p>Tamb\u00e9m estiveram presentes na abertura, o subinspetor da GM M\u00e1rcio Roberto de Lima, o vereador Marcelo Gastaldo, o comandante da GM, Benedito Moreno, e a Gestora de Educa\u00e7\u00e3o, Vast\u00ed Ferrari Marques. \u201cA Cidade das Crian\u00e7as \u00e9 um Programa que precisa ser trabalhado em todas as unidades de gest\u00e3o. Pensamos nas crian\u00e7as frente aos desafios da Educa\u00e7\u00e3o, Sa\u00fade, Assist\u00eancia Social, Mobilidade urbana, Tr\u00e2nsito, Finan\u00e7as e Administra\u00e7\u00e3o p\u00fablica. Enfim, todos n\u00f3s somos respons\u00e1veis em fazer uma cidade melhor para nossos meninos e meninas. Trabalhamos com as crian\u00e7as no presente pensando no futuro de Jundia\u00ed. As crian\u00e7as s\u00e3o fontes da nossa inspira\u00e7\u00e3o e preocupa\u00e7\u00e3o di\u00e1ria. Por isso trabalhar juntos por elas faz muito sentido\u201d explica a gestora.<\/p>\n\n\n\n<p>A parceria entre a Educa\u00e7\u00e3o e a Guarda Municipal de Jundia\u00ed \u00e9 realizada h\u00e1 tempos, por\u00e9m, h\u00e1 dois anos, o Programa Ludicidadania passou por uma estrutura\u00e7\u00e3o pedag\u00f3gica e passou a ser incorporar a sala de aula. Atualmente, mais de mil crian\u00e7as s\u00e3o beneficiadas com as atividades do programa, com a contrata\u00e7\u00e3o de novos profissionais, a tend\u00eancia \u00e9 aumentar no pr\u00f3ximo ano.<\/p>\n\n\n\n<p>Para o GM Douglas Barban, o trabalho \u00e9 important\u00edssimo nessa fase da vida das crian\u00e7as. \u201cA import\u00e2ncia do nosso trabalho em sala de aula \u00e9 mostrar para as crian\u00e7as que elas podem mudar o mundo. A guarda est\u00e1 ali para auxiliar e mostrar que pedir ajuda n\u00e3o \u00e9 vergonhoso, \u00e9 necess\u00e1rio. Uma comunica\u00e7\u00e3o n\u00e3o violenta faz uma crian\u00e7a feliz\u201d, conclui o Guarda Municipal.<\/p>\n\n\n\n<p><strong><em>Fonte \/ Imagem: Prefeitura de Jundia\u00ed<\/em><\/strong><\/p>\n","protected":false},"excerpt":{"rendered":"<p>Atividade \u00e9 realizada em parceria entre as unidades de Gest\u00e3o de Educa\u00e7\u00e3o e Seguran\u00e7a P\u00fablica<\/p>\n","protected":false},"author":30,"featured_media":112559,"comment_status":"closed","ping_status":"0","sticky":false,"template":"","format":"standard","meta":{"footnotes":""},"categories":[8356,1,4831],"tags":[],"class_list":["post-112558","post","type-post","status-publish","format-standard","has-post-thumbnail","hentry","category-jundiai","category-noticias","category-seguranca"],"_links":{"self":[{"href":"https:\/\/tvtecjundiai.com.br\/news\/wp-json\/wp\/v2\/posts\/112558","targetHints":{"allow":["GET"]}}],"collection":[{"href":"https:\/\/tvtecjundiai.com.br\/news\/wp-json\/wp\/v2\/posts"}],"about":[{"href":"https:\/\/tvtecjundiai.com.br\/news\/wp-json\/wp\/v2\/types\/post"}],"author":[{"embeddable":true,"href":"https:\/\/tvtecjundiai.com.br\/news\/wp-json\/wp\/v2\/users\/30"}],"replies":[{"embeddable":true,"href":"https:\/\/tvtecjundiai.com.br\/news\/wp-json\/wp\/v2\/comments?post=112558"}],"version-history":[{"count":1,"href":"https:\/\/tvtecjundiai.com.br\/news\/wp-json\/wp\/v2\/posts\/112558\/revisions"}],"predecessor-version":[{"id":112560,"href":"https:\/\/tvtecjundiai.com.br\/news\/wp-json\/wp\/v2\/posts\/112558\/revisions\/112560"}],"wp:featuredmedia":[{"embeddable":true,"href":"https:\/\/tvtecjundiai.com.br\/news\/wp-json\/wp\/v2\/media\/112559"}],"wp:attachment":[{"href":"https:\/\/tvtecjundiai.com.br\/news\/wp-json\/wp\/v2\/media?parent=112558"}],"wp:term":[{"taxonomy":"category","embeddable":true,"href":"https:\/\/tvtecjundiai.com.br\/news\/wp-json\/wp\/v2\/categories?post=112558"},{"taxonomy":"post_tag","embeddable":true,"href":"https:\/\/tvtecjundiai.com.br\/news\/wp-json\/wp\/v2\/tags?post=112558"}],"curies":[{"name":"wp","href":"https:\/\/api.w.org\/{rel}","templated":true}]}}