{"id":112630,"date":"2023-07-19T17:13:51","date_gmt":"2023-07-19T20:13:51","guid":{"rendered":"https:\/\/tvtecjundiai.com.br\/news\/?p=112630"},"modified":"2023-07-19T17:13:52","modified_gmt":"2023-07-19T20:13:52","slug":"assessoria-para-igualdade-racial-realiza-reuniao-com-representantes-das-batalhas-de-mcs","status":"publish","type":"post","link":"https:\/\/tvtecjundiai.com.br\/news\/2023\/07\/19\/assessoria-para-igualdade-racial-realiza-reuniao-com-representantes-das-batalhas-de-mcs\/","title":{"rendered":"Assessoria para Igualdade Racial realiza reuni\u00e3o com representantes das batalhas de Mc\u2019s"},"content":{"rendered":"\n<p>A Assessoria de Pol\u00edticas para Igualdade Racial, que est\u00e1 ligada \u00e0 Unidade de Gest\u00e3o da Casa Civil (UGCC), realizou nesta ter\u00e7a-feira (18), no audit\u00f3rio do Pa\u00e7o Municipal, uma reuni\u00e3o com representantes das Batalhas de Mc\u2019s da Regi\u00e3o Metropolitana de Jundia\u00ed (RMJ). A reuni\u00e3o teve como foco o fomento ao empreendedorismo criativo e a discuss\u00e3o dos caminhos para impulsionar e profissionalizar a categoria.<\/p>\n\n\n\n<p>\u201cFico muito feliz em ver que um movimento historicamente marginalizado est\u00e1 crescendo e buscando a profissionaliza\u00e7\u00e3o. N\u00f3s, como Poder P\u00fablico, apoiamos as a\u00e7\u00f5es envolvendo o Hip-Hop e estamos \u00e0 disposi\u00e7\u00e3o para discutir os avan\u00e7os de forma conjunta\u201d, afirma o Assessor de Pol\u00edticas para Igualdade Racial, Jensen Silva.<\/p>\n\n\n<div class=\"wp-block-image\">\n<figure class=\"aligncenter\"><img decoding=\"async\" src=\"https:\/\/jundiai.sp.gov.br\/noticias\/wp-content\/uploads\/sites\/32\/2023\/07\/whatsapp-image-2023-07-19-at-08-40-27-1.jpeg\" alt=\"\" class=\"wp-image-322236\" \/><figcaption class=\"wp-element-caption\">Reuni\u00e3o aconteceu no audit\u00f3rio do Pa\u00e7o Municipal<\/figcaption><\/figure>\n<\/div>\n\n\n<p>A reuni\u00e3o contou com a presen\u00e7a de representantes da Batalha da Banca, Duelo do Bronx, Batalha da Apple Green, Batalha do Cerrado e Batalha do Campola, de Paulo Henrique (DJ Joker) representando o Conselho de Participa\u00e7\u00e3o e Desenvolvimento da Comunidade Negra (CMPDCN) e o Conselho Municipal de Pol\u00edticas Culturais (CMPC), al\u00e9m do Dr. Clayton Messias, representando o Senac Jundia\u00ed.<\/p>\n\n\n\n<p>\u201cTenho muito orgulho em ver o caminho que o Hip-Hop est\u00e1 tomando na cidade de Jundia\u00ed, porque o movimento hoje tem representa\u00e7\u00f5es fortes, pensam de forma coletiva e isso faz com que avance cada vez mais\u201d comenta Clayton Messias, que tem uma tese defendendo o Hip-Hop como instrumento de Educa\u00e7\u00e3o.<\/p>\n\n\n\n<p>O Hip-Hop nasceu no Brooklin em Nova York e far\u00e1 anivers\u00e1rio de 50 anos no pr\u00f3ximo m\u00eas de novembro e inicialmente foi constru\u00eddo em cima de quatro pilares que s\u00e3o o MC, o DJ, o Grafite e o B.Boy. Novas reuni\u00f5es para discuss\u00e3o de avan\u00e7o do tema ser\u00e3o realizadas pela gest\u00e3o.<\/p>\n\n\n\n<p><strong><em>Fonte \/ Imagem: Prefeitura de Jundia\u00ed<\/em><\/strong><\/p>\n","protected":false},"excerpt":{"rendered":"<p>Reuni\u00e3o aconteceu no audit\u00f3rio do Pa\u00e7o Municipal<\/p>\n","protected":false},"author":30,"featured_media":112632,"comment_status":"closed","ping_status":"0","sticky":false,"template":"","format":"standard","meta":{"footnotes":""},"categories":[8356,1],"tags":[],"class_list":["post-112630","post","type-post","status-publish","format-standard","has-post-thumbnail","hentry","category-jundiai","category-noticias"],"_links":{"self":[{"href":"https:\/\/tvtecjundiai.com.br\/news\/wp-json\/wp\/v2\/posts\/112630","targetHints":{"allow":["GET"]}}],"collection":[{"href":"https:\/\/tvtecjundiai.com.br\/news\/wp-json\/wp\/v2\/posts"}],"about":[{"href":"https:\/\/tvtecjundiai.com.br\/news\/wp-json\/wp\/v2\/types\/post"}],"author":[{"embeddable":true,"href":"https:\/\/tvtecjundiai.com.br\/news\/wp-json\/wp\/v2\/users\/30"}],"replies":[{"embeddable":true,"href":"https:\/\/tvtecjundiai.com.br\/news\/wp-json\/wp\/v2\/comments?post=112630"}],"version-history":[{"count":1,"href":"https:\/\/tvtecjundiai.com.br\/news\/wp-json\/wp\/v2\/posts\/112630\/revisions"}],"predecessor-version":[{"id":112634,"href":"https:\/\/tvtecjundiai.com.br\/news\/wp-json\/wp\/v2\/posts\/112630\/revisions\/112634"}],"wp:featuredmedia":[{"embeddable":true,"href":"https:\/\/tvtecjundiai.com.br\/news\/wp-json\/wp\/v2\/media\/112632"}],"wp:attachment":[{"href":"https:\/\/tvtecjundiai.com.br\/news\/wp-json\/wp\/v2\/media?parent=112630"}],"wp:term":[{"taxonomy":"category","embeddable":true,"href":"https:\/\/tvtecjundiai.com.br\/news\/wp-json\/wp\/v2\/categories?post=112630"},{"taxonomy":"post_tag","embeddable":true,"href":"https:\/\/tvtecjundiai.com.br\/news\/wp-json\/wp\/v2\/tags?post=112630"}],"curies":[{"name":"wp","href":"https:\/\/api.w.org\/{rel}","templated":true}]}}