{"id":112691,"date":"2023-07-21T09:34:33","date_gmt":"2023-07-21T12:34:33","guid":{"rendered":"https:\/\/tvtecjundiai.com.br\/news\/?p=112691"},"modified":"2023-07-21T09:34:36","modified_gmt":"2023-07-21T12:34:36","slug":"jovens-acolhidos-da-casa-transitoria-de-jundiai-visitam-a-horta-urbana-do-anhangabau","status":"publish","type":"post","link":"https:\/\/tvtecjundiai.com.br\/news\/2023\/07\/21\/jovens-acolhidos-da-casa-transitoria-de-jundiai-visitam-a-horta-urbana-do-anhangabau\/","title":{"rendered":"Jovens acolhidos da Casa Transit\u00f3ria de Jundia\u00ed visitam a Horta Urbana do Anhangaba\u00fa"},"content":{"rendered":"\n<p>Os cuidados com a terra e a import\u00e2ncia da preserva\u00e7\u00e3o do Meio Ambiente e da alimenta\u00e7\u00e3o saud\u00e1vel foram temas da visita de jovens acolhidos pela Casa Transit\u00f3ria na Horta Urbana do Anhangaba\u00fa, nesta quinta-feira (20). Os jovens foram recebidos pelo permission\u00e1rio da Horta, Mauro Baptista, e pela coordenadora do programa de Hortas Urbanas de Jundia\u00ed, Rita Stringari.<\/p>\n\n\n\n<p>\u201cSou do interior e minha fam\u00edlia sempre teve contato com a terra. E aqui na horta, eu quero tamb\u00e9m contribuir com os projetos sociais, do bairro e da cidade\u201d, disse o permission\u00e1rio da horta, Mauro Baptista. As crian\u00e7as e jovens puderam manusear a terra e tamb\u00e9m aprenderam sobre o plantio de hortali\u00e7as.<\/p>\n\n\n\n<figure class=\"wp-block-image\"><img decoding=\"async\" src=\"https:\/\/jundiai.sp.gov.br\/noticias\/wp-content\/uploads\/sites\/32\/2023\/07\/casa-transitoria_horta-urbana_m_-1-1-1280x854.jpg\" alt=\"\" class=\"wp-image-322411\" \/><figcaption class=\"wp-element-caption\">Horta do Anhangaba\u00fa deve come\u00e7ar a comercializa\u00e7\u00e3o de legumes e verduras em 20 dias<\/figcaption><\/figure>\n\n\n\n<p>\u201cO objetivo da a\u00e7\u00e3o \u00e9 mostrar \u00e0s crian\u00e7as e jovens o espa\u00e7o do bairro, mas tamb\u00e9m refor\u00e7ar as habilidades socioemocionais para a vida, como os cuidados com a terra e sobre a rela\u00e7\u00e3o com a natureza\u201d, refor\u00e7ou a coordenadora do programa Hortas Urbanas, Rita Stringari.<\/p>\n\n\n\n<p>A horta, que est\u00e1 na fase final de plantio, deve come\u00e7ar a comercializa\u00e7\u00e3o dos legumes e verduras em 20 dias. Ser\u00e3o disponibilizados quatro tipos de alface, al\u00e9m de couve, almeir\u00e3o, cebolinha, berinjela, abobrinha, beterraba, rabanete, lim\u00e3o siciliano, figo, entre outras culturas.<\/p>\n\n\n\n<p>\u201cN\u00f3s ficamos muito felizes em mostrar para as crian\u00e7as e jovens como funciona a horta. Al\u00e9m de ser um espa\u00e7o importante do bairro, eles aprendem sobre a import\u00e2ncia da alimenta\u00e7\u00e3o saud\u00e1vel. S\u00e3o conceitos que eles levar\u00e3o para a vida\u201d, disse a nutricionista da Casa Transit\u00f3ria, Elza Rodrigues.<\/p>\n\n\n\n<p>A Casa Transit\u00f3ria \u00e9 uma organiza\u00e7\u00e3o da sociedade civil (OSC) que abriga crian\u00e7as e adolescentes afastados do conv\u00edvio familiar. Durante o acolhimento, motivado por decis\u00e3o judicial por conta de viola\u00e7\u00e3o de direitos, \u00e9 realizado um trabalho junto \u00e0 rede socioassistencial at\u00e9 o retorno \u00e0 fam\u00edlia de origem, \u00e0 fam\u00edlia extensa (parentes pr\u00f3ximos) ou, esgotadas as possibilitadas, a ado\u00e7\u00e3o.<\/p>\n\n\n\n<p>\u201cUma horta urbana melhora a qualidade do ar, ameniza ilhas de calor,&nbsp;gera renda para quem cultiva e economia para quem compra produtos mais baratos, favorece o consumo de alimentos saud\u00e1veis, possibilita o contato com a natureza e o encontro comunit\u00e1rio. Al\u00e9m disso, permite que espa\u00e7os sem uso se tornem produtivos, trazendo benef\u00edcios ambientais, sociais e econ\u00f4micos para todos\u201d, disse a&nbsp;diretora do&nbsp;Departamento de Urbanismo<strong>,&nbsp;<\/strong>Sylvia Angelini.&nbsp;<\/p>\n\n\n\n<p>O Programa Horta Urbana \u00e9 coordenado pelo Departamento de Urbanismo; mais informa\u00e7\u00f5es podem ser encontradas no site da Prefeitura,&nbsp;<a rel=\"noreferrer noopener\" href=\"https:\/\/jundiai.sp.gov.br\/planejamento-e-meio-ambiente\/programas\/hortas-urbanas\/\" target=\"_blank\">neste link<\/a>. A Horta Urbana do Anhangaba\u00fa fica na Av. Dona Manoela Lacerda de Vergueiro, pr\u00f3xima ao cruzamento com a Rua Bar\u00e3o de Teff\u00e9.<\/p>\n\n\n\n<figure class=\"wp-block-image\"><img decoding=\"async\" src=\"https:\/\/jundiai.sp.gov.br\/noticias\/wp-content\/uploads\/sites\/32\/2023\/07\/casa-transitoria_horta-urbana_m_-42-1280x854.jpg\" alt=\"\" class=\"wp-image-322407\" \/><figcaption class=\"wp-element-caption\">Crian\u00e7as acolhidas pela Casa Transit\u00f3ria aprenderam sobre o plantio de hortali\u00e7as<\/figcaption><\/figure>\n\n\n\n<p><\/p>\n\n\n\n<p>Fonte \/ Imagem: Prefeitura de Jundia\u00ed <\/p>\n","protected":false},"excerpt":{"rendered":"<p>Crian\u00e7as tiveram contato com a terra<\/p>\n","protected":false},"author":24,"featured_media":112692,"comment_status":"closed","ping_status":"0","sticky":false,"template":"","format":"standard","meta":{"footnotes":""},"categories":[1],"tags":[],"class_list":["post-112691","post","type-post","status-publish","format-standard","has-post-thumbnail","hentry","category-noticias"],"_links":{"self":[{"href":"https:\/\/tvtecjundiai.com.br\/news\/wp-json\/wp\/v2\/posts\/112691","targetHints":{"allow":["GET"]}}],"collection":[{"href":"https:\/\/tvtecjundiai.com.br\/news\/wp-json\/wp\/v2\/posts"}],"about":[{"href":"https:\/\/tvtecjundiai.com.br\/news\/wp-json\/wp\/v2\/types\/post"}],"author":[{"embeddable":true,"href":"https:\/\/tvtecjundiai.com.br\/news\/wp-json\/wp\/v2\/users\/24"}],"replies":[{"embeddable":true,"href":"https:\/\/tvtecjundiai.com.br\/news\/wp-json\/wp\/v2\/comments?post=112691"}],"version-history":[{"count":1,"href":"https:\/\/tvtecjundiai.com.br\/news\/wp-json\/wp\/v2\/posts\/112691\/revisions"}],"predecessor-version":[{"id":112696,"href":"https:\/\/tvtecjundiai.com.br\/news\/wp-json\/wp\/v2\/posts\/112691\/revisions\/112696"}],"wp:featuredmedia":[{"embeddable":true,"href":"https:\/\/tvtecjundiai.com.br\/news\/wp-json\/wp\/v2\/media\/112692"}],"wp:attachment":[{"href":"https:\/\/tvtecjundiai.com.br\/news\/wp-json\/wp\/v2\/media?parent=112691"}],"wp:term":[{"taxonomy":"category","embeddable":true,"href":"https:\/\/tvtecjundiai.com.br\/news\/wp-json\/wp\/v2\/categories?post=112691"},{"taxonomy":"post_tag","embeddable":true,"href":"https:\/\/tvtecjundiai.com.br\/news\/wp-json\/wp\/v2\/tags?post=112691"}],"curies":[{"name":"wp","href":"https:\/\/api.w.org\/{rel}","templated":true}]}}