{"id":112712,"date":"2023-07-21T11:42:47","date_gmt":"2023-07-21T14:42:47","guid":{"rendered":"https:\/\/tvtecjundiai.com.br\/news\/?p=112712"},"modified":"2023-07-21T11:42:47","modified_gmt":"2023-07-21T14:42:47","slug":"dae-abre-vagas-de-estagio-para-estudantes-de-cursos-tecnicos-e-universitarios","status":"publish","type":"post","link":"https:\/\/tvtecjundiai.com.br\/news\/2023\/07\/21\/dae-abre-vagas-de-estagio-para-estudantes-de-cursos-tecnicos-e-universitarios\/","title":{"rendered":"DAE abre vagas de est\u00e1gio para estudantes de cursos t\u00e9cnicos e universit\u00e1rios"},"content":{"rendered":"\n<p>A DAE Jundia\u00ed est\u00e1 com vagas de est\u00e1gio em aberto para estudantes de Pedagogia, Educa\u00e7\u00e3o F\u00edsica, Engenharia El\u00e9trica, Engenharia Civil, T\u00e9cnico em Saneamento e T\u00e9cnico em Qu\u00edmica.<\/p>\n\n\n\n<p>Para alunos dos cursos t\u00e9cnicos, \u00e9 preciso estar cursando a partir do segundo semestre. J\u00e1 para os cursos universit\u00e1rios, podem se candidatar estudantes matriculados a partir do terceiro semestre.<\/p>\n\n\n<div class=\"wp-block-image\">\n<figure class=\"aligncenter size-full is-resized\"><img loading=\"lazy\" decoding=\"async\" src=\"https:\/\/tvtecjundiai.com.br\/news\/wp-content\/uploads\/sites\/2\/2023\/07\/dji_0265.jpg\" alt=\"\" class=\"wp-image-112713\" width=\"742\" height=\"529\" srcset=\"https:\/\/tvtecjundiai.com.br\/news\/wp-content\/uploads\/sites\/2\/2023\/07\/dji_0265.jpg 1142w, https:\/\/tvtecjundiai.com.br\/news\/wp-content\/uploads\/sites\/2\/2023\/07\/dji_0265-300x214.jpg 300w, https:\/\/tvtecjundiai.com.br\/news\/wp-content\/uploads\/sites\/2\/2023\/07\/dji_0265-768x548.jpg 768w\" sizes=\"auto, (max-width: 742px) 100vw, 742px\" \/><figcaption class=\"wp-element-caption\">Para alunos dos cursos t\u00e9cnicos, \u00e9 preciso estar cursando a partir do segundo semestre.<\/figcaption><\/figure>\n<\/div>\n\n\n<p>A empresa oferece bolsa-est\u00e1gio, vale transporte, conv\u00eanio m\u00e9dico, seguro de vida e conta com refeit\u00f3rio no local.<\/p>\n\n\n\n<p>Os estudantes interessados em participar do processo seletivo devem encaminhar os curr\u00edculos para o e-mail\u00a0<a rel=\"noreferrer noopener\" href=\"mailto:selecao@daejundiai.com.br\" target=\"_blank\">selecao@daejundiai.com.br<\/a>, informando o semestre em curso, nome da institui\u00e7\u00e3o de ensino e demais informa\u00e7\u00f5es relevantes para a vaga.\u00a0<\/p>\n\n\n\n<p><strong><em>Fonte \/ Imagem: Prefeitura de Jundia\u00ed<\/em><\/strong><\/p>\n","protected":false},"excerpt":{"rendered":"<p>Para alunos dos cursos t\u00e9cnicos, \u00e9 preciso estar cursando a partir do segundo semestre.<\/p>\n","protected":false},"author":30,"featured_media":112713,"comment_status":"closed","ping_status":"0","sticky":false,"template":"","format":"standard","meta":{"footnotes":""},"categories":[8405,8406,8356,1],"tags":[],"class_list":["post-112712","post","type-post","status-publish","format-standard","has-post-thumbnail","hentry","category-dae","category-dae-dae","category-jundiai","category-noticias"],"_links":{"self":[{"href":"https:\/\/tvtecjundiai.com.br\/news\/wp-json\/wp\/v2\/posts\/112712","targetHints":{"allow":["GET"]}}],"collection":[{"href":"https:\/\/tvtecjundiai.com.br\/news\/wp-json\/wp\/v2\/posts"}],"about":[{"href":"https:\/\/tvtecjundiai.com.br\/news\/wp-json\/wp\/v2\/types\/post"}],"author":[{"embeddable":true,"href":"https:\/\/tvtecjundiai.com.br\/news\/wp-json\/wp\/v2\/users\/30"}],"replies":[{"embeddable":true,"href":"https:\/\/tvtecjundiai.com.br\/news\/wp-json\/wp\/v2\/comments?post=112712"}],"version-history":[{"count":1,"href":"https:\/\/tvtecjundiai.com.br\/news\/wp-json\/wp\/v2\/posts\/112712\/revisions"}],"predecessor-version":[{"id":112714,"href":"https:\/\/tvtecjundiai.com.br\/news\/wp-json\/wp\/v2\/posts\/112712\/revisions\/112714"}],"wp:featuredmedia":[{"embeddable":true,"href":"https:\/\/tvtecjundiai.com.br\/news\/wp-json\/wp\/v2\/media\/112713"}],"wp:attachment":[{"href":"https:\/\/tvtecjundiai.com.br\/news\/wp-json\/wp\/v2\/media?parent=112712"}],"wp:term":[{"taxonomy":"category","embeddable":true,"href":"https:\/\/tvtecjundiai.com.br\/news\/wp-json\/wp\/v2\/categories?post=112712"},{"taxonomy":"post_tag","embeddable":true,"href":"https:\/\/tvtecjundiai.com.br\/news\/wp-json\/wp\/v2\/tags?post=112712"}],"curies":[{"name":"wp","href":"https:\/\/api.w.org\/{rel}","templated":true}]}}