{"id":112774,"date":"2023-07-23T19:46:36","date_gmt":"2023-07-23T22:46:36","guid":{"rendered":"https:\/\/tvtecjundiai.com.br\/news\/?p=112774"},"modified":"2023-07-23T19:46:39","modified_gmt":"2023-07-23T22:46:39","slug":"jundiai-celebra-90-anos-da-uva-niagara-com-exposicao","status":"publish","type":"post","link":"https:\/\/tvtecjundiai.com.br\/news\/2023\/07\/23\/jundiai-celebra-90-anos-da-uva-niagara-com-exposicao\/","title":{"rendered":"Jundia\u00ed celebra 90 anos da Uva Niagara com exposi\u00e7\u00e3o"},"content":{"rendered":"\n<p><\/p>\n\n\n\n<p>Jundia\u00ed celebra os 90 anos da muta\u00e7\u00e3o som\u00e1tica espont\u00e2nea da uva Niagara Rosada com uma exposi\u00e7\u00e3o para l\u00e1 de especial, aberta neste domingo (23), na Pinacoteca Di\u00f3genes Duarte Paes. O evento tamb\u00e9m abriu a 7\u00aa Semana do Agricultor Jundiaiense. A mostra pode ser vista at\u00e9 30 de jullho e conta com fotografias e objetos. A entrada \u00e9 gratuita.<\/p>\n\n\n\n<p>\u201cSomos a 15\u00aa economia do Brasil em raz\u00e3o de muitos atributos e, entre eles, est\u00e1 o trabalho dos agricultores. Para construir o futuro, temos que preservar a nossa hist\u00f3ria, saber quem s\u00e3o as pessoas e elementos que nos trouxeram at\u00e9 aqui. E essa exposi\u00e7\u00e3o nos mostra isso\u201d, comentou o gestor de Governo e Finan\u00e7as, Jos\u00e9 Antonio Parimoschi.<\/p>\n\n\n\n<p>O gestor da Unidade de Gest\u00e3o de Abastecimento, Neg\u00f3cio e Turismo, Eduardo Alvarez, destacou a import\u00e2ncia do momento. \u2018\u00c9 um dia especial para os agricultores. Em abril deste ano, o Instituto Nacional de Propriedade Industrial (INPI) reconheceu Jundiahy como Indica\u00e7\u00e3o Geogr\u00e1fica (IG) para a fruta. Hoje celebramos os 90 anos da primeira variedade de uva brasileira, cuja muta\u00e7\u00e3o som\u00e1tica espont\u00e2nea ocorreu em Jundia\u00ed, no Travi\u00fa, na propriedade da fam\u00edlia Carbonari\u201d, comentou.<\/p>\n\n\n\n<p>Viticultor do bairro, Anderson Tomasetto, falou da emo\u00e7\u00e3o do momento. \u201cSenti o perfume das uvas ao chegar \u00e0 Pinacoteca. \u00c9 parte da hist\u00f3ria da minha fam\u00edlia.\u201d<\/p>\n\n\n\n<p>O curador da exposi\u00e7\u00e3o, Jo\u00e3o Borin, lembrou tamb\u00e9m que o evento marca o in\u00edcio dos festejos dos 130 anos da imigra\u00e7\u00e3o italiana no bairro Travi\u00fa. Localizado \u00e0s margens da Rodovia Anhanguera, o povoado nasceu pelo trabalho de um grupo de imigrantes origin\u00e1rios do norte da It\u00e1lia. Em 1893, eles desembarcaram no Brasil com destino \u00e0 Fazenda Sete Quedas, em Campinas. Tempos depois, o grupo adquiriu as terras que hoje comp\u00f5em o bairro. No in\u00edcio, tentaram produzir caf\u00e9, mas foi com a uva, cujas parreiras at\u00e9 hoje podem ser admiradas no local, que floresceu a verdadeira voca\u00e7\u00e3o do Travi\u00fa, que ainda hoje mant\u00e9m forte suas tradi\u00e7\u00f5es.<\/p>\n\n\n\n<p>Em 1933, a partir de uma muta\u00e7\u00e3o gen\u00e9tica som\u00e1tica espont\u00e2nea, em meio a produ\u00e7\u00e3o da Niagara Branca, de origem americana, surgiu a variedade rosada, exclusiva da regi\u00e3o do Travi\u00fa e reconhecia com a Indica\u00e7\u00e3o Geogr\u00e1fica de Jundiahy, que \u00e9 a 102\u00aa brasileira registrada no INPI. A escrita com as letras \u201ch\u201d e \u201cy\u201d&nbsp;se justifica pois, no passado, entre o final do s\u00e9culo 19 e in\u00edcio do s\u00e9culo 20, o cultivo da uva se espalhou para uma imensa \u00e1rea de terra que se chamava Jundiahy. Depois os munic\u00edpios foram desmembrados \u2013 Jundia\u00ed, Louveira, Itupeva, Jarinu e Itatiba.<\/p>\n\n\n\n<p>O bairro tamb\u00e9m faz parte de duas Rotas Tur\u00edsticas de Jundia\u00ed \u2013 Italiana e do Vinho \u2013 e agrega mais de 50 pequenas propriedades produtivas. Os visitantes podem acompanhar a produ\u00e7\u00e3o de frutas como uvas, caqui, p\u00eassego, ameixa, pitaia, al\u00e9m de legumes e verduras.<\/p>\n\n\n\n<figure class=\"wp-block-image\"><img decoding=\"async\" src=\"https:\/\/jundiai.sp.gov.br\/noticias\/wp-content\/uploads\/sites\/32\/2023\/07\/90_anos_uva_niagara-18-1280x854.jpg\" alt=\"\" class=\"wp-image-322578\" \/><figcaption class=\"wp-element-caption\">Exposi\u00e7\u00e3o fica em cartaz at\u00e9 dia 30 de julho<\/figcaption><\/figure>\n\n\n\n<p><strong><em>Exposi\u00e7\u00e3o Uva Niagara Noventa<\/em><\/strong><br><strong>Local:<\/strong>\u00a0Pinacoteca Di\u00f3genes Duarte Paes;<br><strong>Endere\u00e7o:<\/strong>\u00a0Rua Bar\u00e3o de Jundia\u00ed, 109 \u2013 Centro;<br><strong>Hor\u00e1rio:<\/strong>\u00a0de ter\u00e7a-feira a domingo, das 10h \u00e0s 17h;<br>At\u00e9 o dia 30 de julho;<br>Entrada \u00e9 gratuita.<\/p>\n\n\n\n<p><strong><em>(Fonte\/Imagens: Prefeitura de Jundia\u00ed)<\/em><\/strong><\/p>\n","protected":false},"excerpt":{"rendered":"<p> O evento tamb\u00e9m abriu a 7\u00aa Semana do Agricultor Jundiaiense. A mostra pode ser vista at\u00e9 30 de jullho e conta com fotografias e objetos. A entrada \u00e9 gratuita.<\/p>\n","protected":false},"author":31,"featured_media":112775,"comment_status":"closed","ping_status":"0","sticky":false,"template":"","format":"standard","meta":{"footnotes":""},"categories":[1],"tags":[],"class_list":["post-112774","post","type-post","status-publish","format-standard","has-post-thumbnail","hentry","category-noticias"],"_links":{"self":[{"href":"https:\/\/tvtecjundiai.com.br\/news\/wp-json\/wp\/v2\/posts\/112774","targetHints":{"allow":["GET"]}}],"collection":[{"href":"https:\/\/tvtecjundiai.com.br\/news\/wp-json\/wp\/v2\/posts"}],"about":[{"href":"https:\/\/tvtecjundiai.com.br\/news\/wp-json\/wp\/v2\/types\/post"}],"author":[{"embeddable":true,"href":"https:\/\/tvtecjundiai.com.br\/news\/wp-json\/wp\/v2\/users\/31"}],"replies":[{"embeddable":true,"href":"https:\/\/tvtecjundiai.com.br\/news\/wp-json\/wp\/v2\/comments?post=112774"}],"version-history":[{"count":1,"href":"https:\/\/tvtecjundiai.com.br\/news\/wp-json\/wp\/v2\/posts\/112774\/revisions"}],"predecessor-version":[{"id":112776,"href":"https:\/\/tvtecjundiai.com.br\/news\/wp-json\/wp\/v2\/posts\/112774\/revisions\/112776"}],"wp:featuredmedia":[{"embeddable":true,"href":"https:\/\/tvtecjundiai.com.br\/news\/wp-json\/wp\/v2\/media\/112775"}],"wp:attachment":[{"href":"https:\/\/tvtecjundiai.com.br\/news\/wp-json\/wp\/v2\/media?parent=112774"}],"wp:term":[{"taxonomy":"category","embeddable":true,"href":"https:\/\/tvtecjundiai.com.br\/news\/wp-json\/wp\/v2\/categories?post=112774"},{"taxonomy":"post_tag","embeddable":true,"href":"https:\/\/tvtecjundiai.com.br\/news\/wp-json\/wp\/v2\/tags?post=112774"}],"curies":[{"name":"wp","href":"https:\/\/api.w.org\/{rel}","templated":true}]}}