{"id":112791,"date":"2023-07-24T11:52:54","date_gmt":"2023-07-24T14:52:54","guid":{"rendered":"https:\/\/tvtecjundiai.com.br\/news\/?p=112791"},"modified":"2023-07-24T11:52:55","modified_gmt":"2023-07-24T14:52:55","slug":"maxi-shopping-jundiai-recebe-feira-do-livro-espirita-ate-domingo-30","status":"publish","type":"post","link":"https:\/\/tvtecjundiai.com.br\/news\/2023\/07\/24\/maxi-shopping-jundiai-recebe-feira-do-livro-espirita-ate-domingo-30\/","title":{"rendered":"Maxi Shopping Jundia\u00ed recebe Feira do Livro Esp\u00edrita at\u00e9 domingo (30)"},"content":{"rendered":"\n<p>De 21 a 30 de julho,\u00a0o Maxi Shopping Jundia\u00ed recebe a Feira do Livro Esp\u00edrita,\u00a0promovida pela Uni\u00e3o das Sociedades Esp\u00edritas da Regi\u00e3o de Jundia\u00ed (USE). O evento, sem fins lucrativos, acontecer\u00e1 na Pra\u00e7a das Bandeiras e contar\u00e1 com venda de novos t\u00edtulos, lan\u00e7amentos e obras tradicionais. A USE congrega 37 institui\u00e7\u00f5es esp\u00edritas e tem apoio do Maxi Shopping e do Moviecom para a Feira.<\/p>\n\n\n<div class=\"wp-block-image\">\n<figure class=\"aligncenter size-full is-resized\"><img loading=\"lazy\" decoding=\"async\" src=\"https:\/\/tvtecjundiai.com.br\/news\/wp-content\/uploads\/sites\/2\/2023\/07\/feiradolivroespirita_maxishopping1.jpg\" alt=\"\" class=\"wp-image-112794\" width=\"662\" height=\"662\" srcset=\"https:\/\/tvtecjundiai.com.br\/news\/wp-content\/uploads\/sites\/2\/2023\/07\/feiradolivroespirita_maxishopping1.jpg 900w, https:\/\/tvtecjundiai.com.br\/news\/wp-content\/uploads\/sites\/2\/2023\/07\/feiradolivroespirita_maxishopping1-300x300.jpg 300w, https:\/\/tvtecjundiai.com.br\/news\/wp-content\/uploads\/sites\/2\/2023\/07\/feiradolivroespirita_maxishopping1-100x100.jpg 100w, https:\/\/tvtecjundiai.com.br\/news\/wp-content\/uploads\/sites\/2\/2023\/07\/feiradolivroespirita_maxishopping1-768x768.jpg 768w\" sizes=\"auto, (max-width: 662px) 100vw, 662px\" \/><figcaption class=\"wp-element-caption\">A Feira do Livro Esp\u00edrita no Maxi Shopping acontece de 21 a 30 de agosto<\/figcaption><\/figure>\n<\/div>\n\n\n<p>No encerramento da Feira,\u00a0dia 30 de julho, \u00e0s 10h, o Moviecom exibir\u00e1 o filme\u00a0<strong>\u201cPredestinado: Arig\u00f3 e o Esp\u00edrito do Dr. Fritz<\/strong>\u201c. \u00a0O ingresso ser\u00e1 um quilo de alimento n\u00e3o perec\u00edvel (exceto sal).<\/p>\n\n\n\n<p>O filme retrata a hist\u00f3ria ver\u00eddica de Jos\u00e9 Pedro de Freitas, tamb\u00e9m conhecido como Z\u00e9 Arig\u00f3, cujo corpo foi instrumento para a manifesta\u00e7\u00e3o do esp\u00edrito do Dr. Fritz, um m\u00e9dico alem\u00e3o falecido durante a Primeira Guerra Mundial. Atrav\u00e9s da cirurgia espiritual, Z\u00e9 Arig\u00f3 tornou-se uma esperan\u00e7a de cura para milh\u00f5es de pessoas. O longa-metragem, com dire\u00e7\u00e3o de Gustavo Fernandez, conta com um elenco estelar, incluindo Danton Mello, Juliana Paes, Marco Ricca, Alexandre Borges, Marcos Caruso, C\u00e1ssio Gabus Mendes e James Faulkner.<\/p>\n\n\n\n<p><strong><em>Fonte \/ Imagem: Assessoria Maxi Shopping Jundia\u00ed<\/em><\/strong><\/p>\n","protected":false},"excerpt":{"rendered":"<p>O evento \u00e9 promovido pela Uni\u00e3o das Sociedades Esp\u00edritas da Regi\u00e3o de Jundia\u00ed<\/p>\n","protected":false},"author":30,"featured_media":112793,"comment_status":"closed","ping_status":"0","sticky":false,"template":"","format":"standard","meta":{"footnotes":""},"categories":[8356,1],"tags":[],"class_list":["post-112791","post","type-post","status-publish","format-standard","has-post-thumbnail","hentry","category-jundiai","category-noticias"],"_links":{"self":[{"href":"https:\/\/tvtecjundiai.com.br\/news\/wp-json\/wp\/v2\/posts\/112791","targetHints":{"allow":["GET"]}}],"collection":[{"href":"https:\/\/tvtecjundiai.com.br\/news\/wp-json\/wp\/v2\/posts"}],"about":[{"href":"https:\/\/tvtecjundiai.com.br\/news\/wp-json\/wp\/v2\/types\/post"}],"author":[{"embeddable":true,"href":"https:\/\/tvtecjundiai.com.br\/news\/wp-json\/wp\/v2\/users\/30"}],"replies":[{"embeddable":true,"href":"https:\/\/tvtecjundiai.com.br\/news\/wp-json\/wp\/v2\/comments?post=112791"}],"version-history":[{"count":2,"href":"https:\/\/tvtecjundiai.com.br\/news\/wp-json\/wp\/v2\/posts\/112791\/revisions"}],"predecessor-version":[{"id":112796,"href":"https:\/\/tvtecjundiai.com.br\/news\/wp-json\/wp\/v2\/posts\/112791\/revisions\/112796"}],"wp:featuredmedia":[{"embeddable":true,"href":"https:\/\/tvtecjundiai.com.br\/news\/wp-json\/wp\/v2\/media\/112793"}],"wp:attachment":[{"href":"https:\/\/tvtecjundiai.com.br\/news\/wp-json\/wp\/v2\/media?parent=112791"}],"wp:term":[{"taxonomy":"category","embeddable":true,"href":"https:\/\/tvtecjundiai.com.br\/news\/wp-json\/wp\/v2\/categories?post=112791"},{"taxonomy":"post_tag","embeddable":true,"href":"https:\/\/tvtecjundiai.com.br\/news\/wp-json\/wp\/v2\/tags?post=112791"}],"curies":[{"name":"wp","href":"https:\/\/api.w.org\/{rel}","templated":true}]}}