{"id":112819,"date":"2023-07-25T10:31:06","date_gmt":"2023-07-25T13:31:06","guid":{"rendered":"https:\/\/tvtecjundiai.com.br\/news\/?p=112819"},"modified":"2023-07-25T10:32:42","modified_gmt":"2023-07-25T13:32:42","slug":"vinho-produzido-em-jundiai-e-certificado-como-canonico-pela-igreja-catolica","status":"publish","type":"post","link":"https:\/\/tvtecjundiai.com.br\/news\/2023\/07\/25\/vinho-produzido-em-jundiai-e-certificado-como-canonico-pela-igreja-catolica\/","title":{"rendered":"Vinho produzido em Jundia\u00ed \u00e9 certificado como Can\u00f4nico pela Igreja Cat\u00f3lica"},"content":{"rendered":"\n<p>Um vinho produzido por uma fam\u00edlia de\u00a0Jundia\u00ed, ganhou um certificado que o reconhece como Vinho Can\u00f4nico ou Vinho de Missa. Com isso, a bebida fabricada na vin\u00edcola pode ser usada em qualquer celebra\u00e7\u00e3o cat\u00f3lica. Com 60 anos de tradi\u00e7\u00e3o, o vinho de mesa suave produzido pela fam\u00edlia Clemente j\u00e1 \u00e9 conhecido na comunidade religiosa, principalmente por ser provado por dois Papas.<\/p>\n\n\n\n<p>Em 2007, o Papa Bento XVI usou o vinho produzido em Jundia\u00ed em uma missa durante visita ao Brasil. Em 2013, a bebida foi escolhida para servir as missas e as refei\u00e7\u00f5es do Papa Francisco durante a Jornada Mundial da Juventude, no Rio de Janeiro.<\/p>\n\n\n\n<p>Segundo Clemente Maziero, dono da vin\u00edcola que atualmente produz quase 30 mil litros por ano, conta que o vinho de mesa suave passou a ser o mais vendido no local. \u201cAlguns falam que querem tomar o vinho do Papa, outros que querem tomar o vinho do padre, ent\u00e3o \u00e9 um vinho que sai muito, sim\u201d, diz.<\/p>\n\n\n\n<p>O Bispo Diocesano de Jundia\u00ed, Dom Arnaldo Carvalheiro, emitiu um certificado reconhecendo o vinho como vinho can\u00f4nico. Para o reconhecimento, foi feita uma an\u00e1lise do vinho e uma amostra foi enviada para o laborat\u00f3rio de uma faculdade em&nbsp;Campinas (SP).<\/p>\n\n\n<div class=\"wp-block-image\">\n<figure class=\"aligncenter size-large is-resized\"><img loading=\"lazy\" decoding=\"async\" src=\"https:\/\/tvtecjundiai.com.br\/news\/wp-content\/uploads\/sites\/2\/2023\/07\/Adega-Mazieiro-10-1-1200x800.jpg\" alt=\"\" class=\"wp-image-112820\" width=\"782\" height=\"521\" srcset=\"https:\/\/tvtecjundiai.com.br\/news\/wp-content\/uploads\/sites\/2\/2023\/07\/Adega-Mazieiro-10-1-1200x800.jpg 1200w, https:\/\/tvtecjundiai.com.br\/news\/wp-content\/uploads\/sites\/2\/2023\/07\/Adega-Mazieiro-10-1-300x200.jpg 300w, https:\/\/tvtecjundiai.com.br\/news\/wp-content\/uploads\/sites\/2\/2023\/07\/Adega-Mazieiro-10-1-768x512.jpg 768w, https:\/\/tvtecjundiai.com.br\/news\/wp-content\/uploads\/sites\/2\/2023\/07\/Adega-Mazieiro-10-1.jpg 1280w\" sizes=\"auto, (max-width: 782px) 100vw, 782px\" \/><figcaption class=\"wp-element-caption\">Com o certificado, a bebida fabricada na vin\u00edcola pode ser usada em qualquer celebra\u00e7\u00e3o cat\u00f3lica.<\/figcaption><\/figure>\n<\/div>\n\n\n<p>Para que ele seja usado nas celebra\u00e7\u00f5es, \u00e9 necess\u00e1rio seguir uma s\u00e9rie de requisitos e, principalmente, ter um certo grau de pureza. Na an\u00e1lise, foi comprovado que o vinho feito em Jundia\u00ed \u00e9 puro e fabricado com praticamente nenhum conservante.<\/p>\n\n\n\n<p>Segundo o vig\u00e1rio judicial, padre M\u00e1rcio Odair Ramos, o vinho tamb\u00e9m atende \u00e0s determina\u00e7\u00f5es que a Confer\u00eancia Nacional dos Bispos do Brasil (CNBB) discriminou em fevereiro deste ano para as produtoras de vinhos can\u00f4nicos.<\/p>\n\n\n\n<p>&#8220;Que se respeite a legisla\u00e7\u00e3o brasileira, que n\u00e3o haja trabalho escravo, que os colaboradores recebam o sal\u00e1rio adequado e de acordo com o piso salarial estabelecido&#8221;, explica.<\/p>\n\n\n\n<p>O vinho feito de Uva Ni\u00e1gara Rosada j\u00e1 era vendido para cerca de 180 par\u00f3quias da regi\u00e3o, mas agora mais igrejas devem passar a us\u00e1-lo.<\/p>\n\n\n\n<p>&#8220;A ideia \u00e9 que se use mais [o vinho]. Uma vez que \u00e9 uma gra\u00e7a ter um produto t\u00e3o bom na nossa regi\u00e3o, na nossa Diocese, que os nossos padres, que os nossos presb\u00edteros, os conventos que existem aqui na Diocese de Jundia\u00ed consumam desse produto&#8221;, projeta padre M\u00e1rcio.<\/p>\n\n\n\n<p>A not\u00edcia de conseguir o certificado da Igreja Cat\u00f3lica deixou Clemente animado. Agora, ele faz novos planos para sua vin\u00edcola. &#8220;Vamos vender para o Brasil todo, se Deus quiser.&#8221;<\/p>\n\n\n\n<p><strong><em>Fonte: <strong><em>G1\/ Globo<\/em><\/strong><\/em><\/strong> <strong><em>\/ Imagem: Adega Maziero<\/em><\/strong><\/p>\n","protected":false},"excerpt":{"rendered":"<p>Com o certificado, a bebida fabricada na vin\u00edcola pode ser usada em qualquer celebra\u00e7\u00e3o cat\u00f3lica<\/p>\n","protected":false},"author":30,"featured_media":112820,"comment_status":"closed","ping_status":"0","sticky":false,"template":"","format":"standard","meta":{"footnotes":""},"categories":[8356,1],"tags":[],"class_list":["post-112819","post","type-post","status-publish","format-standard","has-post-thumbnail","hentry","category-jundiai","category-noticias"],"_links":{"self":[{"href":"https:\/\/tvtecjundiai.com.br\/news\/wp-json\/wp\/v2\/posts\/112819","targetHints":{"allow":["GET"]}}],"collection":[{"href":"https:\/\/tvtecjundiai.com.br\/news\/wp-json\/wp\/v2\/posts"}],"about":[{"href":"https:\/\/tvtecjundiai.com.br\/news\/wp-json\/wp\/v2\/types\/post"}],"author":[{"embeddable":true,"href":"https:\/\/tvtecjundiai.com.br\/news\/wp-json\/wp\/v2\/users\/30"}],"replies":[{"embeddable":true,"href":"https:\/\/tvtecjundiai.com.br\/news\/wp-json\/wp\/v2\/comments?post=112819"}],"version-history":[{"count":2,"href":"https:\/\/tvtecjundiai.com.br\/news\/wp-json\/wp\/v2\/posts\/112819\/revisions"}],"predecessor-version":[{"id":112822,"href":"https:\/\/tvtecjundiai.com.br\/news\/wp-json\/wp\/v2\/posts\/112819\/revisions\/112822"}],"wp:featuredmedia":[{"embeddable":true,"href":"https:\/\/tvtecjundiai.com.br\/news\/wp-json\/wp\/v2\/media\/112820"}],"wp:attachment":[{"href":"https:\/\/tvtecjundiai.com.br\/news\/wp-json\/wp\/v2\/media?parent=112819"}],"wp:term":[{"taxonomy":"category","embeddable":true,"href":"https:\/\/tvtecjundiai.com.br\/news\/wp-json\/wp\/v2\/categories?post=112819"},{"taxonomy":"post_tag","embeddable":true,"href":"https:\/\/tvtecjundiai.com.br\/news\/wp-json\/wp\/v2\/tags?post=112819"}],"curies":[{"name":"wp","href":"https:\/\/api.w.org\/{rel}","templated":true}]}}