{"id":112825,"date":"2023-07-25T11:35:16","date_gmt":"2023-07-25T14:35:16","guid":{"rendered":"https:\/\/tvtecjundiai.com.br\/news\/?p=112825"},"modified":"2023-07-25T11:35:17","modified_gmt":"2023-07-25T14:35:17","slug":"dia-dos-avos-tem-encontro-de-memorias-na-biblioteca-nelson-foot","status":"publish","type":"post","link":"https:\/\/tvtecjundiai.com.br\/news\/2023\/07\/25\/dia-dos-avos-tem-encontro-de-memorias-na-biblioteca-nelson-foot\/","title":{"rendered":"Dia dos Av\u00f3s tem encontro de mem\u00f3rias na Biblioteca Nelson Foot"},"content":{"rendered":"\n<p>Nesta quarta-feira, dia 26, data em que se comemora o Dia dos Av\u00f3s, a Unidade de Gest\u00e3o de Cultura (UGC), por meio da Biblioteca Nelson Foot (BNF), programou uma conta\u00e7\u00e3o de hist\u00f3ria, com as atrizes da Cia. Casulo, a partir das 16h, no espa\u00e7o da Arena, aberto a todos os interessados e totalmente gratuito.<\/p>\n\n\n\n<p>Na oportunidade, usando como base o livro de Ziraldo, \u201cMenina Nina \u2013 duas raz\u00f5es pra n\u00e3o chorar\u201d, a conta\u00e7\u00e3o de hist\u00f3ria aconte com o foco nos ensinamentos que os av\u00f3s t\u00eam para passar.<\/p>\n\n\n\n<p>As atrizes v\u00e3o mostrar ao p\u00fablico que os av\u00f3s s\u00e3o \u2018gente com a\u00e7\u00facar\u2019, com tratamento diferente, com olhar de afeto, ternura e at\u00e9 com um orgulho desmedido.<\/p>\n\n\n<div class=\"wp-block-image\">\n<figure class=\"aligncenter is-resized\"><img loading=\"lazy\" decoding=\"async\" src=\"https:\/\/jundiai.sp.gov.br\/noticias\/wp-content\/uploads\/sites\/32\/2023\/07\/foto-cia-casulo-dia-dos-avos-960x960.jpeg\" alt=\"\" class=\"wp-image-322654\" width=\"728\" height=\"728\" \/><figcaption class=\"wp-element-caption\">Atrizes da Cia. Casulo se apresentam na Biblioteca nesta quarta-feira, dia dos Av\u00f3s<\/figcaption><\/figure>\n<\/div>\n\n\n<p>\u00c9, talvez o entendimento de que, via de regra, os av\u00f3s tenham mais caminho percorrido do que a percorrer e que os netos, ao contr\u00e1rio t\u00eam muito mais estradas afora nessa aventura \u00e9 que esse encontro intergeracional seja t\u00e3o precioso e \u00fanico.<\/p>\n\n\n\n<p>Com quest\u00f5es como \u201cPor que motivo a vov\u00f3 Vivi, um dia dormiu e n\u00e3o acordou pra tomar sua vitamina de frutas com sua neta Nina?,&nbsp; Pra onde foram todos os planos, todos os sonhos, e todo amor que uma sente pela outra?&nbsp;e \u00c0 Nina s\u00f3 resta chorar essa dor imensa?\u201d, \u00e9 que a reflex\u00e3o acontece, as emo\u00e7\u00f5es afloram e os cuidados, as lembran\u00e7as e um o amor ser\u00e3o despertados nessa atividade.<\/p>\n\n\n\n<p>A Biblioteca Nelson Foot est\u00e1 localizada no Complexo Argos, na avenida Dr. Cavalcanti, 396 \u2013 Vila Arens.<\/p>\n\n\n\n<p><strong><em>Fonte \/ Imagem: Prefeitura de Jundia\u00ed<\/em><\/strong><\/p>\n","protected":false},"excerpt":{"rendered":"<p>Fonte \/ Imagem: Prefeitura de Jundia\u00ed<\/p>\n","protected":false},"author":30,"featured_media":112826,"comment_status":"closed","ping_status":"0","sticky":false,"template":"","format":"standard","meta":{"footnotes":""},"categories":[8356,1],"tags":[],"class_list":["post-112825","post","type-post","status-publish","format-standard","has-post-thumbnail","hentry","category-jundiai","category-noticias"],"_links":{"self":[{"href":"https:\/\/tvtecjundiai.com.br\/news\/wp-json\/wp\/v2\/posts\/112825","targetHints":{"allow":["GET"]}}],"collection":[{"href":"https:\/\/tvtecjundiai.com.br\/news\/wp-json\/wp\/v2\/posts"}],"about":[{"href":"https:\/\/tvtecjundiai.com.br\/news\/wp-json\/wp\/v2\/types\/post"}],"author":[{"embeddable":true,"href":"https:\/\/tvtecjundiai.com.br\/news\/wp-json\/wp\/v2\/users\/30"}],"replies":[{"embeddable":true,"href":"https:\/\/tvtecjundiai.com.br\/news\/wp-json\/wp\/v2\/comments?post=112825"}],"version-history":[{"count":1,"href":"https:\/\/tvtecjundiai.com.br\/news\/wp-json\/wp\/v2\/posts\/112825\/revisions"}],"predecessor-version":[{"id":112827,"href":"https:\/\/tvtecjundiai.com.br\/news\/wp-json\/wp\/v2\/posts\/112825\/revisions\/112827"}],"wp:featuredmedia":[{"embeddable":true,"href":"https:\/\/tvtecjundiai.com.br\/news\/wp-json\/wp\/v2\/media\/112826"}],"wp:attachment":[{"href":"https:\/\/tvtecjundiai.com.br\/news\/wp-json\/wp\/v2\/media?parent=112825"}],"wp:term":[{"taxonomy":"category","embeddable":true,"href":"https:\/\/tvtecjundiai.com.br\/news\/wp-json\/wp\/v2\/categories?post=112825"},{"taxonomy":"post_tag","embeddable":true,"href":"https:\/\/tvtecjundiai.com.br\/news\/wp-json\/wp\/v2\/tags?post=112825"}],"curies":[{"name":"wp","href":"https:\/\/api.w.org\/{rel}","templated":true}]}}