{"id":11283,"date":"2018-05-29T10:18:32","date_gmt":"2018-05-29T13:18:32","guid":{"rendered":"https:\/\/tvtecjundiai.com.br\/news\/?p=11283"},"modified":"2018-10-09T17:52:32","modified_gmt":"2018-10-09T20:52:32","slug":"abastecimento-de-combustivel-melhora-mas-ainda-e-ruim-em-alguns-estados","status":"publish","type":"post","link":"https:\/\/tvtecjundiai.com.br\/news\/2018\/05\/29\/abastecimento-de-combustivel-melhora-mas-ainda-e-ruim-em-alguns-estados\/","title":{"rendered":"Abastecimento de combust\u00edvel melhora mas ainda \u00e9 ruim em alguns Estados"},"content":{"rendered":"<div id=\"attachment_11285\" style=\"width: 460px\" class=\"wp-caption alignright\"><a href=\"https:\/\/tvtecjundiai.com.br\/news\/wp-content\/uploads\/sites\/2\/2018\/05\/1527529837-caminhao_tanque.jpg\"><img loading=\"lazy\" decoding=\"async\" aria-describedby=\"caption-attachment-11285\" class=\"wp-image-11285\" src=\"https:\/\/tvtecjundiai.com.br\/news\/wp-content\/uploads\/sites\/2\/2018\/05\/1527529837-caminhao_tanque-300x146.jpg\" alt=\"\" width=\"450\" height=\"218\" srcset=\"https:\/\/tvtecjundiai.com.br\/news\/wp-content\/uploads\/sites\/2\/2018\/05\/1527529837-caminhao_tanque-300x146.jpg 300w, https:\/\/tvtecjundiai.com.br\/news\/wp-content\/uploads\/sites\/2\/2018\/05\/1527529837-caminhao_tanque.jpg 600w\" sizes=\"auto, (max-width: 450px) 100vw, 450px\" \/><\/a><p id=\"caption-attachment-11285\" class=\"wp-caption-text\">Ainda h\u00e1 locais onde a situa\u00e7\u00e3o \u00e9 considerada delicada em termos de abastecimento de combust\u00edveis. <em><strong>(Foto: Franklin de Freitas)<\/strong><\/em><\/p><\/div>\n<p>O abastecimento de combust\u00edveis apresentou melhoras pelo pa\u00eds com a redu\u00e7\u00e3o do movimento de paralisa\u00e7\u00e3o dos caminhoneiros, mas a situa\u00e7\u00e3o ainda est\u00e1 longe do ideal e deve demorar pelo menos uma semana para voltar ao normal, disse nesta ter\u00e7a-feira (29) o diretor da Ag\u00eancia Nacional do Petr\u00f3leo, G\u00e1s Natural e Biocombust\u00edveis (ANP) Aur\u00e9lio Amaral.<\/p>\n<div class=\"wall\">\n<div class=\"mc-column content-text active-extra-styles \" data-block-type=\"unstyled\" data-block-weight=\"47\" data-block-id=\"4\">\n<p class=\"content-text__container \" data-track-category=\"Link no Texto\" data-track-links=\"\">Segundo o diretor da ANP, h\u00e1 uma maior fluidez de abastecimento em grandes cidades como Rio de Janeiro e Bras\u00edlia, depois que algumas associa\u00e7\u00f5es de caminhoneiros respons\u00e1veis pelo movimento recomendaram o fim da paralisa\u00e7\u00e3o ap\u00f3s um pacote de medidas do governo em atendimento a demandas da categoria.<\/p>\n<\/div>\n<div class=\"mc-column content-text active-extra-styles \" data-block-type=\"unstyled\" data-block-weight=\"21\" data-block-id=\"5\">\n<p class=\"content-text__container \" data-track-category=\"Link no Texto\" data-track-links=\"\">Tamb\u00e9m contribuiu para a melhora no abastecimento de combust\u00edveis a realiza\u00e7\u00e3o de escoltas de tropas federais a caminh\u00f5es-tanques por todo pa\u00eds. \u201cDependendo da log\u00edstica de cada lugar, volta ao normal em cerca de uma semana, mas em alguns lugares at\u00e9 mais de uma semana\u201c, acrescentou.<\/p>\n<\/div>\n<div class=\"mc-column content-text active-extra-styles \" data-block-type=\"unstyled\" data-block-weight=\"36\" data-block-id=\"8\">\n<p class=\"content-text__container \" data-track-category=\"Link no Texto\" data-track-links=\"\">Apesar da melhora, ainda h\u00e1 locais onde a situa\u00e7\u00e3o \u00e9 considerada delicada em termos de abastecimento de combust\u00edveis. Uma grande preocupa\u00e7\u00e3o das autoridades \u00e9 com o Porto de Suape, um polo importante para a Regi\u00e3o Nordeste. \u201cL\u00e1 em Suape a situa\u00e7\u00e3o ainda \u00e9 cr\u00edtica e continua ruim tamb\u00e9m em Minas, Rond\u00f4nia, S\u00e3o Paulo, Roraima, Rio Grande do Sul, Mato Grosso e Sergipe\u201c, acrescentou o diretor, que disse esperar uma melhora ao longo do dia.<\/p>\n<\/div>\n<\/div>\n<div data-track-category=\"fim do conteudo\" data-track-action=\"ultimo chunk conteudo\" data-track-noninteraction=\"false\" data-track-scroll=\"entrada completa viewport\">\n<div class=\"mc-column content-text active-extra-styles \" data-block-type=\"unstyled\" data-block-weight=\"23\" data-block-id=\"12\">\n<p data-track-category=\"Link no Texto\" data-track-links=\"\"><em><strong>Fonte: G1<\/strong><\/em><\/p>\n<\/div>\n<\/div>\n","protected":false},"excerpt":{"rendered":"<p>Segundo ANP, situa\u00e7\u00e3o ainda est\u00e1 longe do ideal<\/p>\n","protected":false},"author":8,"featured_media":11285,"comment_status":"closed","ping_status":"closed","sticky":false,"template":"","format":"standard","meta":{"footnotes":""},"categories":[2834],"tags":[1903,3270,5,15],"class_list":["post-11283","post","type-post","status-publish","format-standard","has-post-thumbnail","hentry","category-cidades","tag-brasil","tag-greve-dos-caminhoneiros","tag-jundiai","tag-tvtec"],"_links":{"self":[{"href":"https:\/\/tvtecjundiai.com.br\/news\/wp-json\/wp\/v2\/posts\/11283","targetHints":{"allow":["GET"]}}],"collection":[{"href":"https:\/\/tvtecjundiai.com.br\/news\/wp-json\/wp\/v2\/posts"}],"about":[{"href":"https:\/\/tvtecjundiai.com.br\/news\/wp-json\/wp\/v2\/types\/post"}],"author":[{"embeddable":true,"href":"https:\/\/tvtecjundiai.com.br\/news\/wp-json\/wp\/v2\/users\/8"}],"replies":[{"embeddable":true,"href":"https:\/\/tvtecjundiai.com.br\/news\/wp-json\/wp\/v2\/comments?post=11283"}],"version-history":[{"count":6,"href":"https:\/\/tvtecjundiai.com.br\/news\/wp-json\/wp\/v2\/posts\/11283\/revisions"}],"predecessor-version":[{"id":18701,"href":"https:\/\/tvtecjundiai.com.br\/news\/wp-json\/wp\/v2\/posts\/11283\/revisions\/18701"}],"wp:featuredmedia":[{"embeddable":true,"href":"https:\/\/tvtecjundiai.com.br\/news\/wp-json\/wp\/v2\/media\/11285"}],"wp:attachment":[{"href":"https:\/\/tvtecjundiai.com.br\/news\/wp-json\/wp\/v2\/media?parent=11283"}],"wp:term":[{"taxonomy":"category","embeddable":true,"href":"https:\/\/tvtecjundiai.com.br\/news\/wp-json\/wp\/v2\/categories?post=11283"},{"taxonomy":"post_tag","embeddable":true,"href":"https:\/\/tvtecjundiai.com.br\/news\/wp-json\/wp\/v2\/tags?post=11283"}],"curies":[{"name":"wp","href":"https:\/\/api.w.org\/{rel}","templated":true}]}}