{"id":112844,"date":"2023-07-25T15:40:40","date_gmt":"2023-07-25T18:40:40","guid":{"rendered":"https:\/\/tvtecjundiai.com.br\/news\/?p=112844"},"modified":"2023-07-25T15:40:42","modified_gmt":"2023-07-25T18:40:42","slug":"dae-jundiai-leva-teatro-para-alunos-do-rio-acima","status":"publish","type":"post","link":"https:\/\/tvtecjundiai.com.br\/news\/2023\/07\/25\/dae-jundiai-leva-teatro-para-alunos-do-rio-acima\/","title":{"rendered":"DAE Jundia\u00ed leva teatro para alunos do Rio Acima"},"content":{"rendered":"\n<p>A equipe da Se\u00e7\u00e3o de Servi\u00e7o Social (SSO) da DAE Jundia\u00ed promoveu, nesta ter\u00e7a-feira (25), a apresenta\u00e7\u00e3o \u201cEm busca da gotinha preciosa\u201d para os alunos do 4\u00ba e 5\u00ba ano da Emeb Clarismundo Fornari, no Rio Acima. A apresenta\u00e7\u00e3o teatral \u00e9 mais uma das a\u00e7\u00f5es realizadas pela DAE na regi\u00e3o dos bairros Mato Dentro e Rio Acima, que buscam promover iniciativas educativas e sustent\u00e1veis.<\/p>\n\n\n<div class=\"wp-block-image\">\n<figure class=\"aligncenter is-resized\"><a href=\"https:\/\/daejundiai.com.br\/wp-content\/uploads\/2023\/07\/Teatro-Escola-Rio-Acima-10-2-840x630.jpeg\"><img loading=\"lazy\" decoding=\"async\" src=\"https:\/\/daejundiai.com.br\/wp-content\/uploads\/2023\/07\/Teatro-Escola-Rio-Acima-10-2-840x630.jpeg\" alt=\"\" class=\"wp-image-29554\" width=\"778\" height=\"584\" \/><\/a><figcaption class=\"wp-element-caption\">A apresenta\u00e7\u00e3o teatral \u00e9 mais uma das a\u00e7\u00f5es realizadas pela DAE na regi\u00e3o dos bairros Mato Dentro e Rio Acima, que buscam promover iniciativas educativas e sustent\u00e1veis.<\/figcaption><\/figure>\n<\/div>\n\n\n<p>A iniciativa \u2013 que na pr\u00f3xima quinta (27) tamb\u00e9m ser\u00e1 levada para alunos da Emeb Florida Mestag \u2013 atende a uma das cl\u00e1usulas do contrato entre a empresa e a Caixa Econ\u00f4mica Federal, em fun\u00e7\u00e3o de recursos obtidos para obras de esgotamento sanit\u00e1rio na regi\u00e3o. A abordagem sobre a import\u00e2ncia do esgotamento sanit\u00e1rio tamb\u00e9m ser\u00e1 levada ao p\u00fablico adulto em dois encontros, a serem realizados com os moradores daquela regi\u00e3o em breve.<\/p>\n\n\n\n<p><strong>L\u00fadico e divertido<\/strong><\/p>\n\n\n\n<p>A a\u00e7\u00e3o teve como objetivo conscientizar as crian\u00e7as, de forma interativa e bem-humorada, sobre o uso correto da rede de esgotamento sanit\u00e1rio e a import\u00e2ncia do consumo consciente da \u00e1gua, al\u00e9m de apresentar as etapas do processo de tratamento de esgoto.<\/p>\n\n\n\n<p>\u201cFoi muito legal e divertido, aprendemos que n\u00e3o podemos poluir a rede\u201d, conta a aluna Maria Eduarda Mendes, de 11 anos. \u201cTemos sempre que ter consci\u00eancia e n\u00e3o desperdi\u00e7ar \u00e1gua\u201d, complementou seu colega Miguel Augusto, tamb\u00e9m de 11 anos.<\/p>\n\n\n<div class=\"wp-block-image\">\n<figure class=\"aligncenter is-resized\"><a href=\"https:\/\/daejundiai.com.br\/wp-content\/uploads\/2023\/07\/Teatro-Escola-Rio-Acima-6-2-840x561.jpeg\"><img loading=\"lazy\" decoding=\"async\" src=\"https:\/\/daejundiai.com.br\/wp-content\/uploads\/2023\/07\/Teatro-Escola-Rio-Acima-6-2-840x561.jpeg\" alt=\"\" class=\"wp-image-29553\" width=\"762\" height=\"509\" \/><\/a><figcaption class=\"wp-element-caption\">Durante a apresenta\u00e7\u00e3o, os alunos aprenderam sobre as etapas do tratamento de esgoto.<\/figcaption><\/figure>\n<\/div>\n\n\n<p>Para a diretora da Emeb Telma Regina de Lima, al\u00e9m de divertir as crian\u00e7as, a\u00e7\u00f5es como essa contribuem para o conte\u00fado ministrado durante as aulas. \u201c\u00c9 uma forma de promover o conhecimento de maneira l\u00fadica, facilitando o aprendizado das crian\u00e7as. S\u00e3o temas importantes que podemos dar continuidade em sala de aula\u201d, explicou.<\/p>\n\n\n\n<p><strong><em>Fonte \/ Imagem: Prefeitura de Jundia\u00ed<\/em><\/strong><\/p>\n","protected":false},"excerpt":{"rendered":"<p>A apresenta\u00e7\u00e3o teatral \u00e9 mais uma das a\u00e7\u00f5es realizadas pela DAE na regi\u00e3o dos bairros Mato Dentro e Rio Acima<\/p>\n","protected":false},"author":30,"featured_media":112845,"comment_status":"closed","ping_status":"0","sticky":false,"template":"","format":"standard","meta":{"footnotes":""},"categories":[8405,8406,8356,1],"tags":[],"class_list":["post-112844","post","type-post","status-publish","format-standard","has-post-thumbnail","hentry","category-dae","category-dae-dae","category-jundiai","category-noticias"],"_links":{"self":[{"href":"https:\/\/tvtecjundiai.com.br\/news\/wp-json\/wp\/v2\/posts\/112844","targetHints":{"allow":["GET"]}}],"collection":[{"href":"https:\/\/tvtecjundiai.com.br\/news\/wp-json\/wp\/v2\/posts"}],"about":[{"href":"https:\/\/tvtecjundiai.com.br\/news\/wp-json\/wp\/v2\/types\/post"}],"author":[{"embeddable":true,"href":"https:\/\/tvtecjundiai.com.br\/news\/wp-json\/wp\/v2\/users\/30"}],"replies":[{"embeddable":true,"href":"https:\/\/tvtecjundiai.com.br\/news\/wp-json\/wp\/v2\/comments?post=112844"}],"version-history":[{"count":1,"href":"https:\/\/tvtecjundiai.com.br\/news\/wp-json\/wp\/v2\/posts\/112844\/revisions"}],"predecessor-version":[{"id":112846,"href":"https:\/\/tvtecjundiai.com.br\/news\/wp-json\/wp\/v2\/posts\/112844\/revisions\/112846"}],"wp:featuredmedia":[{"embeddable":true,"href":"https:\/\/tvtecjundiai.com.br\/news\/wp-json\/wp\/v2\/media\/112845"}],"wp:attachment":[{"href":"https:\/\/tvtecjundiai.com.br\/news\/wp-json\/wp\/v2\/media?parent=112844"}],"wp:term":[{"taxonomy":"category","embeddable":true,"href":"https:\/\/tvtecjundiai.com.br\/news\/wp-json\/wp\/v2\/categories?post=112844"},{"taxonomy":"post_tag","embeddable":true,"href":"https:\/\/tvtecjundiai.com.br\/news\/wp-json\/wp\/v2\/tags?post=112844"}],"curies":[{"name":"wp","href":"https:\/\/api.w.org\/{rel}","templated":true}]}}