{"id":112858,"date":"2023-07-25T17:42:34","date_gmt":"2023-07-25T20:42:34","guid":{"rendered":"https:\/\/tvtecjundiai.com.br\/news\/?p=112858"},"modified":"2023-07-25T17:42:37","modified_gmt":"2023-07-25T20:42:37","slug":"taca-das-favelas-vistoria-em-local-de-jogos-antes-das-peneiras-do-final-de-semana","status":"publish","type":"post","link":"https:\/\/tvtecjundiai.com.br\/news\/2023\/07\/25\/taca-das-favelas-vistoria-em-local-de-jogos-antes-das-peneiras-do-final-de-semana\/","title":{"rendered":"Ta\u00e7a das Favelas: vistoria em local de jogos antes das\u00a0\u2018peneiras\u2019 do final de semana"},"content":{"rendered":"\n<p>As peneiras para definir os atletas que representar\u00e3o as equipes na 1\u00aa Ta\u00e7a das Favelas de Jundia\u00ed est\u00e3o previstas para este s\u00e1bado e domingo em v\u00e1rios bairros da cidade. O congresso t\u00e9cnico ser\u00e1 na quarta-feira, 2 de agosto, no Expressa Jundia\u00ed (antigo Complexo Fepasa), junto com a entrega da documenta\u00e7\u00e3o e o sorteio dos jogos. A primeira rodada no s\u00e1bado, dia 5, est\u00e1 prevista para o CECE Dal Santo.<\/p>\n\n\n\n<p>Inicialmente a competi\u00e7\u00e3o estava prevista para o CECE Rom\u00e3o de Souza, na Col\u00f4nia, mas ap\u00f3s uma sugest\u00e3o da Prefeitura e uma vistoria t\u00e9cnica dos respons\u00e1veis pela competi\u00e7\u00e3o \u2013 Central \u00danica das Favelas (CUFA) e TV Tem \u2013 ficou definido o novo local.<\/p>\n\n\n\n<figure class=\"wp-block-image\"><img decoding=\"async\" src=\"https:\/\/jundiai.sp.gov.br\/noticias\/wp-content\/uploads\/sites\/32\/2023\/07\/dalsanto-1280x720.jpeg\" alt=\"\" class=\"wp-image-322724\" \/><figcaption class=\"wp-element-caption\">Visita\u00e7\u00e3o ao campo do CECE Dal Santo foi feita para conferir as condi\u00e7\u00f5es do gramado<\/figcaption><\/figure>\n\n\n\n<p>A vistoria foi nesta ter\u00e7a-feira (25), com Rodrigo Arantes (coordenador de eventos da TV Tem), Eriana Moraes (setor de eventos TV Tem), Eduardo Ara\u00fajo (setor de eventos da TV Tem), Eduardo Ramalho, o Festa (presidente da Cufa Jundia\u00ed), Sidnei Miguel (coordenador de esportes da Cufa Jundia\u00ed) e Marcelo Nitsch (gestor da adjunto da Unidade de Gest\u00e3o de Esportes e Lazer da Prefeitura de Jundia\u00ed).<\/p>\n\n\n\n<p>\u00c9 a primeira vez que a cidade recebe a edi\u00e7\u00e3o regional do maior torneio de futebol com times formados em bairros em situa\u00e7\u00e3o de vulnerabilidade social. A competi\u00e7\u00e3o re\u00fane anualmente mais de 100 mil jovens, entre homens e mulheres, em todo o Brasil.<\/p>\n\n\n\n<p>Desde sua primeira edi\u00e7\u00e3o, em 2012, a Cufa j\u00e1 contabiliza cerca de 500 jovens que ingressaram no futebol profissional atrav\u00e9s da Ta\u00e7a das Favelas, transformando a vida de muitas fam\u00edlias.<\/p>\n\n\n\n<p>No dia do lan\u00e7amento, o prefeito Luiz Fernando Machado falou da satisfa\u00e7\u00e3o da cidade em receber um evento como esse. \u201c\u00c9 uma felicidade muito grande Jundia\u00ed receber e potencializar um evento como esse. Acredito no esporte como agente transformador.&nbsp;Muitas crian\u00e7as e jovens apenas aguardam uma oportunidade como essa para se tornarem exemplo para tantos outros. A Cufa faz um trabalho essencial junto \u00e0s comunidades e n\u00f3s, como poder p\u00fablico, colaboramos para que os projetos se concretizem\u201d, disse o prefeito Luiz Fernando Machado.<\/p>\n\n\n\n<p>Eduardo Ramalho, o Festa, presidente da Cufa Jundia\u00ed, destacou tamb\u00e9m que o objetivo da competi\u00e7\u00e3o \u00e9 a promo\u00e7\u00e3o da inclus\u00e3o social atrav\u00e9s do esporte. \u201c\u00c9 uma oportunidade de promover a integra\u00e7\u00e3o das comunidades, a ressignifica\u00e7\u00e3o do territ\u00f3rio e o fortalecimento da autoestima da juventude das favelas\u201d, disse.<\/p>\n\n\n\n<p><strong>PR\u00d3XIMAS ETAPAS DA TA\u00c7A DAS FAVELAS JUNDIA\u00cd-2023<\/strong><\/p>\n\n\n\n<p><strong>DIPES (PENEIRAS):<\/strong>&nbsp;29 E 30 DE JULHO<\/p>\n\n\n\n<p><strong>CONGRESSO TECNICO II:<\/strong>&nbsp;2 AGOSTO \u2013 QUARTA-FEIRA<\/p>\n\n\n\n<p><strong>IN\u00cdCIO DOS JOGOS<\/strong><\/p>\n\n\n\n<p>05\/06 Agosto \u2013 Oitavas \u2013 MASC<\/p>\n\n\n\n<p>12\/13 Agosto \u2013 Quartas \u2013 MASC\/FEM<\/p>\n\n\n\n<p>19 Agosto \u2013 Semi MASC\/FEM<\/p>\n\n\n\n<p>26 Agosto \u2013 Final MASC\/FEM<\/p>\n\n\n\n<p><strong>LOCAL:<\/strong>\u00a0SEDE DA TA\u00c7A \u00a0\u2013 C.E.C.E. DAL SANTO \u2013 Vila Rami, Jundia\u00ed<\/p>\n\n\n\n<p><\/p>\n\n\n\n<p>Fonte \/ Imagem: Prefeitura de Jundia\u00ed <\/p>\n","protected":false},"excerpt":{"rendered":"<p>Visita\u00e7\u00e3o ao campo do CECE Dal Santo foi feita para conferir as condi\u00e7\u00f5es do gramado<\/p>\n","protected":false},"author":24,"featured_media":112859,"comment_status":"closed","ping_status":"0","sticky":false,"template":"","format":"standard","meta":{"footnotes":""},"categories":[8356],"tags":[],"class_list":["post-112858","post","type-post","status-publish","format-standard","has-post-thumbnail","hentry","category-jundiai"],"_links":{"self":[{"href":"https:\/\/tvtecjundiai.com.br\/news\/wp-json\/wp\/v2\/posts\/112858","targetHints":{"allow":["GET"]}}],"collection":[{"href":"https:\/\/tvtecjundiai.com.br\/news\/wp-json\/wp\/v2\/posts"}],"about":[{"href":"https:\/\/tvtecjundiai.com.br\/news\/wp-json\/wp\/v2\/types\/post"}],"author":[{"embeddable":true,"href":"https:\/\/tvtecjundiai.com.br\/news\/wp-json\/wp\/v2\/users\/24"}],"replies":[{"embeddable":true,"href":"https:\/\/tvtecjundiai.com.br\/news\/wp-json\/wp\/v2\/comments?post=112858"}],"version-history":[{"count":1,"href":"https:\/\/tvtecjundiai.com.br\/news\/wp-json\/wp\/v2\/posts\/112858\/revisions"}],"predecessor-version":[{"id":112860,"href":"https:\/\/tvtecjundiai.com.br\/news\/wp-json\/wp\/v2\/posts\/112858\/revisions\/112860"}],"wp:featuredmedia":[{"embeddable":true,"href":"https:\/\/tvtecjundiai.com.br\/news\/wp-json\/wp\/v2\/media\/112859"}],"wp:attachment":[{"href":"https:\/\/tvtecjundiai.com.br\/news\/wp-json\/wp\/v2\/media?parent=112858"}],"wp:term":[{"taxonomy":"category","embeddable":true,"href":"https:\/\/tvtecjundiai.com.br\/news\/wp-json\/wp\/v2\/categories?post=112858"},{"taxonomy":"post_tag","embeddable":true,"href":"https:\/\/tvtecjundiai.com.br\/news\/wp-json\/wp\/v2\/tags?post=112858"}],"curies":[{"name":"wp","href":"https:\/\/api.w.org\/{rel}","templated":true}]}}