{"id":112876,"date":"2023-07-26T10:54:07","date_gmt":"2023-07-26T13:54:07","guid":{"rendered":"https:\/\/tvtecjundiai.com.br\/news\/?p=112876"},"modified":"2023-07-26T10:54:33","modified_gmt":"2023-07-26T13:54:33","slug":"produtores-de-uva-recebem-capacitacao-sobre-rastreabilidade-e-protecao-de-pragas","status":"publish","type":"post","link":"https:\/\/tvtecjundiai.com.br\/news\/2023\/07\/26\/produtores-de-uva-recebem-capacitacao-sobre-rastreabilidade-e-protecao-de-pragas\/","title":{"rendered":"Produtores de uva recebem capacita\u00e7\u00e3o sobre rastreabilidade e prote\u00e7\u00e3o de pragas"},"content":{"rendered":"\n<p>Na ter\u00e7a-feira (25), produtores de uva receberam capacita\u00e7\u00e3o sobre \u2018Rastreabilidade e Podrid\u00e3o da Uva Madura\u2019, na ETEC Benedito Storani (ETEC Best), com orienta\u00e7\u00f5es para a prote\u00e7\u00e3o de pragas no campo. Foram realizadas duas palestras, uma sobre manejos e produtos para o controle da podrid\u00e3o da uva madura, feita pelo engenheiro agr\u00f4nomo Marco Kobayashi; e a segunda sobre rastreabilidade na agricultura, com o engenheiro agr\u00f4nomo da Unidade de Gest\u00e3o de Agroneg\u00f3cio, Abastecimento e Turismo (UGAAT), S\u00e9rgio Pompermayer. O evento faz parte da Semana do Agricultor.<\/p>\n\n\n\n<p>Um dos principais assuntos tratados foram a Glomerella, fungo que ataca as bagas das uvas com o surgimento de manchas circulares, marrom-avermelhadas, que, posteriormente, atingem todo o fruto, escurecendo-o.<\/p>\n\n\n<div class=\"wp-block-image\">\n<figure class=\"aligncenter\"><img decoding=\"async\" src=\"https:\/\/jundiai.sp.gov.br\/noticias\/wp-content\/uploads\/sites\/32\/2023\/07\/palestra_produtores_uva_podridao_etec_best_pa-15-1280x854.jpg\" alt=\"\" class=\"wp-image-322732\" \/><figcaption class=\"wp-element-caption\">Engenheiro agr\u00f4nomo Marco Kobayashi realiza palestra sobre o controle da podrid\u00e3o da Uva madura<\/figcaption><\/figure>\n<\/div>\n\n\n<p>\u201cHoje, na agricultura, n\u00f3s temos pouco espa\u00e7o para erro. Por isso \u00e9 t\u00e3o importante os produtores estarem atentos quanto \u00e0 preven\u00e7\u00e3o de pragas\u201d, disse o engenheiro agr\u00f4nomo Marco Kobayashi.<\/p>\n\n\n\n<p>\u201c\u00c9 um encontro em que podemos trocar experi\u00eancias para discutir o problema dessa doen\u00e7a que atinge bastante a uva Niagara Rosada, por exemplo. Ent\u00e3o \u00e9 uma oportunidade para discutirmos v\u00e1rios aspectos, como pesquisa e teste de produtos\u201d, ressalta o engenheiro agr\u00f4nomo, S\u00e9rgio Pompermayer.<\/p>\n\n\n\n<p><strong><em>Fonte \/ Imagem: Prefeitura de Jundia\u00ed<\/em><\/strong><\/p>\n","protected":false},"excerpt":{"rendered":"<p>Engenheiro agr\u00f4nomo Marco Kobayashi realiza palestra sobre o controle da podrid\u00e3o da Uva madura<\/p>\n","protected":false},"author":30,"featured_media":112877,"comment_status":"closed","ping_status":"0","sticky":false,"template":"","format":"standard","meta":{"footnotes":""},"categories":[8358,6272,8356,1],"tags":[],"class_list":["post-112876","post","type-post","status-publish","format-standard","has-post-thumbnail","hentry","category-agricultura","category-agronegocios","category-jundiai","category-noticias"],"_links":{"self":[{"href":"https:\/\/tvtecjundiai.com.br\/news\/wp-json\/wp\/v2\/posts\/112876","targetHints":{"allow":["GET"]}}],"collection":[{"href":"https:\/\/tvtecjundiai.com.br\/news\/wp-json\/wp\/v2\/posts"}],"about":[{"href":"https:\/\/tvtecjundiai.com.br\/news\/wp-json\/wp\/v2\/types\/post"}],"author":[{"embeddable":true,"href":"https:\/\/tvtecjundiai.com.br\/news\/wp-json\/wp\/v2\/users\/30"}],"replies":[{"embeddable":true,"href":"https:\/\/tvtecjundiai.com.br\/news\/wp-json\/wp\/v2\/comments?post=112876"}],"version-history":[{"count":2,"href":"https:\/\/tvtecjundiai.com.br\/news\/wp-json\/wp\/v2\/posts\/112876\/revisions"}],"predecessor-version":[{"id":112879,"href":"https:\/\/tvtecjundiai.com.br\/news\/wp-json\/wp\/v2\/posts\/112876\/revisions\/112879"}],"wp:featuredmedia":[{"embeddable":true,"href":"https:\/\/tvtecjundiai.com.br\/news\/wp-json\/wp\/v2\/media\/112877"}],"wp:attachment":[{"href":"https:\/\/tvtecjundiai.com.br\/news\/wp-json\/wp\/v2\/media?parent=112876"}],"wp:term":[{"taxonomy":"category","embeddable":true,"href":"https:\/\/tvtecjundiai.com.br\/news\/wp-json\/wp\/v2\/categories?post=112876"},{"taxonomy":"post_tag","embeddable":true,"href":"https:\/\/tvtecjundiai.com.br\/news\/wp-json\/wp\/v2\/tags?post=112876"}],"curies":[{"name":"wp","href":"https:\/\/api.w.org\/{rel}","templated":true}]}}