{"id":112884,"date":"2023-07-26T11:31:56","date_gmt":"2023-07-26T14:31:56","guid":{"rendered":"https:\/\/tvtecjundiai.com.br\/news\/?p=112884"},"modified":"2023-07-26T11:31:58","modified_gmt":"2023-07-26T14:31:58","slug":"festival-de-musica-de-jundiai-entra-na-sua-reta-final","status":"publish","type":"post","link":"https:\/\/tvtecjundiai.com.br\/news\/2023\/07\/26\/festival-de-musica-de-jundiai-entra-na-sua-reta-final\/","title":{"rendered":"Festival de M\u00fasica de Jundia\u00ed entra na sua reta final"},"content":{"rendered":"\n<p>O Espa\u00e7o Expressa( antigo Complexo Fepasa) ser\u00e1 palco neste final de semana do 2\u00ba Festival de M\u00fasica de Jundia\u00ed, uma realiza\u00e7\u00e3o da Prefeitura de Jundia\u00ed, por meio da Unidade de Gest\u00e3o de Cultura. J\u00e1 na sexta-feira (28), as m\u00fasicas selecionadas passam a ser apresentadas e julgadas. O in\u00edcio das apresenta\u00e7\u00f5es est\u00e1 marcado para 19h, com entrada gratuita e estacionamento liberado para o p\u00fablico.<\/p>\n\n\n\n<p>A fase eliminat\u00f3ria acontecer\u00e1 com apresenta\u00e7\u00f5es ao vivo nos dias 28 e 29 de julho, das 30 m\u00fasicas escolhidas na sele\u00e7\u00e3o. A final acontecer\u00e1 ao vivo no dia 30 de julho, com 12 m\u00fasicas selecionadas sendo 6 premiadas \u2013 melhor m\u00fasica do festival, melhor eletr\u00f4nica, melhor instrumental, melhor de Jundia\u00ed, melhor int\u00e9rprete e melhor pelo voto popular.<\/p>\n\n\n\n<p>Durante o 2\u00ba Festival de M\u00fasica de Jundia\u00ed 2023 haver\u00e1 ainda a Mostra Paralela onde, depois de selecionadas as 30 m\u00fasicas do Festival, as pr\u00f3ximas 12 m\u00fasicas de proponentes de Jundia\u00ed n\u00e3o selecionadas, se apresentar\u00e3o no dia 30 de julho, em local e datas a serem definidos pela UGC. N\u00e3o haver\u00e1 premia\u00e7\u00e3o para a Mostra Paralela.<\/p>\n\n\n<div class=\"wp-block-image\">\n<figure class=\"aligncenter\"><img decoding=\"async\" src=\"https:\/\/jundiai.sp.gov.br\/noticias\/wp-content\/uploads\/sites\/32\/2023\/07\/foto-joao-marcello-boscoli.jpg\" alt=\"\" class=\"wp-image-322741\" \/><figcaption class=\"wp-element-caption\">Jo\u00e3o Marcelo B\u00f4scoli estar\u00e1 presente na Roda de Conversa e presidindo o j\u00fari do Festival de M\u00fasica<\/figcaption><\/figure>\n<\/div>\n\n\n<p>A roda de conversa com os jornalistas J\u00falio Maria e Patr\u00edcia Palumbo e o m\u00fasico Jo\u00e3o B\u00f4scoli proporcionar\u00e1 momentos dedicados ao debate sobre a m\u00fasica, a carreira e as experi\u00eancias dos participantes. O encontro acontece no s\u00e1bado (29), a partir das 16h, no Espa\u00e7o Expressa,<\/p>\n\n\n\n<p>O festival ir\u00e1 premiar com R$ 4.000,00 (quatro mil reais) e trof\u00e9u para \u201cMelhor M\u00fasica do Festival, Melhor Eletr\u00f4nica, Melhor Instrumental, Melhor de Jundia\u00ed\u201d.<\/p>\n\n\n\n<p><strong>BANDAS CLASSIFICADAS<\/strong><\/p>\n\n\n\n<p>Na sexta-feira (28) e no s\u00e1bado (29) das 19h30 \u00e0s 22h00 acontecer\u00e1 a fase eliminat\u00f3ria do festival, quando ser\u00e3o apresentadas as 30 m\u00fasicas classificadas entre as 339 que foram inscritas. Dentre as categorias das m\u00fasicas selecionadas temos diversos g\u00eaneros como rock, samba, MPB e xote. As bandas em sua maioria s\u00e3o de Jundia\u00ed e regi\u00e3o, por\u00e9m o festival convida m\u00fasicos de todo o pa\u00eds, com isso teremos bandas do Rio de Janeiro, Bahia, Esp\u00edrito Santo, Minas Gerais e do Paran\u00e1.<\/p>\n\n\n\n<figure class=\"wp-block-image\"><img decoding=\"async\" src=\"https:\/\/lh3.googleusercontent.com\/V3ZQ_IDiJYFFqpvNYI17ROwiZjPMgN0a0zUwiy1M_6C7jIJu5hVPI5MpHSYNXoYjr2oh87U8_1dAsLFZq0l6tyQeXMEEg5Z3phkJwob9A_H7jYI9QBekoSTLOUDbFeTCR2bwQjA7gBded8pxrrbi76Y\" alt=\"\" \/><\/figure>\n\n\n\n<p><strong>M\u00fasica Eletr\u00f4nica<\/strong><\/p>\n\n\n\n<p><strong>Proponente\/ M\u00fasica Int\u00e9rprete \/ Banda \/ Grupo<\/strong><br>Denise Dias Paulo \u2013 Vem Bailar \u2013 DeLua<br>Enilton da Concei\u00e7\u00e3o Santos \u2013 Golf Sap\u00e3o \u2013 Tonzera<br>Fl\u00e1vio Cardoso do Nascimento \u2013 Me Faz Bem \u2013 EmiciThug<br>Guilherme Augusto Gon\u00e7alves Sai \u2013 Delia Ann \u2013 Sai<br>Jorge Hilton de Assis Miranda \u2013 Um Rol\u00e9 \u2013 Simples Rap\u2019ortagem<br>Taylor Marques de Castro Araujo \u2013 Cria de Favela \u2013 Tayllor Mark$<\/p>\n\n\n\n<p><strong>M\u00fasica Instrumental<\/strong><\/p>\n\n\n\n<p><strong>Proponente \/M\u00fasica Int\u00e9rprete \/ Banda \/ Grupo<\/strong><br>Clebson Ribeiro Nunes \u2013 Voc\u00ea \u2013 Clebson Ribeiro<br>F\u00e1bio Juan Verdile Miranda \u2013 Raga Mishra Kafi \u2013 Ananda Chidambara<br>Gabriel Costa de Souza- Cuida \u2013 Gabriel Souza<br>Gabriel Felipe Nanni \u2013 Meu Samba \u2013 Gabriel Nanni<br>Itamir Barros Dutra \u2013 Chicoreando em Olinda \u2013 Itamir Barros<br>T\u00e9erence Rafael Morales Veras \u2013 Arrancandango \u2013 Pytuna<\/p>\n\n\n\n<p><strong>Outros G\u00eaneros<\/strong><\/p>\n\n\n\n<p><strong>Proponente \/M\u00fasica Int\u00e9rprete \/ Banda \/ Grupo<\/strong><br>Am\u00e9rica Pereira da Rocha \u2013 Arrevoar \u2013 America Rocha<br>Ana Luiza do Amaral Pinto \u2013 Porque S\u00f3 \u2013 Ana Luiza e Thomas Howard<br>Andr\u00e9 Luiz Martinh\u00e3o- Amarelo \u2013 Maria Alice<br>Camila Valverde Tafarelo \u2013 Se vai tirar a minha paz \u2013 Camila T\u00e1far\u00e9lo<br>Daniel Conti do Nascimento \u2013 Dolinha de 20 \u2013 Daniel Conti}<br>Daniel Francisc\u00e3o Lenda Caipira Violeiro Daniel Francisc\u00e3o<br>David Juliano de Moura Arias \u2013 Juro \u2013 David Mour<br>Fabio Luis Porte- Purangy \u2013 Fabio Porte<br>Felipe Machado Bedetti \u2013 Al\u00e9m do Infinito \u2013 Felipe Bedetti<br>Fernando Jesus Nogueira Catossi \u2013 Labareda \u2013 Genghis Rex<br>Filipe Machado Gomes \u2013 Perfei\u00e7\u00e3o \u2013 Antevez Machado<br>Guilherme de Souza Silveira \u2013 Antropomorfose Brasileira \u2013 Gui Silveiras<br>Jo\u00e3o Mendes da Silva Neto \u2013 Santo Amaro \u2013 Jo\u00e3o Mendes Rio<br>Juliana Almeida de Deus- Festejo \u2013 Juliana Eva<br>Luiz Jos\u00e9 Fontineli de Souza PENEDO Luiz Fontineli<br>Maria da C. Pereira da Silva \u2013 Can\u00e7\u00e3o Contradit\u00f3ria \u2013 Maria P\u00e9rola<br>Rafael Lopes Mende \u2013 Coleiras virtuais \u2013 Rafa Alface<br>Sandro da Silva Dornelles \u2013 Encarnada \u2013 Bruna Moraes &amp; Sandro Dornelles.<\/p>\n\n\n\n<p><strong>BANDAS FINALISTAS E MOSTRA PARALELA<\/strong><\/p>\n\n\n\n<p>Ap\u00f3s a fase eliminat\u00f3ria ser\u00e1 divulgado a classifica\u00e7\u00e3o de 12 bandas finalistas, que se apresentar\u00e3o no domingo (30) das 19h \u00e0s 21h no Espa\u00e7o Expressa. Destas, ser\u00e3o premiadas 6 m\u00fasicas nas seguintes categorias: melhor m\u00fasica do festival, melhor eletr\u00f4nica, melhor instrumental, melhor de Jundia\u00ed, melhor int\u00e9rprete e melhor pelo voto popular. Neste dia tamb\u00e9m teremos a Mostra Paralela, em que 12 m\u00fasicas de bandas jundiaienses que n\u00e3o foram selecionadas para a fase eliminat\u00f3ria se apresentar\u00e3o das 16h \u00e0s 18h.<\/p>\n\n\n\n<figure class=\"wp-block-image\"><img decoding=\"async\" src=\"https:\/\/lh5.googleusercontent.com\/8Wr0i61n9ZWh8K5NIbxMdo_-vSqCKFvbNZjTOOMKIg11IA5x8e-j-h6wZMSMYYo3KGYboz8vD2X4WzQ9ezbmRpHvkillnXbcDfTbcynYDzO8um1_laY9a50wDnwSIh5x8ncLLY1_OMC-B-Q2dXnzXZQ\" alt=\"\" \/><\/figure>\n\n\n\n<p><em><strong>Fonte \/ Imagem: Prefeitura de Jundia\u00ed<\/strong><\/em><\/p>\n","protected":false},"excerpt":{"rendered":"<p>O in\u00edcio das apresenta\u00e7\u00f5es est\u00e1 marcado para 19h, com entrada gratuita <\/p>\n","protected":false},"author":30,"featured_media":112885,"comment_status":"closed","ping_status":"0","sticky":false,"template":"","format":"standard","meta":{"footnotes":""},"categories":[8356,8354,1],"tags":[],"class_list":["post-112884","post","type-post","status-publish","format-standard","has-post-thumbnail","hentry","category-jundiai","category-lazer","category-noticias"],"_links":{"self":[{"href":"https:\/\/tvtecjundiai.com.br\/news\/wp-json\/wp\/v2\/posts\/112884","targetHints":{"allow":["GET"]}}],"collection":[{"href":"https:\/\/tvtecjundiai.com.br\/news\/wp-json\/wp\/v2\/posts"}],"about":[{"href":"https:\/\/tvtecjundiai.com.br\/news\/wp-json\/wp\/v2\/types\/post"}],"author":[{"embeddable":true,"href":"https:\/\/tvtecjundiai.com.br\/news\/wp-json\/wp\/v2\/users\/30"}],"replies":[{"embeddable":true,"href":"https:\/\/tvtecjundiai.com.br\/news\/wp-json\/wp\/v2\/comments?post=112884"}],"version-history":[{"count":1,"href":"https:\/\/tvtecjundiai.com.br\/news\/wp-json\/wp\/v2\/posts\/112884\/revisions"}],"predecessor-version":[{"id":112886,"href":"https:\/\/tvtecjundiai.com.br\/news\/wp-json\/wp\/v2\/posts\/112884\/revisions\/112886"}],"wp:featuredmedia":[{"embeddable":true,"href":"https:\/\/tvtecjundiai.com.br\/news\/wp-json\/wp\/v2\/media\/112885"}],"wp:attachment":[{"href":"https:\/\/tvtecjundiai.com.br\/news\/wp-json\/wp\/v2\/media?parent=112884"}],"wp:term":[{"taxonomy":"category","embeddable":true,"href":"https:\/\/tvtecjundiai.com.br\/news\/wp-json\/wp\/v2\/categories?post=112884"},{"taxonomy":"post_tag","embeddable":true,"href":"https:\/\/tvtecjundiai.com.br\/news\/wp-json\/wp\/v2\/tags?post=112884"}],"curies":[{"name":"wp","href":"https:\/\/api.w.org\/{rel}","templated":true}]}}