{"id":112888,"date":"2023-07-26T14:00:03","date_gmt":"2023-07-26T17:00:03","guid":{"rendered":"https:\/\/tvtecjundiai.com.br\/news\/?p=112888"},"modified":"2023-07-26T14:00:04","modified_gmt":"2023-07-26T17:00:04","slug":"prefeitura-de-jundiai-abre-vaga-de-estagio-em-fotografia","status":"publish","type":"post","link":"https:\/\/tvtecjundiai.com.br\/news\/2023\/07\/26\/prefeitura-de-jundiai-abre-vaga-de-estagio-em-fotografia\/","title":{"rendered":"Prefeitura de Jundia\u00ed abre vaga de est\u00e1gio em fotografia\u00a0"},"content":{"rendered":"\n<p>Iniciar a carreira profissional vivenciando o dia a dia da \u00e1rea de forma\u00e7\u00e3o auxilia muito no crescimento do estudante, pensando nisso, para colaborar com a forma\u00e7\u00e3o de novos profissionais, a Prefeitura de Jundia\u00ed est\u00e1 com vagas de est\u00e1gio em fotografia em aberto. O estudante ir\u00e1 atuar na Unidade de Gest\u00e3o de Inova\u00e7\u00e3o e Rela\u00e7\u00e3o com o Cidad\u00e3o (UGIRC).<\/p>\n\n\n\n<p>\u201cA din\u00e2mica do estagi\u00e1rio, al\u00e9m de agregar conhecimento, possibilita aos estudantes da \u00e1rea de comunica\u00e7\u00e3o a viv\u00eancia da rotina de uma reda\u00e7\u00e3o\u201d, explica a gestora adjunta da UGIRC, Maria Carolina Arvigo.<\/p>\n\n\n<div class=\"wp-block-image\">\n<figure class=\"aligncenter\"><img decoding=\"async\" src=\"https:\/\/jundiai.sp.gov.br\/noticias\/wp-content\/uploads\/sites\/32\/2022\/11\/vitor-estagiario-jornalismo_c_-2.jpg\" alt=\"Prefeitura \u00e9 uma das melhores empresas para iniciar na carreira\" class=\"wp-image-304853\" \/><figcaption class=\"wp-element-caption\">Prefeitura \u00e9 uma das melhores empresas para iniciar na carreira<\/figcaption><\/figure>\n<\/div>\n\n\n<p>Os interessados que buscam ingressar no mercado de trabalho podem enviar o curr\u00edculo para &nbsp;<a href=\"mailto:ugirc@jundiai.sp.gov.br\">ugirc@jundiai.sp.gov.br<\/a>. O est\u00e1gio conta com carga hor\u00e1ria semanal de 30h, bolsa aux\u00edlio e vale transporte.<\/p>\n","protected":false},"excerpt":{"rendered":"<p>Prefeitura \u00e9 uma das melhores empresas para iniciar na carreira<\/p>\n","protected":false},"author":30,"featured_media":112889,"comment_status":"closed","ping_status":"0","sticky":false,"template":"","format":"standard","meta":{"footnotes":""},"categories":[5038,8356,1],"tags":[],"class_list":["post-112888","post","type-post","status-publish","format-standard","has-post-thumbnail","hentry","category-emprego","category-jundiai","category-noticias"],"_links":{"self":[{"href":"https:\/\/tvtecjundiai.com.br\/news\/wp-json\/wp\/v2\/posts\/112888","targetHints":{"allow":["GET"]}}],"collection":[{"href":"https:\/\/tvtecjundiai.com.br\/news\/wp-json\/wp\/v2\/posts"}],"about":[{"href":"https:\/\/tvtecjundiai.com.br\/news\/wp-json\/wp\/v2\/types\/post"}],"author":[{"embeddable":true,"href":"https:\/\/tvtecjundiai.com.br\/news\/wp-json\/wp\/v2\/users\/30"}],"replies":[{"embeddable":true,"href":"https:\/\/tvtecjundiai.com.br\/news\/wp-json\/wp\/v2\/comments?post=112888"}],"version-history":[{"count":1,"href":"https:\/\/tvtecjundiai.com.br\/news\/wp-json\/wp\/v2\/posts\/112888\/revisions"}],"predecessor-version":[{"id":112890,"href":"https:\/\/tvtecjundiai.com.br\/news\/wp-json\/wp\/v2\/posts\/112888\/revisions\/112890"}],"wp:featuredmedia":[{"embeddable":true,"href":"https:\/\/tvtecjundiai.com.br\/news\/wp-json\/wp\/v2\/media\/112889"}],"wp:attachment":[{"href":"https:\/\/tvtecjundiai.com.br\/news\/wp-json\/wp\/v2\/media?parent=112888"}],"wp:term":[{"taxonomy":"category","embeddable":true,"href":"https:\/\/tvtecjundiai.com.br\/news\/wp-json\/wp\/v2\/categories?post=112888"},{"taxonomy":"post_tag","embeddable":true,"href":"https:\/\/tvtecjundiai.com.br\/news\/wp-json\/wp\/v2\/tags?post=112888"}],"curies":[{"name":"wp","href":"https:\/\/api.w.org\/{rel}","templated":true}]}}