{"id":112902,"date":"2023-07-27T09:13:29","date_gmt":"2023-07-27T12:13:29","guid":{"rendered":"https:\/\/tvtecjundiai.com.br\/news\/?p=112902"},"modified":"2023-07-27T09:14:09","modified_gmt":"2023-07-27T12:14:09","slug":"aperfeicoamento-da-comunicacao-com-a-populacao-e-tema-de-reuniao-de-plataformas-em-jundiai","status":"publish","type":"post","link":"https:\/\/tvtecjundiai.com.br\/news\/2023\/07\/27\/aperfeicoamento-da-comunicacao-com-a-populacao-e-tema-de-reuniao-de-plataformas-em-jundiai\/","title":{"rendered":"Aperfei\u00e7oamento da comunica\u00e7\u00e3o com a popula\u00e7\u00e3o \u00e9 tema de Reuni\u00e3o de Plataformas em Jundia\u00ed"},"content":{"rendered":"\n<p>A 21\u00aa Reuni\u00e3o de Plataformas que aconteceu nesta semana, na Sala de Situa\u00e7\u00e3o do Pa\u00e7o Municipal teve como um dos temas, o aperfei\u00e7oamento dos canais de comunica\u00e7\u00e3o da administra\u00e7\u00e3o p\u00fablica com a popula\u00e7\u00e3o, especialmente no que tange ao acesso aos servi\u00e7os p\u00fablicos. Comandado pelo Gestor de Governo e Finan\u00e7as, Jos\u00e9 Antonio Parimoschi, o encontro tem como objetivo alinhar as plataformas para execu\u00e7\u00e3o dos projetos estrat\u00e9gicos para o desenvolvimento de Jundia\u00ed.<\/p>\n\n\n\n<p>O principal canal \u00e9 o 156. As solicita\u00e7\u00f5es registradas s\u00e3o encaminhadas para as Unidades de Gest\u00e3o respons\u00e1veis pelo assunto e respondidas aos mun\u00edcipes por e-mail. As demandas podem ser feitas por telefone, portal da Prefeitura ou pelo APP Jundia\u00ed. As melhorias discutidas visam dar celeridade para a resolu\u00e7\u00e3o das demandas e melhorar o atendimento e a qualidade do servi\u00e7o prestado \u00e0 popula\u00e7\u00e3o. Vale ressaltar que s\u00e3o realizadas reuni\u00f5es mensais dos integrantes respons\u00e1veis pela plataforma com o intuito de resolver os gargalos existentes.<\/p>\n\n\n\n<figure class=\"wp-block-image\"><img decoding=\"async\" src=\"https:\/\/jundiai.sp.gov.br\/noticias\/wp-content\/uploads\/sites\/32\/2023\/07\/21_reuniao_de_plataforma_pa-16-1280x854.jpg\" alt=\"\" class=\"wp-image-322645\" \/><figcaption class=\"wp-element-caption\">Pr\u00e1tica da Reuni\u00e3o de Plataformas foi institu\u00edda pela administra\u00e7\u00e3o em 2017<\/figcaption><\/figure>\n\n\n\n<p>\u201cA Reuni\u00e3o de Plataformas garante que a gente fa\u00e7a o alinhamento das principais estrat\u00e9gias, com foco na melhoria cont\u00ednua da presta\u00e7\u00e3o do servi\u00e7o p\u00fablico. Para isso \u00e9 fundamental que a administra\u00e7\u00e3o tenha uma boa comunica\u00e7\u00e3o com o cidad\u00e3o e use a tecnologia para agilizar os processos e resolver as principais demandas informadas pelos mun\u00edcipes. E essa estrutura toda precisa estar alinhada com o servidor que faz o atendimento l\u00e1 na ponta\u201d, afirma Parimoschi.<\/p>\n\n\n\n<p>\u201cBuscamos inovar e melhorar as formas de comunica\u00e7\u00e3o com a popula\u00e7\u00e3o. Dessa maneira conseguimos aproximar as pessoas da administra\u00e7\u00e3o e atuar em cima das principais demandas de forma mais \u00e1gil\u201d, ressalta o Gestor de Inova\u00e7\u00e3o e Rela\u00e7\u00e3o com o Cidad\u00e3o, Thiago Maia.<\/p>\n\n\n\n<p>A Prefeitura ainda disp\u00f5e de outros canais de comunica\u00e7\u00e3o e transpar\u00eancia, como o Observat\u00f3rio Jundia\u00ed e a disponibiliza\u00e7\u00e3o de informa\u00e7\u00f5es sobre as metas do Plano de Governo e do Plano Plurianual.<\/p>\n\n\n\n<p>Outro tema debatido foi a visita de prefeitos de cidades de todo o Brasil a Jundia\u00ed, no m\u00eas de setembro, com foco em conhecer as pol\u00edticas voltadas \u00e0 primeira inf\u00e2ncia. O encontro ser\u00e1 mais uma oportunidade para o munic\u00edpio mostrar as boas pr\u00e1ticas que o credenciaram como a sede da Rede Brasileira Cidade das Crian\u00e7as.<\/p>\n\n\n\n<p>Fonte \/ Imagem: Prefeitura de Jundia\u00ed <\/p>\n\n\n\n<figure class=\"wp-block-image\"><img decoding=\"async\" src=\"https:\/\/platform-cdn.sharethis.com\/img\/whatsapp.svg\" alt=\"whatsapp sharing button\" \/><\/figure>\n\n\n\n<figure class=\"wp-block-image\"><img decoding=\"async\" src=\"https:\/\/platform-cdn.sharethis.com\/img\/facebook.svg\" alt=\"facebook sharing button\" \/><\/figure>\n\n\n\n<figure class=\"wp-block-image\"><img decoding=\"async\" src=\"https:\/\/platform-cdn.sharethis.com\/img\/twitter.svg\" alt=\"twitter sharing button\" \/><\/figure>\n\n\n\n<figure class=\"wp-block-image\"><img decoding=\"async\" src=\"https:\/\/platform-cdn.sharethis.com\/img\/telegram.svg\" alt=\"telegram sharing button\" \/><\/figure>\n\n\n\n<figure class=\"wp-block-image\"><img decoding=\"async\" src=\"https:\/\/platform-cdn.sharethis.com\/img\/messenger.svg\" alt=\"messenger sharing button\" \/><\/figure>\n\n\n\n<figure class=\"wp-block-image\"><img decoding=\"async\" src=\"https:\/\/platform-cdn.sharethis.com\/img\/email.svg\" alt=\"email sharing button\" \/><\/figure>\n\n\n\n<figure class=\"wp-block-image\"><img decoding=\"async\" src=\"https:\/\/platform-cdn.sharethis.com\/img\/sharethis.svg\" alt=\"sharethis sharing button\" \/><\/figure>\n","protected":false},"excerpt":{"rendered":"<p>Outro tema debatido foi a visita de prefeitos de cidades de todo o Brasil a Jundia\u00ed<\/p>\n","protected":false},"author":24,"featured_media":112903,"comment_status":"closed","ping_status":"0","sticky":false,"template":"","format":"standard","meta":{"footnotes":""},"categories":[1],"tags":[],"class_list":["post-112902","post","type-post","status-publish","format-standard","has-post-thumbnail","hentry","category-noticias"],"_links":{"self":[{"href":"https:\/\/tvtecjundiai.com.br\/news\/wp-json\/wp\/v2\/posts\/112902","targetHints":{"allow":["GET"]}}],"collection":[{"href":"https:\/\/tvtecjundiai.com.br\/news\/wp-json\/wp\/v2\/posts"}],"about":[{"href":"https:\/\/tvtecjundiai.com.br\/news\/wp-json\/wp\/v2\/types\/post"}],"author":[{"embeddable":true,"href":"https:\/\/tvtecjundiai.com.br\/news\/wp-json\/wp\/v2\/users\/24"}],"replies":[{"embeddable":true,"href":"https:\/\/tvtecjundiai.com.br\/news\/wp-json\/wp\/v2\/comments?post=112902"}],"version-history":[{"count":1,"href":"https:\/\/tvtecjundiai.com.br\/news\/wp-json\/wp\/v2\/posts\/112902\/revisions"}],"predecessor-version":[{"id":112908,"href":"https:\/\/tvtecjundiai.com.br\/news\/wp-json\/wp\/v2\/posts\/112902\/revisions\/112908"}],"wp:featuredmedia":[{"embeddable":true,"href":"https:\/\/tvtecjundiai.com.br\/news\/wp-json\/wp\/v2\/media\/112903"}],"wp:attachment":[{"href":"https:\/\/tvtecjundiai.com.br\/news\/wp-json\/wp\/v2\/media?parent=112902"}],"wp:term":[{"taxonomy":"category","embeddable":true,"href":"https:\/\/tvtecjundiai.com.br\/news\/wp-json\/wp\/v2\/categories?post=112902"},{"taxonomy":"post_tag","embeddable":true,"href":"https:\/\/tvtecjundiai.com.br\/news\/wp-json\/wp\/v2\/tags?post=112902"}],"curies":[{"name":"wp","href":"https:\/\/api.w.org\/{rel}","templated":true}]}}