{"id":112909,"date":"2023-07-27T09:16:19","date_gmt":"2023-07-27T12:16:19","guid":{"rendered":"https:\/\/tvtecjundiai.com.br\/news\/?p=112909"},"modified":"2023-07-27T09:16:56","modified_gmt":"2023-07-27T12:16:56","slug":"alunos-do-cmeja-jundiai-recebem-palestras-na-ii-semana-de-imersao-no-mundo-do-trabalho","status":"publish","type":"post","link":"https:\/\/tvtecjundiai.com.br\/news\/2023\/07\/27\/alunos-do-cmeja-jundiai-recebem-palestras-na-ii-semana-de-imersao-no-mundo-do-trabalho\/","title":{"rendered":"Alunos do CMEJA Jundia\u00ed recebem palestras na II Semana de Imers\u00e3o no Mundo do Trabalho"},"content":{"rendered":"\n<p>Entre os dias 24 e 28 de julho, a Unidade de Gest\u00e3o de Educa\u00e7\u00e3o (UGE) e o Centro Municipal de Educa\u00e7\u00e3o de Jovens e Adultos (CMEJA) promovem a II Semana de Imers\u00e3o no Mundo do Trabalho e Cuidados com a Sa\u00fade F\u00edsica e Mental, dedicadas aos estudantes do equipamento.<\/p>\n\n\n\n<p>Na ter\u00e7a-feira (25), a professora do EJA de Monte Mor, L\u00edvia Sgarbosa, compartilhou as suas experi\u00eancias com os alunos do fundamental I, fundamental II e ensino m\u00e9dio. \u201cA ideia \u00e9 pensar nas transforma\u00e7\u00f5es do mercado de trabalho e refletir sobre as habilidades do s\u00e9culo XXI\u201d, comenta.&nbsp;<\/p>\n\n\n\n<p>O evento, que \u00e9 exclusivo para alunos do CMEJA, tem como temas das palestras o Mundo do Trabalho, Empregabilidade no novo Mundo de Trabalho, FATEC, Patrulha Guardi\u00e3 Maria da Penha\/Jundia\u00ed.&nbsp;A imers\u00e3o vem ao encontro do objetivo do programa Escola Inovadora, de atuar na forma\u00e7\u00e3o dos alunos, assim como em seu crescimento em dimens\u00f5es f\u00edsicas, intelectuais, sociais, culturais e afetivas.<\/p>\n\n\n\n<figure class=\"wp-block-image\"><img decoding=\"async\" src=\"https:\/\/jundiai.sp.gov.br\/noticias\/wp-content\/uploads\/sites\/32\/2023\/07\/cemeja-00_08_07_29-quadro003.jpg\" alt=\"\" class=\"wp-image-322765\" \/><figcaption class=\"wp-element-caption\">L\u00edvia Sgarbosa \u00e9 professora em Monte Mor, interior de S\u00e3o Paulo.<\/figcaption><\/figure>\n\n\n\n<p>O objetivo desta a\u00e7\u00e3o \u00e9 promover aos estudantes contato com profissionais de diferentes \u00e1reas com tem\u00e1ticas ligadas ao mundo do trabalho e cuidados com a sa\u00fade f\u00edsica e mental de modo a ampliar seus conhecimentos, favorecendo uma forma\u00e7\u00e3o integral\u201d, explica a coordenadora pedag\u00f3gica do CMEJA, Fernanda Mesquita.<\/p>\n\n\n\n<p>A aluna Eliana Rachel Torres aproveitou a oportunidade para se matricular. \u201cEu j\u00e1 tinha interesse em concluir meus estudos, um dia passei aqui na frente e me matriculei, minhas aulas come\u00e7aram no dia seguinte. Foi uma grande oportunidade, o aprendizado \u00e9 muito bom e assim que terminar aqui, quero ingressar no t\u00e9cnico, estou decidindo a \u00e1rea\u201d, explica a aluna.&nbsp;<\/p>\n\n\n\n<figure class=\"wp-block-image\"><img decoding=\"async\" src=\"https:\/\/jundiai.sp.gov.br\/noticias\/wp-content\/uploads\/sites\/32\/2023\/07\/cemeja-00_10_49_05-quadro004.jpg\" alt=\"\" class=\"wp-image-322766\" \/><figcaption class=\"wp-element-caption\">Eliana Rachel Torres \u00e9 aluna do ensino m\u00e9dio e participou da palestra com a professora L\u00edvia Sgarbosa.<\/figcaption><\/figure>\n\n\n\n<p>As inscri\u00e7\u00f5es para as aulas no Centro Municipal de Educa\u00e7\u00e3o de Jovens e Adultos (CMEJA) est\u00e3o sempre abertas e as matr\u00edculas acontecem conforme a demanda de vagas.&nbsp;Os interessados devem comparecer na rua Jos\u00e9 do Patroc\u00ednio, 200 \u2013 Vila Argos Nova, Jundia\u00ed ou entrar em contato pelo telefone 4587-3518.<\/p>\n\n\n\n<p><\/p>\n\n\n\n<p>Fonte \/ Imagem: Prefeitura de Jundia\u00ed <\/p>\n","protected":false},"excerpt":{"rendered":"<p>O evento foi exclusivo para alunos do CMEJA Jundia\u00ed <\/p>\n","protected":false},"author":24,"featured_media":112912,"comment_status":"closed","ping_status":"0","sticky":false,"template":"","format":"standard","meta":{"footnotes":""},"categories":[1],"tags":[],"class_list":["post-112909","post","type-post","status-publish","format-standard","has-post-thumbnail","hentry","category-noticias"],"_links":{"self":[{"href":"https:\/\/tvtecjundiai.com.br\/news\/wp-json\/wp\/v2\/posts\/112909","targetHints":{"allow":["GET"]}}],"collection":[{"href":"https:\/\/tvtecjundiai.com.br\/news\/wp-json\/wp\/v2\/posts"}],"about":[{"href":"https:\/\/tvtecjundiai.com.br\/news\/wp-json\/wp\/v2\/types\/post"}],"author":[{"embeddable":true,"href":"https:\/\/tvtecjundiai.com.br\/news\/wp-json\/wp\/v2\/users\/24"}],"replies":[{"embeddable":true,"href":"https:\/\/tvtecjundiai.com.br\/news\/wp-json\/wp\/v2\/comments?post=112909"}],"version-history":[{"count":2,"href":"https:\/\/tvtecjundiai.com.br\/news\/wp-json\/wp\/v2\/posts\/112909\/revisions"}],"predecessor-version":[{"id":112913,"href":"https:\/\/tvtecjundiai.com.br\/news\/wp-json\/wp\/v2\/posts\/112909\/revisions\/112913"}],"wp:featuredmedia":[{"embeddable":true,"href":"https:\/\/tvtecjundiai.com.br\/news\/wp-json\/wp\/v2\/media\/112912"}],"wp:attachment":[{"href":"https:\/\/tvtecjundiai.com.br\/news\/wp-json\/wp\/v2\/media?parent=112909"}],"wp:term":[{"taxonomy":"category","embeddable":true,"href":"https:\/\/tvtecjundiai.com.br\/news\/wp-json\/wp\/v2\/categories?post=112909"},{"taxonomy":"post_tag","embeddable":true,"href":"https:\/\/tvtecjundiai.com.br\/news\/wp-json\/wp\/v2\/tags?post=112909"}],"curies":[{"name":"wp","href":"https:\/\/api.w.org\/{rel}","templated":true}]}}