{"id":112928,"date":"2023-07-27T11:27:03","date_gmt":"2023-07-27T14:27:03","guid":{"rendered":"https:\/\/tvtecjundiai.com.br\/news\/?p=112928"},"modified":"2023-07-27T11:27:04","modified_gmt":"2023-07-27T14:27:04","slug":"duas-exposicoes-movimentam-espacos-da-biblioteca-nelson-foot-em-jundiai","status":"publish","type":"post","link":"https:\/\/tvtecjundiai.com.br\/news\/2023\/07\/27\/duas-exposicoes-movimentam-espacos-da-biblioteca-nelson-foot-em-jundiai\/","title":{"rendered":"Duas exposi\u00e7\u00f5es movimentam espa\u00e7os da Biblioteca Nelson Foot em Jundia\u00ed"},"content":{"rendered":"\n<p>At\u00e9 o dia 04 de agosto o p\u00fablico poder\u00e1 conferir nos dois espa\u00e7os de exposi\u00e7\u00f5es da Biblioteca Nelson Foot (BNF) \u2013 Galeria Jundia\u00ed e Espa\u00e7o Sonia Cintra \u2013 as mostras \u201cUma voltinha na nossa jornada: 15 anos e muitas hist\u00f3rias\u201d, que re\u00fane material da Cia. Um do Outro, apresentando uma parte da sua jornada.<\/p>\n\n\n<div class=\"wp-block-image\">\n<figure class=\"aligncenter\"><img decoding=\"async\" src=\"https:\/\/jundiai.sp.gov.br\/noticias\/wp-content\/uploads\/sites\/32\/2023\/07\/expo1a-1-1280x960.jpeg\" alt=\"\" class=\"wp-image-322892\" \/><figcaption class=\"wp-element-caption\">Espa\u00e7o \u00e9 aberto \u00e0 visita\u00e7\u00e3o do p\u00fablico<\/figcaption><\/figure>\n<\/div>\n\n\n<p>A segunda exposi\u00e7\u00e3o \u00e9 o resultado do trabalho do fot\u00f3grafo Evandro Feliciano, numa realiza\u00e7\u00e3o do #PretaEU e Conselho Municipal de Participa\u00e7\u00e3o e Desenvolvimento da Comunidade Negra de Jundia\u00ed e apoio da Unidade de Gest\u00e3o de Cultura (UGC), A mostra intitulada \u201cNaPeledaNegra \u2013 Cercas Vivas\u201d.<\/p>\n\n\n<div class=\"wp-block-image\">\n<figure class=\"aligncenter\"><img decoding=\"async\" src=\"https:\/\/jundiai.sp.gov.br\/noticias\/wp-content\/uploads\/sites\/32\/2023\/07\/expo3a-1280x960.jpeg\" alt=\"\" class=\"wp-image-322891\" \/><figcaption class=\"wp-element-caption\">A Biblioteca est\u00e1 localizada no Complexo Argos, na avenida Dr. Cavalcanti, 396 \u2013 Vila Arens<\/figcaption><\/figure>\n<\/div>\n\n\n<p>NaPeledaNegra \u2013 Cercas Vivas \u00e9 uma homenagem a for\u00e7a e &nbsp;a beleza das mulheres negras, inspirada em obras de arte e comunidades africanas matriarcais, que mant\u00eam sua cultura espiritual e costumes ancestrais preservando seu ambiente social e cultural, por meio da representa\u00e7\u00e3o da for\u00e7a da m\u00e3e natureza.<\/p>\n\n\n\n<p>As duas exposi\u00e7\u00f5es t\u00eam acesso gratuito e podem ser visitadas de segunda a sexta-feira, das 9h \u00e0s 21h e aos s\u00e1bados das 10h \u00e0s 17h. A Biblioteca est\u00e1 localizada no Complexo Argos, na avenida Dr. Cavalcanti, 396 \u2013 Vila Arens.<\/p>\n\n\n\n<p><strong><em>Fonte \/ Imagem: Prefeitura de Jundia\u00ed<\/em><\/strong><\/p>\n","protected":false},"excerpt":{"rendered":"<p>A Biblioteca est\u00e1 localizada no Complexo Argos, na avenida Dr. Cavalcanti, 396 \u2013 Vila Arens<\/p>\n","protected":false},"author":30,"featured_media":112929,"comment_status":"closed","ping_status":"0","sticky":false,"template":"","format":"standard","meta":{"footnotes":""},"categories":[2833,8356,1],"tags":[],"class_list":["post-112928","post","type-post","status-publish","format-standard","has-post-thumbnail","hentry","category-cultura","category-jundiai","category-noticias"],"_links":{"self":[{"href":"https:\/\/tvtecjundiai.com.br\/news\/wp-json\/wp\/v2\/posts\/112928","targetHints":{"allow":["GET"]}}],"collection":[{"href":"https:\/\/tvtecjundiai.com.br\/news\/wp-json\/wp\/v2\/posts"}],"about":[{"href":"https:\/\/tvtecjundiai.com.br\/news\/wp-json\/wp\/v2\/types\/post"}],"author":[{"embeddable":true,"href":"https:\/\/tvtecjundiai.com.br\/news\/wp-json\/wp\/v2\/users\/30"}],"replies":[{"embeddable":true,"href":"https:\/\/tvtecjundiai.com.br\/news\/wp-json\/wp\/v2\/comments?post=112928"}],"version-history":[{"count":1,"href":"https:\/\/tvtecjundiai.com.br\/news\/wp-json\/wp\/v2\/posts\/112928\/revisions"}],"predecessor-version":[{"id":112930,"href":"https:\/\/tvtecjundiai.com.br\/news\/wp-json\/wp\/v2\/posts\/112928\/revisions\/112930"}],"wp:featuredmedia":[{"embeddable":true,"href":"https:\/\/tvtecjundiai.com.br\/news\/wp-json\/wp\/v2\/media\/112929"}],"wp:attachment":[{"href":"https:\/\/tvtecjundiai.com.br\/news\/wp-json\/wp\/v2\/media?parent=112928"}],"wp:term":[{"taxonomy":"category","embeddable":true,"href":"https:\/\/tvtecjundiai.com.br\/news\/wp-json\/wp\/v2\/categories?post=112928"},{"taxonomy":"post_tag","embeddable":true,"href":"https:\/\/tvtecjundiai.com.br\/news\/wp-json\/wp\/v2\/tags?post=112928"}],"curies":[{"name":"wp","href":"https:\/\/api.w.org\/{rel}","templated":true}]}}