{"id":112944,"date":"2023-07-27T15:29:59","date_gmt":"2023-07-27T18:29:59","guid":{"rendered":"https:\/\/tvtecjundiai.com.br\/news\/?p=112944"},"modified":"2023-07-27T16:02:01","modified_gmt":"2023-07-27T19:02:01","slug":"incendio-de-grandes-proporcoes-atinge-a-serra-do-japi-em-jundiai","status":"publish","type":"post","link":"https:\/\/tvtecjundiai.com.br\/news\/2023\/07\/27\/incendio-de-grandes-proporcoes-atinge-a-serra-do-japi-em-jundiai\/","title":{"rendered":"Inc\u00eandio de grandes propor\u00e7\u00f5es atinge a Serra do Japi em Jundia\u00ed"},"content":{"rendered":"\n<p>Um inc\u00eandio de grandes propor\u00e7\u00f5es atinge a Serra do Japi, em&nbsp;Jundia\u00ed, nesta quinta-feira (27). Segundo a Defesa Civil, o fogo come\u00e7ou na quarta-feira (26), perto do hor\u00e1rio de almo\u00e7o.<\/p>\n\n\n\n<p>J\u00e1 s\u00e3o mais de 24 horas de inc\u00eandio no meio da serra. Seis bombeiros trabalham para tentar conter as chamas e, \u00e0 tarde, mais uma equipe vai refor\u00e7ar os trabalhos.<\/p>\n\n\n\n<p>A Guarda Municipal tamb\u00e9m ajuda no combate.<\/p>\n\n\n\n<p>Ainda n\u00e3o se sabe a causa da queimada.<\/p>\n\n\n<div class=\"wp-block-image\">\n<figure class=\"aligncenter size-full is-resized\"><img loading=\"lazy\" decoding=\"async\" src=\"https:\/\/tvtecjundiai.com.br\/news\/wp-content\/uploads\/sites\/2\/2023\/07\/image-5.png\" alt=\"\" class=\"wp-image-112946\" width=\"740\" height=\"498\" srcset=\"https:\/\/tvtecjundiai.com.br\/news\/wp-content\/uploads\/sites\/2\/2023\/07\/image-5.png 984w, https:\/\/tvtecjundiai.com.br\/news\/wp-content\/uploads\/sites\/2\/2023\/07\/image-5-300x202.png 300w, https:\/\/tvtecjundiai.com.br\/news\/wp-content\/uploads\/sites\/2\/2023\/07\/image-5-768x517.png 768w\" sizes=\"auto, (max-width: 740px) 100vw, 740px\" \/><figcaption class=\"wp-element-caption\">Seis bombeiros trabalham para tentar conter as chamas e, \u00e0 tarde, mais uma equipe vai refor\u00e7ar os trabalhos.<\/figcaption><\/figure>\n<\/div>\n\n\n<p><strong><em>Fonte: G1\/Globo<\/em><\/strong> <strong><em>\/ Imagem:<\/em><\/strong> <strong><em>Sampi.net<\/em><\/strong><\/p>\n","protected":false},"excerpt":{"rendered":"<p>J\u00e1 s\u00e3o mais de 24 horas de inc\u00eandio no meio da serra. <\/p>\n","protected":false},"author":30,"featured_media":112946,"comment_status":"closed","ping_status":"0","sticky":false,"template":"","format":"standard","meta":{"footnotes":""},"categories":[8407,8356,1],"tags":[],"class_list":["post-112944","post","type-post","status-publish","format-standard","has-post-thumbnail","hentry","category-defesa-civil","category-jundiai","category-noticias"],"_links":{"self":[{"href":"https:\/\/tvtecjundiai.com.br\/news\/wp-json\/wp\/v2\/posts\/112944","targetHints":{"allow":["GET"]}}],"collection":[{"href":"https:\/\/tvtecjundiai.com.br\/news\/wp-json\/wp\/v2\/posts"}],"about":[{"href":"https:\/\/tvtecjundiai.com.br\/news\/wp-json\/wp\/v2\/types\/post"}],"author":[{"embeddable":true,"href":"https:\/\/tvtecjundiai.com.br\/news\/wp-json\/wp\/v2\/users\/30"}],"replies":[{"embeddable":true,"href":"https:\/\/tvtecjundiai.com.br\/news\/wp-json\/wp\/v2\/comments?post=112944"}],"version-history":[{"count":2,"href":"https:\/\/tvtecjundiai.com.br\/news\/wp-json\/wp\/v2\/posts\/112944\/revisions"}],"predecessor-version":[{"id":112948,"href":"https:\/\/tvtecjundiai.com.br\/news\/wp-json\/wp\/v2\/posts\/112944\/revisions\/112948"}],"wp:featuredmedia":[{"embeddable":true,"href":"https:\/\/tvtecjundiai.com.br\/news\/wp-json\/wp\/v2\/media\/112946"}],"wp:attachment":[{"href":"https:\/\/tvtecjundiai.com.br\/news\/wp-json\/wp\/v2\/media?parent=112944"}],"wp:term":[{"taxonomy":"category","embeddable":true,"href":"https:\/\/tvtecjundiai.com.br\/news\/wp-json\/wp\/v2\/categories?post=112944"},{"taxonomy":"post_tag","embeddable":true,"href":"https:\/\/tvtecjundiai.com.br\/news\/wp-json\/wp\/v2\/tags?post=112944"}],"curies":[{"name":"wp","href":"https:\/\/api.w.org\/{rel}","templated":true}]}}