{"id":112968,"date":"2023-07-28T11:22:24","date_gmt":"2023-07-28T14:22:24","guid":{"rendered":"https:\/\/tvtecjundiai.com.br\/news\/?p=112968"},"modified":"2023-07-28T11:22:25","modified_gmt":"2023-07-28T14:22:25","slug":"gestores-vistoriam-as-obras-da-futura-sede-do-debea-jundiai","status":"publish","type":"post","link":"https:\/\/tvtecjundiai.com.br\/news\/2023\/07\/28\/gestores-vistoriam-as-obras-da-futura-sede-do-debea-jundiai\/","title":{"rendered":"Gestores vistoriam as obras da futura sede do DEBEA Jundia\u00ed"},"content":{"rendered":"\n<p>Na quinta-feira (27), gestores da Prefeitura de Jundia\u00ed visitaram a \u00e1rea onde ser\u00e1 constru\u00edda a nova sede do Departamento de Bem-Estar Animal (DEBEA). As novas instala\u00e7\u00f5es ficam pr\u00f3ximas \u00e0 atual sede, em um terreno adquirido pela Prefeitura no bairro Ch\u00e1cara S\u00e3o Francisco. A nova sede ser\u00e1 mais ampla e contemplar\u00e1 pr\u00e9dio administrativo, farm\u00e1cia, \u00e1reas para abrigo de c\u00e3es e gatos, dep\u00f3sito de ra\u00e7\u00e3o, centro cir\u00fargico e estacionamento. O investimento \u00e9 de aproximadamente R$ 4,5 milh\u00f5es e o prazo estimado para a execu\u00e7\u00e3o da obra \u00e9 entre 12 e 15 meses.<\/p>\n\n\n\n<p>\u201cN\u00f3s estamos refor\u00e7ando a pol\u00edtica p\u00fablica de bem-estar animal em Jundia\u00ed. A nova sede vai trazer melhores condi\u00e7\u00f5es para o atendimento de mais pessoas e dos animais, com instala\u00e7\u00f5es adequadas. Teremos mais servi\u00e7os e refor\u00e7o da equipe de veterin\u00e1rios. Sem esquecermos da educa\u00e7\u00e3o sobre a guarda respons\u00e1vel, que tamb\u00e9m \u00e9 um dos nossos compromissos de base com a causa animal\u201d, garantiu o gestor de Governo e Finan\u00e7as, Jos\u00e9 Ant\u00f4nio Parimoschi.<\/p>\n\n\n\n<p>A sede atual do DEBEA ser\u00e1 mantida como forma de ampliar a capacidade de abrigo de animais que n\u00e3o dependem de tratamento continuado, permitindo, quando necess\u00e1rio, o isolamento de indiv\u00edduos agressivos.<\/p>\n\n\n<div class=\"wp-block-image\">\n<figure class=\"aligncenter\"><img decoding=\"async\" src=\"https:\/\/jundiai.sp.gov.br\/noticias\/wp-content\/uploads\/sites\/32\/2023\/07\/gestores_visitam_nova_sede_debea_pa-13-1-1280x854.jpg\" alt=\"\" class=\"wp-image-323029\" \/><figcaption class=\"wp-element-caption\">Gestores conferiram obras de terraplanagem e planta do futuro pr\u00e9dio<\/figcaption><\/figure>\n<\/div>\n\n\n<p>\u201cN\u00f3s fizemos benfeitorias nas instala\u00e7\u00f5es atuais desde 2017 para melhorar o atendimento. J\u00e1 a nova sede conta com um projeto espec\u00edfico que foi discutido com veterin\u00e1rios e profissionais da \u00e1rea, o que vai proporcionar um atendimento ainda melhor\u201d, disse o gestor de Planejamento Urbano e Meio Ambiente, Sin\u00e9sio Scarabello Filho.<\/p>\n\n\n\n<p>Dentre as pol\u00edticas p\u00fablicas para o bem-estar animal e o controle populacional de animais em Jundia\u00ed, o DEBEA realiza castra\u00e7\u00e3o e microchipagem de c\u00e3es e gatos, vistorias de maus-tratos a animais, recolhimento seletivo de c\u00e3es e gatos, projetos educativos de guarda respons\u00e1vel, conscientiza\u00e7\u00e3o de agentes p\u00fablicos, promo\u00e7\u00e3o de ado\u00e7\u00e3o respons\u00e1vel, acompanhamento de casos de acumula\u00e7\u00e3o compulsiva, atendimento veterin\u00e1rio a animais comunit\u00e1rios, de mun\u00edcipes de baixa renda, de ONGs e protetores cadastrados, de animais errantes ou cujos tutores estejam em situa\u00e7\u00e3o de rua.<\/p>\n\n\n\n<p>\u201cCom a nova estrutura, conseguiremos fazer um melhor manejo dos animais, al\u00e9m de atender a popula\u00e7\u00e3o com mais conforto, pois a ideia \u00e9 tamb\u00e9m ampliar o atendimento em termos de volume e hor\u00e1rio\u201d, refor\u00e7ou a diretora do DEBEA, Daniela Ara\u00fajo Passos.<\/p>\n\n\n\n<p>Tamb\u00e9m participaram da visita o gestor de Infraestrutura e Servi\u00e7os P\u00fablicos, Adilson Rosa; o vereador Leandro Palmarini; e demais servidores da Prefeitura de Jundia\u00ed e da C\u00e2mara Municipal.<\/p>\n\n\n<div class=\"wp-block-image\">\n<figure class=\"aligncenter\"><img decoding=\"async\" src=\"https:\/\/jundiai.sp.gov.br\/noticias\/wp-content\/uploads\/sites\/32\/2023\/07\/gestores_visitam_nova_sede_debea_pa-4-1-1280x854.jpg\" alt=\"\" class=\"wp-image-322938\" \/><figcaption class=\"wp-element-caption\">Obras da nova sede do DEBEA est\u00e3o em andamento<\/figcaption><\/figure>\n<\/div>\n\n\n<p><strong><em>Fonte \/ Imagem: Prefeitura de Jundia\u00ed<\/em><\/strong><\/p>\n","protected":false},"excerpt":{"rendered":"<p>Gestores conferiram obras de terraplanagem e planta do futuro pr\u00e9dio<\/p>\n","protected":false},"author":30,"featured_media":112969,"comment_status":"closed","ping_status":"0","sticky":false,"template":"","format":"standard","meta":{"footnotes":""},"categories":[8356,1],"tags":[],"class_list":["post-112968","post","type-post","status-publish","format-standard","has-post-thumbnail","hentry","category-jundiai","category-noticias"],"_links":{"self":[{"href":"https:\/\/tvtecjundiai.com.br\/news\/wp-json\/wp\/v2\/posts\/112968","targetHints":{"allow":["GET"]}}],"collection":[{"href":"https:\/\/tvtecjundiai.com.br\/news\/wp-json\/wp\/v2\/posts"}],"about":[{"href":"https:\/\/tvtecjundiai.com.br\/news\/wp-json\/wp\/v2\/types\/post"}],"author":[{"embeddable":true,"href":"https:\/\/tvtecjundiai.com.br\/news\/wp-json\/wp\/v2\/users\/30"}],"replies":[{"embeddable":true,"href":"https:\/\/tvtecjundiai.com.br\/news\/wp-json\/wp\/v2\/comments?post=112968"}],"version-history":[{"count":1,"href":"https:\/\/tvtecjundiai.com.br\/news\/wp-json\/wp\/v2\/posts\/112968\/revisions"}],"predecessor-version":[{"id":112970,"href":"https:\/\/tvtecjundiai.com.br\/news\/wp-json\/wp\/v2\/posts\/112968\/revisions\/112970"}],"wp:featuredmedia":[{"embeddable":true,"href":"https:\/\/tvtecjundiai.com.br\/news\/wp-json\/wp\/v2\/media\/112969"}],"wp:attachment":[{"href":"https:\/\/tvtecjundiai.com.br\/news\/wp-json\/wp\/v2\/media?parent=112968"}],"wp:term":[{"taxonomy":"category","embeddable":true,"href":"https:\/\/tvtecjundiai.com.br\/news\/wp-json\/wp\/v2\/categories?post=112968"},{"taxonomy":"post_tag","embeddable":true,"href":"https:\/\/tvtecjundiai.com.br\/news\/wp-json\/wp\/v2\/tags?post=112968"}],"curies":[{"name":"wp","href":"https:\/\/api.w.org\/{rel}","templated":true}]}}