{"id":112991,"date":"2023-07-28T16:06:47","date_gmt":"2023-07-28T19:06:47","guid":{"rendered":"https:\/\/tvtecjundiai.com.br\/news\/?p=112991"},"modified":"2023-07-28T16:06:48","modified_gmt":"2023-07-28T19:06:48","slug":"criancas-da-emeb-oscar-augusto-guelli-conhecem-viveiro-de-mudas-na-roseira","status":"publish","type":"post","link":"https:\/\/tvtecjundiai.com.br\/news\/2023\/07\/28\/criancas-da-emeb-oscar-augusto-guelli-conhecem-viveiro-de-mudas-na-roseira\/","title":{"rendered":"Crian\u00e7as da EMEB Oscar Augusto Guelli conhecem viveiro de mudas na Roseira"},"content":{"rendered":"\n<p>Como parte da programa\u00e7\u00e3o da Semana do Agricultor 2023, promovida pela Unidade de Agroneg\u00f3cio, Abastecimento e Meio Ambiente (UGAAT), 34 alunos do 4\u00ba ano da EMEB Oscar Augusto Guelli, no bairro da Roseira, conheceram o Viveiro Mingoti, que \u00e9 vizinho da escola e produz mudas de hortali\u00e7as.<\/p>\n\n\n\n<p>\u201cA ideia de trazer os alunos ao Viveiro na Semana do Agricultor \u00e9 inserir a crian\u00e7a, nesse per\u00edodo de inf\u00e2ncia, no contexto da agricultura e mostrar a elas de onde os alimentos v\u00eam. E a melhor forma \u00e9 mostrar de perto a origem dos alimentos que elas consomem\u201d, disse o engenheiro agr\u00f4nomo da UGAAT, Felipe Magro.<\/p>\n\n\n<div class=\"wp-block-image\">\n<figure class=\"aligncenter\"><img decoding=\"async\" src=\"https:\/\/jundiai.sp.gov.br\/noticias\/wp-content\/uploads\/sites\/32\/2023\/07\/semana_agricultor_criancas_viveiro_mudas-2-1280x960.jpg\" alt=\"\" class=\"wp-image-322984\" \/><figcaption class=\"wp-element-caption\">Crian\u00e7as aprenderam sobre o plantio de mudas de hortali\u00e7as<\/figcaption><\/figure>\n<\/div>\n\n\n<p>Durante a visita, as crian\u00e7as puderam conhecer o plantio e aprenderam sobre a import\u00e2ncia do cuidado com a terra e o armazenamento das mudas de br\u00f3colis, couve-flor, al\u00e9m de diversos tipos de hortali\u00e7as. \u201c\u00c9 um prazer receber as crian\u00e7as, principalmente aqui do bairro. A visita \u00e9 uma forma, tamb\u00e9m, de incentivar o consumo de verduras e legumes\u201d, lembrou D\u00eanis Guimar\u00e3es Mingoti, dono do viveiro, que chega a comercializar cerca de 100 milh\u00f5es de mudas por ano e \u00e9 um dos maiores do Brasil no segmento de hortali\u00e7as.<\/p>\n\n\n\n<p>\u201cO curr\u00edculo pedag\u00f3gico do 4\u00ba ano trabalha elementos da agricultura. E nessas visitas, al\u00e9m das crian\u00e7as conhecerem mais a agricultura da cidade, elas passam a valorizar mais a natureza\u201d, disse a professora Luciane Franzin. \u201cEu achei muito interessante a parte de plantio das sementes. N\u00e3o sabia que era assim\u201d, comentou a aluna Kayla Quadros, de 9 anos.<\/p>\n\n\n\n<p>\u201cEssas visitas est\u00e3o em conson\u00e2ncia com o programa de desemparedamento, desenvolvido em toda a Rede Municipal de Ensino, no qual os alunos aprendem tamb\u00e9m sobre v\u00e1rios conceitos da planta\u00e7\u00e3o de org\u00e2nicos e sobre sustentabilidade, tamb\u00e9m fora dos muros da escola. E aproveitando que temos uma horta na escola, essa viv\u00eancia \u00e9 fundamental para que o conceito de alimenta\u00e7\u00e3o saud\u00e1vel se firme ainda mais no dia a dia dos alunos\u201d, refor\u00e7ou a coordenadora da EMEB, Eliza Regina Domiciano.<\/p>\n\n\n<div class=\"wp-block-image\">\n<figure class=\"aligncenter\"><img decoding=\"async\" src=\"https:\/\/jundiai.sp.gov.br\/noticias\/wp-content\/uploads\/sites\/32\/2023\/07\/semana_agricultor_criancas_viveiro_mudas-7-1-1280x960.jpg\" alt=\"\" class=\"wp-image-322986\" \/><figcaption class=\"wp-element-caption\">Alunos aprenderam tamb\u00e9m sobre a import\u00e2ncia do cuidado com a terra<\/figcaption><\/figure>\n<\/div>\n\n\n<p><strong><em>Fonte \/ Imagem: Prefeitura de Jundia\u00ed<\/em><\/strong><\/p>\n","protected":false},"excerpt":{"rendered":"<p>Crian\u00e7as aprenderam sobre o plantio de mudas de hortali\u00e7as<\/p>\n","protected":false},"author":30,"featured_media":112992,"comment_status":"closed","ping_status":"0","sticky":false,"template":"","format":"standard","meta":{"footnotes":""},"categories":[8356,1],"tags":[],"class_list":["post-112991","post","type-post","status-publish","format-standard","has-post-thumbnail","hentry","category-jundiai","category-noticias"],"_links":{"self":[{"href":"https:\/\/tvtecjundiai.com.br\/news\/wp-json\/wp\/v2\/posts\/112991","targetHints":{"allow":["GET"]}}],"collection":[{"href":"https:\/\/tvtecjundiai.com.br\/news\/wp-json\/wp\/v2\/posts"}],"about":[{"href":"https:\/\/tvtecjundiai.com.br\/news\/wp-json\/wp\/v2\/types\/post"}],"author":[{"embeddable":true,"href":"https:\/\/tvtecjundiai.com.br\/news\/wp-json\/wp\/v2\/users\/30"}],"replies":[{"embeddable":true,"href":"https:\/\/tvtecjundiai.com.br\/news\/wp-json\/wp\/v2\/comments?post=112991"}],"version-history":[{"count":1,"href":"https:\/\/tvtecjundiai.com.br\/news\/wp-json\/wp\/v2\/posts\/112991\/revisions"}],"predecessor-version":[{"id":112993,"href":"https:\/\/tvtecjundiai.com.br\/news\/wp-json\/wp\/v2\/posts\/112991\/revisions\/112993"}],"wp:featuredmedia":[{"embeddable":true,"href":"https:\/\/tvtecjundiai.com.br\/news\/wp-json\/wp\/v2\/media\/112992"}],"wp:attachment":[{"href":"https:\/\/tvtecjundiai.com.br\/news\/wp-json\/wp\/v2\/media?parent=112991"}],"wp:term":[{"taxonomy":"category","embeddable":true,"href":"https:\/\/tvtecjundiai.com.br\/news\/wp-json\/wp\/v2\/categories?post=112991"},{"taxonomy":"post_tag","embeddable":true,"href":"https:\/\/tvtecjundiai.com.br\/news\/wp-json\/wp\/v2\/tags?post=112991"}],"curies":[{"name":"wp","href":"https:\/\/api.w.org\/{rel}","templated":true}]}}