{"id":113031,"date":"2023-07-31T09:32:35","date_gmt":"2023-07-31T12:32:35","guid":{"rendered":"https:\/\/tvtecjundiai.com.br\/news\/?p=113031"},"modified":"2023-07-31T09:32:36","modified_gmt":"2023-07-31T12:32:36","slug":"2o-festival-de-musica-de-jundiai-termina-com-grande-publico-no-espaco-expressa","status":"publish","type":"post","link":"https:\/\/tvtecjundiai.com.br\/news\/2023\/07\/31\/2o-festival-de-musica-de-jundiai-termina-com-grande-publico-no-espaco-expressa\/","title":{"rendered":"2\u00ba Festival de M\u00fasica de Jundia\u00ed termina com grande p\u00fablico no Espa\u00e7o Expressa"},"content":{"rendered":"\n<p>A noite de domingo (30) reuniu m\u00fasica boa e grande p\u00fablico no Espa\u00e7o Expressa (antigo Complexo Fepasa) no encerramento do 2\u00ba Festival de M\u00fasica de Jundia\u00ed, promovido pela Unidade de Gest\u00e3o de Cultura (UGC). Foram mais de 300 m\u00fasicas inscritas de candidatos de 88 cidades de v\u00e1rios estados do Brasil. Dessas, 12 chegaram \u00e0 grande final, sendo 6 premiadas \u2013 melhor m\u00fasica do festival, melhor eletr\u00f4nica, melhor instrumental, melhor de Jundia\u00ed, melhor int\u00e9rprete e melhor pelo voto popular.<\/p>\n\n\n\n<p>O festival premiou com R$ 4.000,00 (quatro mil reais) e trof\u00e9u para essas categorias. \u201cO principal objetivo desse festival \u00e9 mostrar a m\u00fasica autoral, a diversidade cultural que temos no Brasil, com v\u00e1rios g\u00eaneros diferentes, e tamb\u00e9m trazer grandes m\u00fasicos de todo o Brasil para conhecer Jundia\u00ed\u201d, disse o diretor de Cultura, Jo\u00e3o Carlos de Luca.<\/p>\n\n\n\n<figure class=\"wp-block-gallery has-nested-images columns-default is-cropped wp-block-gallery-1 is-layout-flex wp-block-gallery-is-layout-flex\">\n<figure class=\"wp-block-image size-large\"><img loading=\"lazy\" decoding=\"async\" width=\"1200\" height=\"801\" data-id=\"113033\" src=\"https:\/\/tvtecjundiai.com.br\/news\/wp-content\/uploads\/sites\/2\/2023\/07\/festival-de-musica-31-1-1280x854-1-1200x801.jpg\" alt=\"\" class=\"wp-image-113033\" srcset=\"https:\/\/tvtecjundiai.com.br\/news\/wp-content\/uploads\/sites\/2\/2023\/07\/festival-de-musica-31-1-1280x854-1-1200x801.jpg 1200w, https:\/\/tvtecjundiai.com.br\/news\/wp-content\/uploads\/sites\/2\/2023\/07\/festival-de-musica-31-1-1280x854-1-300x200.jpg 300w, https:\/\/tvtecjundiai.com.br\/news\/wp-content\/uploads\/sites\/2\/2023\/07\/festival-de-musica-31-1-1280x854-1-768x512.jpg 768w, https:\/\/tvtecjundiai.com.br\/news\/wp-content\/uploads\/sites\/2\/2023\/07\/festival-de-musica-31-1-1280x854-1.jpg 1280w\" sizes=\"auto, (max-width: 1200px) 100vw, 1200px\" \/><figcaption class=\"wp-element-caption\">M\u00fasica \u201cJuro\u201d, por David Mour, levou a melhor m\u00fasica do festival<\/figcaption><\/figure>\n\n\n\n<figure class=\"wp-block-image size-large\"><img loading=\"lazy\" decoding=\"async\" width=\"1200\" height=\"801\" data-id=\"113032\" src=\"https:\/\/tvtecjundiai.com.br\/news\/wp-content\/uploads\/sites\/2\/2023\/07\/festival-de-musica-69-1280x854-1-1200x801.jpg\" alt=\"\" class=\"wp-image-113032\" srcset=\"https:\/\/tvtecjundiai.com.br\/news\/wp-content\/uploads\/sites\/2\/2023\/07\/festival-de-musica-69-1280x854-1-1200x801.jpg 1200w, https:\/\/tvtecjundiai.com.br\/news\/wp-content\/uploads\/sites\/2\/2023\/07\/festival-de-musica-69-1280x854-1-300x200.jpg 300w, https:\/\/tvtecjundiai.com.br\/news\/wp-content\/uploads\/sites\/2\/2023\/07\/festival-de-musica-69-1280x854-1-768x512.jpg 768w, https:\/\/tvtecjundiai.com.br\/news\/wp-content\/uploads\/sites\/2\/2023\/07\/festival-de-musica-69-1280x854-1.jpg 1280w\" sizes=\"auto, (max-width: 1200px) 100vw, 1200px\" \/><figcaption class=\"wp-element-caption\">\u201cLenda Caipira\u201d levou o pr\u00eamio da melhor m\u00fasica de Jundia\u00ed<\/figcaption><\/figure>\n<\/figure>\n\n\n\n<p>A fase eliminat\u00f3ria foi realizada com apresenta\u00e7\u00f5es ao vivo nos dias 28 e 29 de julho, com a grande final neste domingo (30). O gestor de Cultura, Marcelo Peroni, destacou tamb\u00e9m a programa\u00e7\u00e3o voltada para a crian\u00e7a na cultura de Jundia\u00ed. \u201cN\u00f3s tivemos uma participa\u00e7\u00e3o maci\u00e7a de crian\u00e7as no Festival conhecendo a cultura e vivenciando os espa\u00e7os p\u00fablicos da cidade. A import\u00e2ncia de trabalhar a primeira inf\u00e2ncia \u00e9 o olhar estrat\u00e9gico, de focar no futuro. E a nossa programa\u00e7\u00e3o cultural segue as diretrizes da URBAN95 e os conceitos da Rede Internacional Cidade das Crian\u00e7as\u201d, destacou.<\/p>\n\n\n\n<p>Os jurados da grande final do concurso foram os jornalistas Patr\u00edcia Palumbo e J\u00falio Maria e o produtor musical, Jo\u00e3o Marcello B\u00f4scoli. \u201c\u00c9 gratificante participar de uma iniciativa que abre espa\u00e7o para novos artistas, que expressam suas emo\u00e7\u00f5es, sentimentos e ideias atrav\u00e9s da m\u00fasica, \u00e9 algo motivador e muito positivo. Esse festival mostra o quanto a cena musical brasileira \u00e9 muito viva\u201d, refor\u00e7ou Jo\u00e3o Marcello B\u00f4scoli.<\/p>\n\n\n\n<p>Os visitantes tamb\u00e9m aproveitaram bastante a noite de domingo. \u201c\u00c9 uma satisfa\u00e7\u00e3o enorme ver um festival desse porte acontecendo, com m\u00fasicos de alt\u00edssimo n\u00edvel. Ele promove a cultura, esse espa\u00e7o lindo que \u00e9 o Expressa e tamb\u00e9m a economia da cidade\u201d, disse a psicanalista Silmara Meireles, que estava acompanhada da filha Lina.<\/p>\n\n\n\n<figure class=\"wp-block-gallery has-nested-images columns-default is-cropped wp-block-gallery-2 is-layout-flex wp-block-gallery-is-layout-flex\">\n<figure class=\"wp-block-image size-large\"><img loading=\"lazy\" decoding=\"async\" width=\"1200\" height=\"801\" data-id=\"113035\" src=\"https:\/\/tvtecjundiai.com.br\/news\/wp-content\/uploads\/sites\/2\/2023\/07\/festival-de-musica-4-2-1280x854-1-1200x801.jpg\" alt=\"\" class=\"wp-image-113035\" srcset=\"https:\/\/tvtecjundiai.com.br\/news\/wp-content\/uploads\/sites\/2\/2023\/07\/festival-de-musica-4-2-1280x854-1-1200x801.jpg 1200w, https:\/\/tvtecjundiai.com.br\/news\/wp-content\/uploads\/sites\/2\/2023\/07\/festival-de-musica-4-2-1280x854-1-300x200.jpg 300w, https:\/\/tvtecjundiai.com.br\/news\/wp-content\/uploads\/sites\/2\/2023\/07\/festival-de-musica-4-2-1280x854-1-768x512.jpg 768w, https:\/\/tvtecjundiai.com.br\/news\/wp-content\/uploads\/sites\/2\/2023\/07\/festival-de-musica-4-2-1280x854-1.jpg 1280w\" sizes=\"auto, (max-width: 1200px) 100vw, 1200px\" \/><figcaption class=\"wp-element-caption\">Os jurados Patr\u00edcia Palumbo, J\u00falio Maria e Jo\u00e3o Marcello B\u00f4scoli<\/figcaption><\/figure>\n\n\n\n<figure class=\"wp-block-image size-large\"><img loading=\"lazy\" decoding=\"async\" width=\"1200\" height=\"801\" data-id=\"113034\" src=\"https:\/\/tvtecjundiai.com.br\/news\/wp-content\/uploads\/sites\/2\/2023\/07\/festival-de-musica-30-3-1280x854-1-1200x801.jpg\" alt=\"\" class=\"wp-image-113034\" srcset=\"https:\/\/tvtecjundiai.com.br\/news\/wp-content\/uploads\/sites\/2\/2023\/07\/festival-de-musica-30-3-1280x854-1-1200x801.jpg 1200w, https:\/\/tvtecjundiai.com.br\/news\/wp-content\/uploads\/sites\/2\/2023\/07\/festival-de-musica-30-3-1280x854-1-300x200.jpg 300w, https:\/\/tvtecjundiai.com.br\/news\/wp-content\/uploads\/sites\/2\/2023\/07\/festival-de-musica-30-3-1280x854-1-768x512.jpg 768w, https:\/\/tvtecjundiai.com.br\/news\/wp-content\/uploads\/sites\/2\/2023\/07\/festival-de-musica-30-3-1280x854-1.jpg 1280w\" sizes=\"auto, (max-width: 1200px) 100vw, 1200px\" \/><figcaption class=\"wp-element-caption\">Silmara Meireles e a filha Lina curtiram o festival<\/figcaption><\/figure>\n<\/figure>\n\n\n\n<p>\u201cEstar em Jundia\u00ed \u00e9 muito gostoso e refor\u00e7a a conex\u00e3o entre as pessoas e os m\u00fasicos. O pr\u00eamio significa muito pra mim e mostra que eu posso continuar firme na carreira e no sonho de ser m\u00fasico\u201d, disse David Mour, que \u00e9 de Londrina e levou o pr\u00eamio de melhor m\u00fasica do festival com \u201cJuro\u201d.<\/p>\n\n\n\n<p><strong>VENCEDORES DO 2\u00ba FESTIVAL DE M\u00daSICA DE JUNDIA\u00cd:<\/strong><\/p>\n\n\n\n<p>Melhor m\u00fasica do festival: David Mour \u2013 \u201cJuro\u201d<\/p>\n\n\n\n<p>Melhor m\u00fasica instrumental: Gabriel Souza \u2013 \u201cCuida\u201d<\/p>\n\n\n\n<p>Melhor m\u00fasica eletr\u00f4nica: Tayllor Mark$ \u2013 \u201cCria de Favela\u201d<\/p>\n\n\n\n<p>Melhor m\u00fasica de Jundia\u00ed: Violeiro Daniel Francisc\u00e3o \u2013 \u201cLenda Caipira\u201d<\/p>\n\n\n\n<p>Melhor int\u00e9rprete: Maria Alice \u2013 \u201cAmarelo\u201d<\/p>\n\n\n\n<p>Melhor m\u00fasica por voto popular: Violeiro Daniel Francisc\u00e3o \u2013 \u201cLenda Caipira\u201d<\/p>\n\n\n\n<p>Men\u00e7\u00f5es honrosas: Bruna Moraes &amp; Sandro Dornelles; Ana Lu\u00edza &amp; Thomas Howard<\/p>\n\n\n<div class=\"wp-block-image\">\n<figure class=\"aligncenter\"><img decoding=\"async\" src=\"https:\/\/jundiai.sp.gov.br\/noticias\/wp-content\/uploads\/sites\/32\/2023\/07\/festival-de-musica-17-1-1280x854.jpg\" alt=\"\" class=\"wp-image-323184\" \/><figcaption class=\"wp-element-caption\">2\u00ba Festival de M\u00fasica de Jundia\u00ed recebeu grande p\u00fablico<\/figcaption><\/figure>\n<\/div>\n\n\n<p><em><strong>Fonte \/ Imagem: Prefeitura de Jundia\u00ed<\/strong><\/em><\/p>\n","protected":false},"excerpt":{"rendered":"<p>2\u00ba Festival de M\u00fasica de Jundia\u00ed recebeu grande p\u00fablico<\/p>\n","protected":false},"author":30,"featured_media":113032,"comment_status":"closed","ping_status":"0","sticky":false,"template":"","format":"standard","meta":{"footnotes":""},"categories":[8356,1],"tags":[],"class_list":["post-113031","post","type-post","status-publish","format-standard","has-post-thumbnail","hentry","category-jundiai","category-noticias"],"_links":{"self":[{"href":"https:\/\/tvtecjundiai.com.br\/news\/wp-json\/wp\/v2\/posts\/113031","targetHints":{"allow":["GET"]}}],"collection":[{"href":"https:\/\/tvtecjundiai.com.br\/news\/wp-json\/wp\/v2\/posts"}],"about":[{"href":"https:\/\/tvtecjundiai.com.br\/news\/wp-json\/wp\/v2\/types\/post"}],"author":[{"embeddable":true,"href":"https:\/\/tvtecjundiai.com.br\/news\/wp-json\/wp\/v2\/users\/30"}],"replies":[{"embeddable":true,"href":"https:\/\/tvtecjundiai.com.br\/news\/wp-json\/wp\/v2\/comments?post=113031"}],"version-history":[{"count":1,"href":"https:\/\/tvtecjundiai.com.br\/news\/wp-json\/wp\/v2\/posts\/113031\/revisions"}],"predecessor-version":[{"id":113036,"href":"https:\/\/tvtecjundiai.com.br\/news\/wp-json\/wp\/v2\/posts\/113031\/revisions\/113036"}],"wp:featuredmedia":[{"embeddable":true,"href":"https:\/\/tvtecjundiai.com.br\/news\/wp-json\/wp\/v2\/media\/113032"}],"wp:attachment":[{"href":"https:\/\/tvtecjundiai.com.br\/news\/wp-json\/wp\/v2\/media?parent=113031"}],"wp:term":[{"taxonomy":"category","embeddable":true,"href":"https:\/\/tvtecjundiai.com.br\/news\/wp-json\/wp\/v2\/categories?post=113031"},{"taxonomy":"post_tag","embeddable":true,"href":"https:\/\/tvtecjundiai.com.br\/news\/wp-json\/wp\/v2\/tags?post=113031"}],"curies":[{"name":"wp","href":"https:\/\/api.w.org\/{rel}","templated":true}]}}