{"id":113127,"date":"2023-08-02T10:38:12","date_gmt":"2023-08-02T13:38:12","guid":{"rendered":"https:\/\/tvtecjundiai.com.br\/news\/?p=113127"},"modified":"2023-08-02T10:39:45","modified_gmt":"2023-08-02T13:39:45","slug":"prefeitura-avanca-com-troca-de-iluminacao-no-centro","status":"publish","type":"post","link":"https:\/\/tvtecjundiai.com.br\/news\/2023\/08\/02\/prefeitura-avanca-com-troca-de-iluminacao-no-centro\/","title":{"rendered":"Prefeitura de Jundia\u00ed avan\u00e7a com troca de ilumina\u00e7\u00e3o no Centro"},"content":{"rendered":"\n<p>A Prefeitura de Jundia\u00ed avan\u00e7ou com o Plano de Revitaliza\u00e7\u00e3o do Centro e d\u00e1 in\u00edcio esta semana \u00e0 prepara\u00e7\u00e3o da infraestrutura e troca das l\u00e2mpadas em mais tr\u00eas importantes pontos da regi\u00e3o. Com investimentos em torno de R$ 720 mil, ser\u00e3o substitu\u00eddas 77 lumin\u00e1rias na rua Bar\u00e3o de Jundia\u00ed, 50 na pra\u00e7a Marechal Floriano Peixoto (Coreto) e 98 na Governador Pedro de Toledo (Matriz).<\/p>\n\n\n\n<p>Na sexta-feira (28), foi finalizada a troca das 170 l\u00e2mpadas de LED nas ruas Rangel Pestana, Padroeira, Siqueira de Moraes, Senador Fonseca, Coronel Leme da Fonseca, Ros\u00e1rio e Bar\u00e3o do Triunfo. Em nova fase, ainda est\u00e1 prevista a substitui\u00e7\u00e3o de mais 1700 lumin\u00e1rias em 100 ruas do Centro. Para essa interven\u00e7\u00e3o o investimento ser\u00e1 de aproximadamente R$ 3 milh\u00f5es.<\/p>\n\n\n\n<figure class=\"wp-block-gallery has-nested-images columns-default is-cropped wp-block-gallery-1 is-layout-flex wp-block-gallery-is-layout-flex\">\n<figure class=\"wp-block-image size-large\"><img loading=\"lazy\" decoding=\"async\" width=\"1200\" height=\"801\" data-id=\"113129\" src=\"https:\/\/tvtecjundiai.com.br\/news\/wp-content\/uploads\/sites\/2\/2023\/08\/rangel-antes-1-1280x854-2-1200x801.jpg\" alt=\"\" class=\"wp-image-113129\" srcset=\"https:\/\/tvtecjundiai.com.br\/news\/wp-content\/uploads\/sites\/2\/2023\/08\/rangel-antes-1-1280x854-2-1200x801.jpg 1200w, https:\/\/tvtecjundiai.com.br\/news\/wp-content\/uploads\/sites\/2\/2023\/08\/rangel-antes-1-1280x854-2-300x200.jpg 300w, https:\/\/tvtecjundiai.com.br\/news\/wp-content\/uploads\/sites\/2\/2023\/08\/rangel-antes-1-1280x854-2-768x512.jpg 768w, https:\/\/tvtecjundiai.com.br\/news\/wp-content\/uploads\/sites\/2\/2023\/08\/rangel-antes-1-1280x854-2.jpg 1280w\" sizes=\"auto, (max-width: 1200px) 100vw, 1200px\" \/><figcaption class=\"wp-element-caption\">Rua Rangel Pestana antes da troca de ilumina\u00e7\u00e3o<\/figcaption><\/figure>\n\n\n\n<figure class=\"wp-block-image size-large\"><img loading=\"lazy\" decoding=\"async\" width=\"1200\" height=\"801\" data-id=\"113130\" src=\"https:\/\/tvtecjundiai.com.br\/news\/wp-content\/uploads\/sites\/2\/2023\/08\/rangel-depois-1280x854-1-1200x801.jpg\" alt=\"\" class=\"wp-image-113130\" srcset=\"https:\/\/tvtecjundiai.com.br\/news\/wp-content\/uploads\/sites\/2\/2023\/08\/rangel-depois-1280x854-1-1200x801.jpg 1200w, https:\/\/tvtecjundiai.com.br\/news\/wp-content\/uploads\/sites\/2\/2023\/08\/rangel-depois-1280x854-1-300x200.jpg 300w, https:\/\/tvtecjundiai.com.br\/news\/wp-content\/uploads\/sites\/2\/2023\/08\/rangel-depois-1280x854-1-768x512.jpg 768w, https:\/\/tvtecjundiai.com.br\/news\/wp-content\/uploads\/sites\/2\/2023\/08\/rangel-depois-1280x854-1.jpg 1280w\" sizes=\"auto, (max-width: 1200px) 100vw, 1200px\" \/><figcaption class=\"wp-element-caption\">Rua Rangel Pestana revitalizada<\/figcaption><\/figure>\n<\/figure>\n\n\n\n<p><\/p>\n\n\n\n<p>\u201cO avan\u00e7o na troca da ilumina\u00e7\u00e3o \u00e9 uma importante etapa do plano de revitaliza\u00e7\u00e3o da regi\u00e3o. Um Centro mais iluminado oferece, al\u00e9m de mais sustentabilidade, mais seguran\u00e7a e conforto para que as pessoas ocupem os espa\u00e7os p\u00fablicos e sintam-se pertencentes a um local hist\u00f3rico de Jundia\u00ed\u201d, afirma o Prefeito Luiz Fernando Machado.<\/p>\n\n\n\n<p>\u201cO Plano de Revitaliza\u00e7\u00e3o do Centro compreende uma s\u00e9rie de interven\u00e7\u00f5es que visam estimular a popula\u00e7\u00e3o a frequentar a regi\u00e3o. A troca da ilumina\u00e7\u00e3o \u00e9 uma importante a\u00e7\u00e3o de seguran\u00e7a, assim como a Opera\u00e7\u00e3o Centro Seguro e as abordagens sociais a pessoas em situa\u00e7\u00e3o de rua. A ideia \u00e9, paulatinamente, seguir implantando l\u00e2mpadas de LED em v\u00e1rias regi\u00f5es da cidade\u201d, ressalta o Gestor de Governo e Finan\u00e7as, Jos\u00e9 Antonio Parimoschi.<\/p>\n\n\n\n<p>A instala\u00e7\u00e3o de l\u00e2mpadas em LED \u00e9 um marco dessa gest\u00e3o. Apenas em 2023, a Prefeitura concluiu a troca de 589 lumin\u00e1rias. Os locais s\u00e3o: Viaduto Sperandio Pelliciari (32), avenida Jos\u00e9 Mezzalira (166), Pra\u00e7a Sebasti\u00e3o Pontes de Oliveira, na Vila Arens (56); Pra\u00e7a Geraldo Gon\u00e7alves, no Jardim Bonfiglioli (26); Centro Comunit\u00e1rio Jos\u00e9 Francisco Lopes, no Parque Centen\u00e1rio (18); Parque do Engordadouro (69); avenida Aristides Carra, no Terra Nova (71); al\u00e9m dos pavilh\u00f5es do Parque Comendador Ant\u00f4nio Carbonari, o Parque da Uva (134). O Centro Esportivo (CE) Pedro Raimundo, na Vila Rio Branco, receber\u00e1 17 novas l\u00e2mpadas em LED.<\/p>\n\n\n\n<p><strong><em>(Fonte\/Imagens: Prefeitura de Jundia\u00ed)<\/em><\/strong><\/p>\n","protected":false},"excerpt":{"rendered":"<p>Est\u00e1 prevista a substitui\u00e7\u00e3o de 1700 lumin\u00e1rias em 100 ruas do Centro<\/p>\n","protected":false},"author":30,"featured_media":113130,"comment_status":"closed","ping_status":"0","sticky":false,"template":"","format":"standard","meta":{"footnotes":""},"categories":[8356,1],"tags":[],"class_list":["post-113127","post","type-post","status-publish","format-standard","has-post-thumbnail","hentry","category-jundiai","category-noticias"],"_links":{"self":[{"href":"https:\/\/tvtecjundiai.com.br\/news\/wp-json\/wp\/v2\/posts\/113127","targetHints":{"allow":["GET"]}}],"collection":[{"href":"https:\/\/tvtecjundiai.com.br\/news\/wp-json\/wp\/v2\/posts"}],"about":[{"href":"https:\/\/tvtecjundiai.com.br\/news\/wp-json\/wp\/v2\/types\/post"}],"author":[{"embeddable":true,"href":"https:\/\/tvtecjundiai.com.br\/news\/wp-json\/wp\/v2\/users\/30"}],"replies":[{"embeddable":true,"href":"https:\/\/tvtecjundiai.com.br\/news\/wp-json\/wp\/v2\/comments?post=113127"}],"version-history":[{"count":2,"href":"https:\/\/tvtecjundiai.com.br\/news\/wp-json\/wp\/v2\/posts\/113127\/revisions"}],"predecessor-version":[{"id":113132,"href":"https:\/\/tvtecjundiai.com.br\/news\/wp-json\/wp\/v2\/posts\/113127\/revisions\/113132"}],"wp:featuredmedia":[{"embeddable":true,"href":"https:\/\/tvtecjundiai.com.br\/news\/wp-json\/wp\/v2\/media\/113130"}],"wp:attachment":[{"href":"https:\/\/tvtecjundiai.com.br\/news\/wp-json\/wp\/v2\/media?parent=113127"}],"wp:term":[{"taxonomy":"category","embeddable":true,"href":"https:\/\/tvtecjundiai.com.br\/news\/wp-json\/wp\/v2\/categories?post=113127"},{"taxonomy":"post_tag","embeddable":true,"href":"https:\/\/tvtecjundiai.com.br\/news\/wp-json\/wp\/v2\/tags?post=113127"}],"curies":[{"name":"wp","href":"https:\/\/api.w.org\/{rel}","templated":true}]}}