{"id":113173,"date":"2023-08-03T09:30:09","date_gmt":"2023-08-03T12:30:09","guid":{"rendered":"https:\/\/tvtecjundiai.com.br\/news\/?p=113173"},"modified":"2023-08-03T09:30:09","modified_gmt":"2023-08-03T12:30:09","slug":"brasil-garante-6-podios-no-mundial-de-natacao-paralimpica","status":"publish","type":"post","link":"https:\/\/tvtecjundiai.com.br\/news\/2023\/08\/03\/brasil-garante-6-podios-no-mundial-de-natacao-paralimpica\/","title":{"rendered":"Brasil garante 6 p\u00f3dios no Mundial de nata\u00e7\u00e3o paral\u00edmpica"},"content":{"rendered":"\n<p>O Brasil alcan\u00e7ou nesta quarta-feira (2) a\u00a0<strong><a href=\"https:\/\/twitter.com\/cpboficial\/status\/1686856213907013633\">quarta posi\u00e7\u00e3o no quadro de medalhas\u00a0<\/a><\/strong>do Mundial de nata\u00e7\u00e3o paral\u00edmpica em Manchester (Inglaterra), ao subir seis vezes ao p\u00f3dio, quatro delas com medalhas de ouro.\u00a0Foi o caso do mineiro Gabriel Ara\u00fajo, o Gabrielzinho, que conquistou nesta quarta (2) o bicampeonato na prova dos 100 metros costas, classe S2 (limita\u00e7\u00e3o f\u00edsico-motora) e ainda estabeleceu novo recorde das Am\u00e9ricas &#8211; em vigor desde desde 2018 &#8211;\u00a0e da competi\u00e7\u00e3o ao completar a prova em 1min55s34. Gabrielzinho deixou para tr\u00e1s o chileno Alberto Abarza (2min06s42), que detinha a melhor marca do continente na prova, e pelo polon\u00eas Jacek Czech (2min07s04).\u00a0<img decoding=\"async\" src=\"https:\/\/agenciabrasil.ebc.com.br\/ebc.png?id=1547148&amp;o=node\"><img decoding=\"async\" src=\"https:\/\/agenciabrasil.ebc.com.br\/ebc.gif?id=1547148&amp;o=node\"><\/p>\n\n\n\n<p>\u201c\u00c9 a prova mais dif\u00edcil para mim. Mas a cada treino e competi\u00e7\u00e3o, eu tenho aprendido mais. Era o \u00fanico recorde das Am\u00e9ricas que n\u00e3o era meu e cheguei com o objetivo de bat\u00ea-lo. Agora, podem pesquisar recordes das Am\u00e9ricas e todos, entre as provas que disputo, estar\u00e3o com meu nome, Gabriel Ara\u00fajo\u201d, disse o nadador, de 21 anos, que faturou o primeiro ouro na prova na edi\u00e7\u00e3o do ano passado, na Ilha da Madeira (Portugal).<\/p>\n\n\n<div class=\"wp-block-image\">\n<figure class=\"aligncenter size-large is-resized\"><img loading=\"lazy\" decoding=\"async\" src=\"https:\/\/tvtecjundiai.com.br\/news\/wp-content\/uploads\/sites\/2\/2023\/08\/53089350401_cb86b94de6_k-2-1200x801.jpg\" alt=\"\" class=\"wp-image-113180\" width=\"677\" height=\"451\" srcset=\"https:\/\/tvtecjundiai.com.br\/news\/wp-content\/uploads\/sites\/2\/2023\/08\/53089350401_cb86b94de6_k-2-1200x801.jpg 1200w, https:\/\/tvtecjundiai.com.br\/news\/wp-content\/uploads\/sites\/2\/2023\/08\/53089350401_cb86b94de6_k-2-300x200.jpg 300w, https:\/\/tvtecjundiai.com.br\/news\/wp-content\/uploads\/sites\/2\/2023\/08\/53089350401_cb86b94de6_k-2-768x512.jpg 768w, https:\/\/tvtecjundiai.com.br\/news\/wp-content\/uploads\/sites\/2\/2023\/08\/53089350401_cb86b94de6_k-2.jpg 1280w\" sizes=\"auto, (max-width: 677px) 100vw, 677px\" \/><figcaption class=\"wp-element-caption\">Foto: Douglas Magno\/CPB<\/figcaption><\/figure>\n<\/div>\n\n\n<p><\/p>\n\n\n\n<p>A pernambucana Carol Santiago faturou nesta quarta (2), dia em que completa 38 anos,\u00a0 seu terceiro ouro no Mundial na prova dos 50m livre classe S12 (baixa vis\u00e3o), tamb\u00e9m com direito a quebra de recorde. Ela venceu como tempo de 26s71, superando a ucraniana Anna Stetsenko (28s01), medalha de prata, e a italiana Alessia Berra (28s38), que ficou com o bronze. Nesta edi\u00e7\u00e3o do Mundial, Carol j\u00e1 arrematou ouro em duas provas: nos 100m costas e borboleta.\u00a0<\/p>\n\n\n\n<p>Outro expoente, o paulista Samuel de Oliveira, de 17 anos, assegurou o topo do p\u00f3dio com vit\u00f3ria nos 50m borboleta, classe S5 (comprometimento f\u00edsico-motor), sua prova favorita,&nbsp; em 31s21, o novo recorde da competi\u00e7\u00e3o e das Am\u00e9ricas.&nbsp;Ca\u00e7ula da delega\u00e7\u00e3o brasileira no Mundial, Samuca superou os chineses Jincheng Guo, prata (31s53), e Weiyi Yuan, bronze (31s58).&nbsp;Foi a segunda medalha do paulista nesta edi\u00e7\u00e3o: na segunda-feira (31), ele j\u00e1 conquistara o bronze nos 50m livre.<\/p>\n\n\n\n<p>\u201c\u00c9 uma sensa\u00e7\u00e3o \u00fanica. Estou muito feliz. O esfor\u00e7o tem valido a pena. \u00c9 uma prova muito dif\u00edcil, porque qualquer erro pode tirar a medalha. Confesso que n\u00e3o fiz um tempo que imaginava. Foi melhor do que estava planejando. Consegui, tamb\u00e9m, gra\u00e7as ao acompanhamento psicol\u00f3gico que tenho feito\u201d,\u00a0revelou o atleta.<\/p>\n\n\n\n<p>A quarta (2) ainda teve dobradinha de ouro e prata, respectivamente, das g\u00eameas paranaenses D\u00e9bora e Beatriz Carneiro nos 100m borboleta da classe S14 (defici\u00eancia intelectual). D\u00e9bora quebrou o recorde das Am\u00e9ricas duas vezes: primeiros na eliminat\u00f3rias, e depois na final com o tempo de 1min15s10. A irm\u00e3 Beatriz (1min15s72) chegou em segundo e a australiana Paige Leonhardt (1min16s50) em terceiro.&nbsp;<\/p>\n\n\n\n<p>\u201cEu chorei muito e vou continuar chorando. Vou chegar a Maring\u00e1 [cidade natal] chorando. Foi uma alegria imensa. Esse foi meu primeiro ouro em Mundial. Tive que focar e prestar aten\u00e7\u00e3o para fazer o melhor tempo da minha vida\u201d, comemorou D\u00e9bora. \u201c\u00c9 uma emo\u00e7\u00e3o dividir o p\u00f3dio com a minha irm\u00e3. N\u00f3s mentalizamos esse tempo de 1min15, escrevemos em nossos cadernos e conseguimos\u201d, completou Beatriz.\u00a0<\/p>\n\n\n\n<p>A mineira Patr\u00edcia Santos faturou o bronze, sua primeira medalha no Mundial, nos150m medley SM4 (limita\u00e7\u00e3o f\u00edsico-motora). Ela concluiu a prova em 3min06s30, atr\u00e1s da sul-africana Kat Swanepoel (2min51s41) que ficou com o ouro, e da&nbsp;alem\u00e3 Gina Boettcher (3min01s70), medalha de prata.<\/p>\n\n\n\n<p>&#8220;Nunca vai ser f\u00e1cil conquistar uma medalha. O caminho \u00e9 esse. Estou trabalhando para controlar melhor minha mente durante as provas. Um pequeno descuido pode colocar tudo a perder\u201d, sintetizou a atleta, que foi baleada no pesco\u00e7o durante um assalto a uma casa lot\u00e9rica onde trabalhava como caixa e ficou tetrapl\u00e9gica.<\/p>\n\n\n\n<p>O Mundial de nata\u00e7\u00e3o paral\u00edmpica\u00a0vai at\u00e9 o pr\u00f3ximo domingo (6 de agosto), com\u00a0<a href=\"https:\/\/www.youtube.com\/channel\/UCi8n36NkW2uCQSFZNiYtuMQ\"><strong>transmiss\u00e3o ao vivo\u00a0<\/strong><\/a>na conta do Comit\u00ea Ol\u00edmpico Internacional (Paralympic Games) no YouTube. As provas no Mundial ocorrem em dois per\u00edodos: as eliminat\u00f3rias s\u00e3o disputadas de madrugada (no hor\u00e1rio de Bras\u00edlia), e as finais no turno da tarde.<\/p>\n\n\n\n<p><strong><em>(Fonte: Ag\u00eancia Brasil\/Imagem: Douglas Magno\/CPB)<\/em><\/strong><\/p>\n","protected":false},"excerpt":{"rendered":"<p>O Mundial\u00a0vai at\u00e9 o pr\u00f3ximo domingo, dia 6 de agosto<\/p>\n","protected":false},"author":30,"featured_media":113180,"comment_status":"closed","ping_status":"0","sticky":false,"template":"","format":"standard","meta":{"footnotes":""},"categories":[2827,1],"tags":[],"class_list":["post-113173","post","type-post","status-publish","format-standard","has-post-thumbnail","hentry","category-esportes-e-lazer","category-noticias"],"_links":{"self":[{"href":"https:\/\/tvtecjundiai.com.br\/news\/wp-json\/wp\/v2\/posts\/113173","targetHints":{"allow":["GET"]}}],"collection":[{"href":"https:\/\/tvtecjundiai.com.br\/news\/wp-json\/wp\/v2\/posts"}],"about":[{"href":"https:\/\/tvtecjundiai.com.br\/news\/wp-json\/wp\/v2\/types\/post"}],"author":[{"embeddable":true,"href":"https:\/\/tvtecjundiai.com.br\/news\/wp-json\/wp\/v2\/users\/30"}],"replies":[{"embeddable":true,"href":"https:\/\/tvtecjundiai.com.br\/news\/wp-json\/wp\/v2\/comments?post=113173"}],"version-history":[{"count":1,"href":"https:\/\/tvtecjundiai.com.br\/news\/wp-json\/wp\/v2\/posts\/113173\/revisions"}],"predecessor-version":[{"id":113181,"href":"https:\/\/tvtecjundiai.com.br\/news\/wp-json\/wp\/v2\/posts\/113173\/revisions\/113181"}],"wp:featuredmedia":[{"embeddable":true,"href":"https:\/\/tvtecjundiai.com.br\/news\/wp-json\/wp\/v2\/media\/113180"}],"wp:attachment":[{"href":"https:\/\/tvtecjundiai.com.br\/news\/wp-json\/wp\/v2\/media?parent=113173"}],"wp:term":[{"taxonomy":"category","embeddable":true,"href":"https:\/\/tvtecjundiai.com.br\/news\/wp-json\/wp\/v2\/categories?post=113173"},{"taxonomy":"post_tag","embeddable":true,"href":"https:\/\/tvtecjundiai.com.br\/news\/wp-json\/wp\/v2\/tags?post=113173"}],"curies":[{"name":"wp","href":"https:\/\/api.w.org\/{rel}","templated":true}]}}