{"id":113194,"date":"2023-08-03T13:48:51","date_gmt":"2023-08-03T16:48:51","guid":{"rendered":"https:\/\/tvtecjundiai.com.br\/news\/?p=113194"},"modified":"2023-08-03T13:48:52","modified_gmt":"2023-08-03T16:48:52","slug":"comite-das-criancas-participa-do-juri-infantil-do-festival-comkids","status":"publish","type":"post","link":"https:\/\/tvtecjundiai.com.br\/news\/2023\/08\/03\/comite-das-criancas-participa-do-juri-infantil-do-festival-comkids\/","title":{"rendered":"Comit\u00ea das Crian\u00e7as participa do J\u00fari Infantil do Festival ComKids"},"content":{"rendered":"\n<p>A manh\u00e3 desta quarta-feira (02) foi de muita concentra\u00e7\u00e3o e empolga\u00e7\u00e3o para os integrantes do Comit\u00ea das Crian\u00e7as, da Prefeitura de Jundia\u00ed. Eles estiveram na Biblioteca Municipal Nelson Foot para participarem do j\u00fari infantil de curtas metragens do Festival ComKids.<\/p>\n\n\n\n<p>O festival est\u00e1 alinhado com os princ\u00edpios do projeto internacional Cidades das Crian\u00e7as, sendo Jundia\u00ed sede da Rede Brasileira. Tem como eixo principal a promo\u00e7\u00e3o da participa\u00e7\u00e3o infantil e vem ao encontro das a\u00e7\u00f5es do Comit\u00ea das Crian\u00e7as, segundo a assessora de pol\u00edticas p\u00fablicas para a inf\u00e2ncia, Adriana Uemori. \u201cA visibilidade do Comit\u00ea \u00e9 dar alcance para as inf\u00e2ncias de Jundia\u00ed e mostrar que as crian\u00e7as s\u00e3o potentes em sua participa\u00e7\u00e3o. Receber convites como este da ComKids faz todo o sentido. Se as m\u00eddias s\u00e3o feitas para as crian\u00e7as, quem melhor que elas para opinar e para dizer o que lhes interessam?\u201d, comenta.<\/p>\n\n\n\n<p>Jundia\u00ed, Cidade das Crian\u00e7as coloca em pr\u00e1tica a escuta infanto-juvenil e pensando nisso, a diretora geral do festival, Beth Carmona, escolheu o munic\u00edpio para ser uma das participantes no j\u00fari infantil. \u201cN\u00f3s fazemos um trabalho com o p\u00fablico direto, que s\u00e3o as crian\u00e7as que tamb\u00e9m assistem esses filmes, os conte\u00fados e programas de televis\u00e3o. Estamos muito contentes de chegar a Jundia\u00ed e conhecer o trabalho que est\u00e1 sendo feito no Comit\u00ea das Crian\u00e7as. As crian\u00e7as t\u00eam voz, t\u00eam opini\u00e3o, e \u00e9 importante ouvi-las\u201d, comenta Beth.<\/p>\n\n\n<div class=\"wp-block-image\">\n<figure class=\"aligncenter\"><img decoding=\"async\" src=\"https:\/\/jundiai.sp.gov.br\/noticias\/wp-content\/uploads\/sites\/32\/2023\/08\/20230802_115014-2-1280x960.jpg\" alt=\"\" class=\"wp-image-323415\" \/><figcaption class=\"wp-element-caption\">As crian\u00e7as do comit\u00ea participaram de um debate ao fim de cada curta metragem<\/figcaption><\/figure>\n<\/div>\n\n\n<p>Foram avaliados quatro filmes, \u201cPergunte ao cientista! \u2013 Quem descobriu os dinossauros?\u201d, \u201cQuintal TV \u2013 Futuro\u201d, \u201cNinhos em movimento \u2013 a viagem de Sava\u201d e \u201cTesouro quilombola\u201d.<\/p>\n\n\n\n<p>A ideia era assistir as curtas metragens, que tinham dura\u00e7\u00e3o entre 7 e 23 minutos, e no final de cada um, debater sobre o tema abordado, pontos positivos e negativos, al\u00e9m das condi\u00e7\u00f5es t\u00e9cnicas como qualidade do som, imagem e cen\u00e1rio. Ap\u00f3s o bate papo, as crian\u00e7as avaliaram o conte\u00fado assistido entre \u201camei\u201d \u201cgostei\u201d e \u201cn\u00e3o curti\u201d, avalia\u00e7\u00e3o que foi somada no final do j\u00fari e elegeu tr\u00eas filmes vencedores.<\/p>\n\n\n\n<p>A pequena Giovanna da Silva Franco, de 9 anos, gostou da iniciativa dos filmes e levou como aprendizagem para a vida. \u201cEu achei muito legal todos os temas trabalhados nos v\u00eddeos, vimos bastante cultura, natureza e hist\u00f3rias de vida de pessoas negras. S\u00e3o temas que ir\u00e3o me ajudar bastante a cuidar do mundo em que vivemos\u201d, explicou.<\/p>\n\n\n<div class=\"wp-block-image\">\n<figure class=\"aligncenter\"><img decoding=\"async\" src=\"https:\/\/jundiai.sp.gov.br\/noticias\/wp-content\/uploads\/sites\/32\/2023\/08\/20230802_124359-1280x854.jpg\" alt=\"\" class=\"wp-image-323413\" \/><figcaption class=\"wp-element-caption\">Uma das integrantes do comit\u00ea, Giovanna da Silva Franco ficou feliz em participar do j\u00fari de um festival.<\/figcaption><\/figure>\n<\/div>\n\n\n<p><strong>O FESTIVAL<\/strong><\/p>\n\n\n\n<p>A 14\u00aa edi\u00e7\u00e3o do Festival ComKids acontece gratuitamente em S\u00e3o Paulo e Online entre os dias 07 e 13 de agosto. Esta edi\u00e7\u00e3o traz t\u00edtulos ibero-americanos que tratam de temas atuais e universais, e workshops, conversas e encontros com profissionais brasileiros e internacionais importantes, em cima do audiovisual infanto-juvenil, que precisa ser colocado em discuss\u00e3o pol\u00edtica urgentemente.<\/p>\n\n\n\n<p><em><strong>Fonte \/ Imagem: Prefeitura de Jundia\u00ed<\/strong><\/em><\/p>\n","protected":false},"excerpt":{"rendered":"<p>As crian\u00e7as do comit\u00ea participaram de um debate ao fim de cada curta metragem<\/p>\n","protected":false},"author":30,"featured_media":113196,"comment_status":"closed","ping_status":"0","sticky":false,"template":"","format":"standard","meta":{"footnotes":""},"categories":[8356,1],"tags":[],"class_list":["post-113194","post","type-post","status-publish","format-standard","has-post-thumbnail","hentry","category-jundiai","category-noticias"],"_links":{"self":[{"href":"https:\/\/tvtecjundiai.com.br\/news\/wp-json\/wp\/v2\/posts\/113194","targetHints":{"allow":["GET"]}}],"collection":[{"href":"https:\/\/tvtecjundiai.com.br\/news\/wp-json\/wp\/v2\/posts"}],"about":[{"href":"https:\/\/tvtecjundiai.com.br\/news\/wp-json\/wp\/v2\/types\/post"}],"author":[{"embeddable":true,"href":"https:\/\/tvtecjundiai.com.br\/news\/wp-json\/wp\/v2\/users\/30"}],"replies":[{"embeddable":true,"href":"https:\/\/tvtecjundiai.com.br\/news\/wp-json\/wp\/v2\/comments?post=113194"}],"version-history":[{"count":1,"href":"https:\/\/tvtecjundiai.com.br\/news\/wp-json\/wp\/v2\/posts\/113194\/revisions"}],"predecessor-version":[{"id":113197,"href":"https:\/\/tvtecjundiai.com.br\/news\/wp-json\/wp\/v2\/posts\/113194\/revisions\/113197"}],"wp:featuredmedia":[{"embeddable":true,"href":"https:\/\/tvtecjundiai.com.br\/news\/wp-json\/wp\/v2\/media\/113196"}],"wp:attachment":[{"href":"https:\/\/tvtecjundiai.com.br\/news\/wp-json\/wp\/v2\/media?parent=113194"}],"wp:term":[{"taxonomy":"category","embeddable":true,"href":"https:\/\/tvtecjundiai.com.br\/news\/wp-json\/wp\/v2\/categories?post=113194"},{"taxonomy":"post_tag","embeddable":true,"href":"https:\/\/tvtecjundiai.com.br\/news\/wp-json\/wp\/v2\/tags?post=113194"}],"curies":[{"name":"wp","href":"https:\/\/api.w.org\/{rel}","templated":true}]}}