{"id":113212,"date":"2023-08-03T17:20:33","date_gmt":"2023-08-03T20:20:33","guid":{"rendered":"https:\/\/tvtecjundiai.com.br\/news\/?p=113212"},"modified":"2023-08-03T17:20:34","modified_gmt":"2023-08-03T20:20:34","slug":"empregabilidade-e-tema-de-encontro-entre-prefeito-e-executivos-do-grupo-elis","status":"publish","type":"post","link":"https:\/\/tvtecjundiai.com.br\/news\/2023\/08\/03\/empregabilidade-e-tema-de-encontro-entre-prefeito-e-executivos-do-grupo-elis\/","title":{"rendered":"Empregabilidade \u00e9 tema de encontro entre prefeito e executivos do Grupo Elis"},"content":{"rendered":"\n<p>O prefeito Luiz Fernando Machado esteve, na manh\u00e3 desta quinta-feira (3), na empresa Elis, localizada no Distrito Industrial de Jundia\u00ed. A visita, que contou com a participa\u00e7\u00e3o de gestores e diretores do Executivo, faz parte do Caf\u00e9 com Setor Produtivo \u2013 iniciativa criada em 2017 pela Prefeitura de Jundia\u00ed, que busca aproximar o poder p\u00fablico das demandas geradas pelas empresas instaladas no munic\u00edpio.<\/p>\n\n\n\n<p>Entre os assuntos tratados com os executivos da Elis, o tema empregabilidade foi destaque. L\u00edder na Europa e no Brasil em gest\u00e3o e higieniza\u00e7\u00e3o de t\u00eaxteis, a multinacional de origem francesa tem mais de 100 anos de exist\u00eancia e utiliza o portal Jundia\u00ed Empreendedora para fazer as contrata\u00e7\u00f5es de novos funcion\u00e1rios \u2013 inclusive PCDs (Pessoas com Defici\u00eancia). \u201cEssas parcerias s\u00e3o fundamentais para benef\u00edcio da popula\u00e7\u00e3o. Temos muito orgulho de contar com um parque industrial t\u00e3o grande, que tem hoje 170 multinacionais e faz parte da 15\u00aa maior economia do Brasil. Estamos aqui para ouvi-los e tamb\u00e9m agradecer por nos ajudarem a fazer de Jundia\u00ed uma cidade melhor e mais feliz\u201d, destacou Luiz Fernando.<\/p>\n\n\n<div class=\"wp-block-image\">\n<figure class=\"aligncenter\"><img decoding=\"async\" src=\"https:\/\/jundiai.sp.gov.br\/noticias\/wp-content\/uploads\/sites\/32\/2023\/08\/prefeito-luiz-fernando-machado-visita-empresa-elis-do-brasil-cafe-da-manha_fm_-114-1280x854.jpg\" alt=\"IMAGEM COLORIDA MOSTRA O PREFEITO DE JUNDIA\u00cd, LUIZ FERNANDO MACHADO, DURANTE REUNI\u00c3O NA EMPRESA ELIS. ELE TEM BARBA, EST\u00c1 DE CAMISA AZUL E PALET\u00d3 ESCURO, SORRINDO. AO LADO DELE EST\u00c1 O GESTOR JOS\u00c9 ANTONIO PARIMOSCHI. NA MESA, JUNTO COM ELES, O CEO DA EMPRESA, OT\u00c1VIO CARVALHO, DE CAMISA CLARA. AO FUNDO, DUAS TELAS DE TV MOSTRAM A MARCA DA EMPRESA\" class=\"wp-image-323436\" \/><figcaption class=\"wp-element-caption\">Prefeito Luiz Fernando e gestor Jos\u00e9 Antonio Parimoschi, com o CEO da empresa, Ot\u00e1vio Carvalho<\/figcaption><\/figure>\n<\/div>\n\n\n<p>O CEO da empresa, Ot\u00e1vio Carvalho, agradeceu a presen\u00e7a do prefeito e se colocou \u00e0 disposi\u00e7\u00e3o para parcerias no munic\u00edpio. \u201cEstamos muito felizes por receb\u00ea-los aqui e podem contar conosco\u201d. Outra preocupa\u00e7\u00e3o da empresa \u00e9 com o meio ambiente: gra\u00e7as \u00e0s inova\u00e7\u00f5es e tecnologia empregadas no processo de higieniza\u00e7\u00e3o, o Grupo Elis utiliza 20 vezes menos \u00e1gua do que em um processo dom\u00e9stico de lavagem t\u00eaxtil. At\u00e9 2030, a multinacional tamb\u00e9m tem como meta reduzir 50% de emiss\u00e3o de carbono.<\/p>\n\n\n\n<p><strong>Qualifica Jundia\u00ed<\/strong><\/p>\n\n\n\n<p>O gestor de Governo e Finan\u00e7as, Jos\u00e9 Antonio Parimoschi, ressaltou que o poder p\u00fablico tem feito esfor\u00e7os cont\u00ednuos para a gera\u00e7\u00e3o de mais empregos e renda na cidade. Uma das iniciativas \u00e9 o Qualifica Jundia\u00ed que, dentro do programa Jundia\u00ed Empreendedora, tem a fun\u00e7\u00e3o de formar profissionalmente as pessoas que buscam oportunidades no mercado de trabalho. \u201cEstamos sempre abertos a parcerias, principalmente no que diz respeito \u00e0 empregabilidade. Isso \u00e9 bom para o munic\u00edpio e tamb\u00e9m atrai novas empresas\u201d.<\/p>\n\n\n<div class=\"wp-block-image\">\n<figure class=\"aligncenter\"><img decoding=\"async\" src=\"https:\/\/jundiai.sp.gov.br\/noticias\/wp-content\/uploads\/sites\/32\/2023\/08\/prefeito-luiz-fernando-machado-visita-empresa-elis-do-brasil-cafe-da-manha_fm_-183-1-1280x854.jpg\" alt=\"FOTO COLORIDA MOSTRA UM DOS SETORES DA EMPRESA. \u00c0 ESQUERDA UMA FUNCION\u00c1RIA EMBALA PE\u00c7AS T\u00caXTEIS HIGIENIZADAS. \u00c0 DIREITA, O PREFEITO LUIZ FERNANDO MACHADO CONVERSA COM O CEO OT\u00c1VIO CARVALHO, OBSERVADOS PELOS GESTORES CRISTIANO LOPES E JOS\u00c9 ANTONIO PARIMOSCHI\" class=\"wp-image-323437\" \/><figcaption class=\"wp-element-caption\">Multinacional atua no ramo de gest\u00e3o e higieniza\u00e7\u00e3o de t\u00eaxteis em 29 pa\u00edses, h\u00e1 mais de 100 anos<\/figcaption><\/figure>\n<\/div>\n\n\n<p>Tamb\u00e9m fizeram parte da visita os gestores Gustavo Maryssael (Casa Civil) e Cristiano Lopes (Desenvolvimento Econ\u00f4mico, Ci\u00eancia e Tecnologia), al\u00e9m dos diretores Gilson Pichioli (Fomento \u00e0 Ind\u00fastria) e Daniele Ruiz (Parcerias Estrat\u00e9gicas). Pela Elis: Ricardo Feres, diretor t\u00e9cnico industrial; Emerson Queiroz, diretor de Recursos Humanos; Raphael Cuminale, superintendente da Controladoria; Vivian Drezza, gerente de SSMA; Simone Perez, supervisora de marketing; Rodrigo Marcelino, coordenador de SGI.<\/p>\n\n\n\n<p><strong><em>Fonte \/ Imagem: Prefeitura de Jundia\u00ed<\/em><\/strong><\/p>\n","protected":false},"excerpt":{"rendered":"<p>Multinacional atua no ramo de gest\u00e3o e higieniza\u00e7\u00e3o de t\u00eaxteis em 29 pa\u00edses, h\u00e1 mais de 100 anos<\/p>\n","protected":false},"author":30,"featured_media":113213,"comment_status":"closed","ping_status":"0","sticky":false,"template":"","format":"standard","meta":{"footnotes":""},"categories":[8356,1],"tags":[],"class_list":["post-113212","post","type-post","status-publish","format-standard","has-post-thumbnail","hentry","category-jundiai","category-noticias"],"_links":{"self":[{"href":"https:\/\/tvtecjundiai.com.br\/news\/wp-json\/wp\/v2\/posts\/113212","targetHints":{"allow":["GET"]}}],"collection":[{"href":"https:\/\/tvtecjundiai.com.br\/news\/wp-json\/wp\/v2\/posts"}],"about":[{"href":"https:\/\/tvtecjundiai.com.br\/news\/wp-json\/wp\/v2\/types\/post"}],"author":[{"embeddable":true,"href":"https:\/\/tvtecjundiai.com.br\/news\/wp-json\/wp\/v2\/users\/30"}],"replies":[{"embeddable":true,"href":"https:\/\/tvtecjundiai.com.br\/news\/wp-json\/wp\/v2\/comments?post=113212"}],"version-history":[{"count":1,"href":"https:\/\/tvtecjundiai.com.br\/news\/wp-json\/wp\/v2\/posts\/113212\/revisions"}],"predecessor-version":[{"id":113214,"href":"https:\/\/tvtecjundiai.com.br\/news\/wp-json\/wp\/v2\/posts\/113212\/revisions\/113214"}],"wp:featuredmedia":[{"embeddable":true,"href":"https:\/\/tvtecjundiai.com.br\/news\/wp-json\/wp\/v2\/media\/113213"}],"wp:attachment":[{"href":"https:\/\/tvtecjundiai.com.br\/news\/wp-json\/wp\/v2\/media?parent=113212"}],"wp:term":[{"taxonomy":"category","embeddable":true,"href":"https:\/\/tvtecjundiai.com.br\/news\/wp-json\/wp\/v2\/categories?post=113212"},{"taxonomy":"post_tag","embeddable":true,"href":"https:\/\/tvtecjundiai.com.br\/news\/wp-json\/wp\/v2\/tags?post=113212"}],"curies":[{"name":"wp","href":"https:\/\/api.w.org\/{rel}","templated":true}]}}