{"id":113219,"date":"2023-08-04T09:42:55","date_gmt":"2023-08-04T12:42:55","guid":{"rendered":"https:\/\/tvtecjundiai.com.br\/news\/?p=113219"},"modified":"2023-08-04T09:42:55","modified_gmt":"2023-08-04T12:42:55","slug":"3a-edicao-da-fens-tem-inicio-no-proximo-dia-18-com-novidades","status":"publish","type":"post","link":"https:\/\/tvtecjundiai.com.br\/news\/2023\/08\/04\/3a-edicao-da-fens-tem-inicio-no-proximo-dia-18-com-novidades\/","title":{"rendered":"3\u00aa edi\u00e7\u00e3o da FENS tem in\u00edcio no pr\u00f3ximo dia 18, com novidades"},"content":{"rendered":"\n<p>A FENS (Feira do Empreendedor, Neg\u00f3cios e Servi\u00e7os) chega \u00e0 terceira edi\u00e7\u00e3o neste m\u00eas com participa\u00e7\u00e3o de mais de 400 expositores, muitas atra\u00e7\u00f5es e novidades na programa\u00e7\u00e3o. O clima de anima\u00e7\u00e3o do evento, que tem objetivo de potencializar o com\u00e9rcio local e fomentar o empreendedorismo na cidade, p\u00f4de ser sentido na noite dessa quarta-feira (2), durante o sorteio dos estandes, no Parque Comendador Ant\u00f4nio Carbonari.<\/p>\n\n\n\n<p>O pavilh\u00e3o C ficou lotado, demonstrando o sucesso da feira \u2013 que completa um ano este m\u00eas e tem abertura programada para o p\u00fablico no pr\u00f3ximo dia 18 (sexta), \u00e0s 11h, no parque. Idealizador da FENS, o gestor de Desenvolvimento Econ\u00f4mico, Ci\u00eancia e Tecnologia, Cristiano Lopes, ressaltou a import\u00e2ncia da valoriza\u00e7\u00e3o dos pequenos e microempreendedores. \u201cAs duas primeiras edi\u00e7\u00f5es da FENS foram um sucesso, com a \u00faltima, em mar\u00e7o, atingindo um faturamento de R$1,5 milh\u00e3o. Aumentamos a estrutura da feira, colocamos mais um final de semana para dar mais oportunidade aos empreendedores e isso deu muito certo. A prova est\u00e1 aqui, com todas essas pessoas acreditando no trabalho da Prefeitura\u201d.<\/p>\n\n\n<div class=\"wp-block-image\">\n<figure class=\"aligncenter\"><img decoding=\"async\" src=\"https:\/\/jundiai.sp.gov.br\/noticias\/wp-content\/uploads\/sites\/32\/2023\/08\/sorteio-da-3-fens-no-parque-da-uva_fm_-43-1280x854.jpg\" alt=\"FOTO COLORIDA MOSTRA O GESTOR DE DESENVVOLVIMENTO ECON\u00d4MICO, CRISTIANO LOPES, DURANTE SORTEIO DA FENS. ELE EST\u00c1 EM CIMA DO PALCO, COM MICROFONE NA M\u00c3O. AO FUNDO, OS EMPREENDEDORES QUE PARTICIPAR\u00c3O DA FEIRA\" class=\"wp-image-323449\" \/><figcaption class=\"wp-element-caption\">Cristiano Lopes, gestor de Desenvolvimento Econ\u00f4mico, durante sorteio dos estandes da 3\u00aa FENS<\/figcaption><\/figure>\n<\/div>\n\n\n<p>Totalmente custeada pela Prefeitura de Jundia\u00ed, tem como objetivo potencializar o com\u00e9rcio e fomentar o empreendedorismo na cidade. Ser\u00e3o dois finais de semana de evento (com empresas diferentes de um final de semana para o outro), disponibiliza\u00e7\u00e3o de 220 estandes e tamb\u00e9m 25 pontos para food trucks. \u201cA FENS possibilita n\u00e3o apenas a divulga\u00e7\u00e3o do trabalho dos empreendedores, como tamb\u00e9m a integra\u00e7\u00e3o entre eles. O prefeito Luiz Fernando Machado j\u00e1 deixou bem claro que o nosso trabalho \u00e9 cont\u00ednuo neste fortalecimento do com\u00e9rcio local, na atra\u00e7\u00e3o de novas empresas e, consequentemente, na gera\u00e7\u00e3o de empregos e renda no munic\u00edpio\u201d, comentou Jos\u00e9 Antonio Parimoschi, gestor de Governo e Finan\u00e7as.<\/p>\n\n\n\n<p><strong>Oportunidade<\/strong><\/p>\n\n\n\n<p>Os empreendedores que v\u00e3o participar pela primeira vez da FENS n\u00e3o esconderam a felicidade. \u201cEstou muito feliz em poder expor meu trabalho para um grande n\u00famero de pessoas, estabelecer minha marca de pe\u00e7as em croch\u00ea e vender muito, tamb\u00e9m. Acredito que essa iniciativa da Prefeitura proporciona um grande impulso para os pequenos empreendedores, que necessitam de espa\u00e7os organizados e de um n\u00famero elevado de p\u00fablico. Muito grata pela oportunidade!\u201d, afirmou Edmara Barros, da Mellow Croch\u00ea.<\/p>\n\n\n<div class=\"wp-block-image\">\n<figure class=\"aligncenter\"><img decoding=\"async\" src=\"https:\/\/jundiai.sp.gov.br\/noticias\/wp-content\/uploads\/sites\/32\/2023\/08\/92779152-04a0-40d9-9271-2e08d2b4adda.jpg\" alt=\"FOTO COLORIDA MOSTRA EM PRIMEIRO PLANO OS GESTORES JOS\u00c9 ANTONIO PARIMOSCHI E CRISTIANO LOPES, DURANTE SORTEIO DOS ESTANDES DA FENS\" class=\"wp-image-323463\" \/><figcaption class=\"wp-element-caption\">Jos\u00e9 Antonio Parimoschi e Cristiano Lopes: valoriza\u00e7\u00e3o dos empreendedores gera oportunidades<\/figcaption><\/figure>\n<\/div>\n\n\n<p>A terceira edi\u00e7\u00e3o da FENS ser\u00e1 nos dias 18, 19, 20, 25, 26 e 27 de agosto. \u00c0s sextas, a<br>feira funcionar\u00e1 das 12h \u00e0s 22h; aos s\u00e1bados, das 10h \u00e0s 22h; e nos domingos, das 10h \u00e0s<br>20h. A entrada e o estacionamento no Parque Comendador Ant\u00f4nio Carbonari s\u00e3o gratuitos. Al\u00e9m das ofertas de produtos e servi\u00e7os aos consumidores, a feira ter\u00e1 atra\u00e7\u00f5es musicais e culturais, pra\u00e7a de alimenta\u00e7\u00e3o, espa\u00e7o para crian\u00e7as e toda a fam\u00edlia, inclusive os pets.<\/p>\n\n\n\n<p>Entre as novidades est\u00e1 o 1\u00ba Festival do Pastel de Feira, marcado para o dia 25 (s\u00e1bado), das 15h \u00e0s 22h, que inclui bancas de caldo de cana.<\/p>\n\n\n\n<p><strong><em>Fonte \/ Imagem: Prefeitura de Jundia\u00ed<\/em><\/strong><\/p>\n","protected":false},"excerpt":{"rendered":"<p>A terceira edi\u00e7\u00e3o da FENS ser\u00e1 nos dias 18, 19, 20, 25, 26 e 27 de agosto.<\/p>\n","protected":false},"author":30,"featured_media":113220,"comment_status":"closed","ping_status":"0","sticky":false,"template":"","format":"standard","meta":{"footnotes":""},"categories":[8356,1],"tags":[],"class_list":["post-113219","post","type-post","status-publish","format-standard","has-post-thumbnail","hentry","category-jundiai","category-noticias"],"_links":{"self":[{"href":"https:\/\/tvtecjundiai.com.br\/news\/wp-json\/wp\/v2\/posts\/113219","targetHints":{"allow":["GET"]}}],"collection":[{"href":"https:\/\/tvtecjundiai.com.br\/news\/wp-json\/wp\/v2\/posts"}],"about":[{"href":"https:\/\/tvtecjundiai.com.br\/news\/wp-json\/wp\/v2\/types\/post"}],"author":[{"embeddable":true,"href":"https:\/\/tvtecjundiai.com.br\/news\/wp-json\/wp\/v2\/users\/30"}],"replies":[{"embeddable":true,"href":"https:\/\/tvtecjundiai.com.br\/news\/wp-json\/wp\/v2\/comments?post=113219"}],"version-history":[{"count":1,"href":"https:\/\/tvtecjundiai.com.br\/news\/wp-json\/wp\/v2\/posts\/113219\/revisions"}],"predecessor-version":[{"id":113221,"href":"https:\/\/tvtecjundiai.com.br\/news\/wp-json\/wp\/v2\/posts\/113219\/revisions\/113221"}],"wp:featuredmedia":[{"embeddable":true,"href":"https:\/\/tvtecjundiai.com.br\/news\/wp-json\/wp\/v2\/media\/113220"}],"wp:attachment":[{"href":"https:\/\/tvtecjundiai.com.br\/news\/wp-json\/wp\/v2\/media?parent=113219"}],"wp:term":[{"taxonomy":"category","embeddable":true,"href":"https:\/\/tvtecjundiai.com.br\/news\/wp-json\/wp\/v2\/categories?post=113219"},{"taxonomy":"post_tag","embeddable":true,"href":"https:\/\/tvtecjundiai.com.br\/news\/wp-json\/wp\/v2\/tags?post=113219"}],"curies":[{"name":"wp","href":"https:\/\/api.w.org\/{rel}","templated":true}]}}