{"id":113252,"date":"2023-08-04T15:33:22","date_gmt":"2023-08-04T18:33:22","guid":{"rendered":"https:\/\/tvtecjundiai.com.br\/news\/?p=113252"},"modified":"2023-08-04T15:33:23","modified_gmt":"2023-08-04T18:33:23","slug":"jovens-da-fundacao-casa-participam-de-oficina-de-caiaque-no-parque-da-cidade","status":"publish","type":"post","link":"https:\/\/tvtecjundiai.com.br\/news\/2023\/08\/04\/jovens-da-fundacao-casa-participam-de-oficina-de-caiaque-no-parque-da-cidade\/","title":{"rendered":"Jovens da Funda\u00e7\u00e3o Casa participam de oficina de caiaque no Parque da Cidade"},"content":{"rendered":"\n<p>A manh\u00e3 desta sexta-feira (04) foi de muito aprendizado para um grupo de jovens, com idades entre 14 e 18 anos, que cumprem medida socioeducativa no CASA de Semiliberdade Jundia\u00ed. Eles participaram de uma oficina de caiaque, no Parque da Cidade. A a\u00e7\u00e3o \u00e9 fruto da parceria entre a Funda\u00e7\u00e3o Casa, a Assessoria de Pol\u00edticas para Diversidade Sexual da Prefeitura de Jundia\u00ed, a DAE e a ONG Velas do Japi.<\/p>\n\n\n\n<p>\u201cN\u00f3s avaliamos que a \u00fanica chance de ressocializa\u00e7\u00e3o dos jovens \u00e9 atrav\u00e9s de outras viv\u00eancias. \u00c9 dessa forma que eles criam responsabilidades e novos conhecimentos que v\u00e3o ajudar na ressocializa\u00e7\u00e3o\u201d, afirmou a assessora de Pol\u00edticas para Diversidade Sexual, Kelly Galbieri.<\/p>\n\n\n<div class=\"wp-block-image\">\n<figure class=\"aligncenter\"><img decoding=\"async\" src=\"https:\/\/jundiai.sp.gov.br\/noticias\/wp-content\/uploads\/sites\/32\/2023\/08\/atividades-com-jovens-do-semiaberto-ong-velas-do-japi_fm_-15-1280x854.jpg\" alt=\"\" class=\"wp-image-323566\" \/><figcaption class=\"wp-element-caption\">Jovens da Funda\u00e7\u00e3o Casa participam de oficina de caiaque no Parque da Cidade<\/figcaption><\/figure>\n<\/div>\n\n\n<p>13 jovens participaram do encontro. A a\u00e7\u00e3o come\u00e7ou com uma aula de mobilidade para aquecimento e logo depois os jovens receberam as orienta\u00e7\u00f5es sobre como remar e foram para a \u00e1gua. Nos \u00faltimos meses, a Assessoria de Pol\u00edticas para Diversidade Sexual j\u00e1 articulou v\u00e1rias a\u00e7\u00f5es com os jovens, entre elas visita ao Est\u00e1dio Jayme Cintra e oficina de audiovisual na TVTEC.<\/p>\n\n\n\n<p>\u201cO objetivo dessas a\u00e7\u00f5es \u00e9 proporcionar momentos diferentes para esses jovens que est\u00e3o cumprindo medidas. E essas experi\u00eancias diferenciadas trazem desenvolvimento, aprendizado e maturidade\u201d, disse a diretora de Semiliberdade da Funda\u00e7\u00e3o Casa, Denise de F\u00e1tima Leonel Cacko.<\/p>\n\n\n\n<p>A ONG Velas do Japi \u00e9 uma organiza\u00e7\u00e3o sem fins lucrativos que atua no Parque da Cidade, em Jundia\u00ed, que visa incentivar o esporte n\u00e1utico na cidade. Entre as atividades est\u00e3o os passeios de caiaque, que s\u00e3o remadas monitoradas. \u201cAlgu\u00e9m que nunca remou consegue praticar o esporte e conhecer o parque. Para n\u00f3s, o grande ponto \u00e9 acolher e dar oportunidade de ressocializa\u00e7\u00e3o para os jovens. E estar conectado \u00e0 natureza e ao esporte \u00e9 uma grande oportunidade de ressocializa\u00e7\u00e3o\u201d, diz Carol Frutos, presidente da Velas do Japi.<\/p>\n\n\n\n<p>\u201cEntendemos que esses jovens precisam de apoio e incentivo. Por isso, estamos honrados pela confian\u00e7a depositada em nosso trabalho e por esse objetivo de ressignificar a vida dos jovens\u201d, refor\u00e7a a assessora, Kelly Galbieri.<\/p>\n\n\n<div class=\"wp-block-image\">\n<figure class=\"aligncenter\"><img decoding=\"async\" src=\"https:\/\/jundiai.sp.gov.br\/noticias\/wp-content\/uploads\/sites\/32\/2023\/08\/atividades-com-jovens-do-semiaberto-ong-velas-do-japi_fm_-24-1280x854.jpg\" alt=\"\" class=\"wp-image-323565\" \/><figcaption class=\"wp-element-caption\">Objetivo do encontro \u00e9 promover a ressocializa\u00e7\u00e3o dos jovens que cumprem medida socioeducativa<\/figcaption><\/figure>\n<\/div>\n\n\n<p><strong><em>Fonte \/ Imagem: Prefeitura de Jundia\u00ed<\/em><\/strong><\/p>\n","protected":false},"excerpt":{"rendered":"<p>Jovens da Funda\u00e7\u00e3o Casa participam de oficina de caiaque no Parque da Cidade<\/p>\n","protected":false},"author":30,"featured_media":113253,"comment_status":"closed","ping_status":"0","sticky":false,"template":"","format":"standard","meta":{"footnotes":""},"categories":[8356,1],"tags":[],"class_list":["post-113252","post","type-post","status-publish","format-standard","has-post-thumbnail","hentry","category-jundiai","category-noticias"],"_links":{"self":[{"href":"https:\/\/tvtecjundiai.com.br\/news\/wp-json\/wp\/v2\/posts\/113252","targetHints":{"allow":["GET"]}}],"collection":[{"href":"https:\/\/tvtecjundiai.com.br\/news\/wp-json\/wp\/v2\/posts"}],"about":[{"href":"https:\/\/tvtecjundiai.com.br\/news\/wp-json\/wp\/v2\/types\/post"}],"author":[{"embeddable":true,"href":"https:\/\/tvtecjundiai.com.br\/news\/wp-json\/wp\/v2\/users\/30"}],"replies":[{"embeddable":true,"href":"https:\/\/tvtecjundiai.com.br\/news\/wp-json\/wp\/v2\/comments?post=113252"}],"version-history":[{"count":1,"href":"https:\/\/tvtecjundiai.com.br\/news\/wp-json\/wp\/v2\/posts\/113252\/revisions"}],"predecessor-version":[{"id":113254,"href":"https:\/\/tvtecjundiai.com.br\/news\/wp-json\/wp\/v2\/posts\/113252\/revisions\/113254"}],"wp:featuredmedia":[{"embeddable":true,"href":"https:\/\/tvtecjundiai.com.br\/news\/wp-json\/wp\/v2\/media\/113253"}],"wp:attachment":[{"href":"https:\/\/tvtecjundiai.com.br\/news\/wp-json\/wp\/v2\/media?parent=113252"}],"wp:term":[{"taxonomy":"category","embeddable":true,"href":"https:\/\/tvtecjundiai.com.br\/news\/wp-json\/wp\/v2\/categories?post=113252"},{"taxonomy":"post_tag","embeddable":true,"href":"https:\/\/tvtecjundiai.com.br\/news\/wp-json\/wp\/v2\/tags?post=113252"}],"curies":[{"name":"wp","href":"https:\/\/api.w.org\/{rel}","templated":true}]}}