{"id":113302,"date":"2023-08-07T10:35:44","date_gmt":"2023-08-07T13:35:44","guid":{"rendered":"https:\/\/tvtecjundiai.com.br\/news\/?p=113302"},"modified":"2023-08-07T10:37:11","modified_gmt":"2023-08-07T13:37:11","slug":"morre-a-atriz-aracy-balabanian-aos-83-anos","status":"publish","type":"post","link":"https:\/\/tvtecjundiai.com.br\/news\/2023\/08\/07\/morre-a-atriz-aracy-balabanian-aos-83-anos\/","title":{"rendered":"Morre a atriz Aracy Balabanian, aos 83 anos"},"content":{"rendered":"\n<p>Morreu, aos 83 anos, na manh\u00e3 desta segunda-feira (7), a atriz Aracy Balabanian. A artista, que havia sido diagnosticada com c\u00e2ncer no pulm\u00e3o no fim do ano passado, estava\u00a0internada\u00a0na Cl\u00ednica S\u00e3o Vicente, na G\u00e1vea, na Zona Sul do Rio de Janeiro. A not\u00edcia foi confirmada por familiares e amigos.<\/p>\n\n\n\n<p>Nascida em 1940, Aracy deixou sua marca na televis\u00e3o brasileira com atua\u00e7\u00f5es em s\u00e9ries e novelas, incluindo\u00a0<em>Sai de Baixo<\/em>,\u00a0<em>Vila S\u00e9samo<\/em>,\u00a0<em>Corrida do Ouro<\/em>,\u00a0<em>Ti-Ti-Ti<\/em>\u00a0e\u00a0<em>A Pr\u00f3xima V\u00edtima<\/em>. Ela despontou no teatro nos anos 1960, trabalhando em\u00a0<em>Os Ossos do Bar\u00e3o<\/em>, de\u00a0Jorge Andrade, e na montagem brasileira de\u00a0<em>Hair<\/em>.<\/p>\n\n\n\n<p>Seu \u00faltimo trabalho completo na TV foi a novela\u00a0<em>Sol Nascente<\/em>, de 2016. Desde ent\u00e3o, ela fez participa\u00e7\u00f5es espor\u00e1dicas em produ\u00e7\u00f5es como\u00a0Malha\u00e7\u00e3o\u00a0e\u00a0Juntos a Magia Acontece.<\/p>\n\n\n<div class=\"wp-block-image\">\n<figure class=\"aligncenter size-full is-resized\"><img loading=\"lazy\" decoding=\"async\" src=\"https:\/\/tvtecjundiai.com.br\/news\/wp-content\/uploads\/sites\/2\/2023\/08\/image-2.png\" alt=\"\" class=\"wp-image-113303\" width=\"572\" height=\"430\" srcset=\"https:\/\/tvtecjundiai.com.br\/news\/wp-content\/uploads\/sites\/2\/2023\/08\/image-2.png 620w, https:\/\/tvtecjundiai.com.br\/news\/wp-content\/uploads\/sites\/2\/2023\/08\/image-2-300x225.png 300w\" sizes=\"auto, (max-width: 572px) 100vw, 572px\" \/><\/figure>\n<\/div>\n\n\n<p><strong><em>Fonte \/ Imagem: O Globo<\/em><\/strong><\/p>\n","protected":false},"excerpt":{"rendered":"<p>A not\u00edcia foi confirmada por familiares e amigos.<\/p>\n","protected":false},"author":30,"featured_media":113303,"comment_status":"closed","ping_status":"0","sticky":false,"template":"","format":"standard","meta":{"footnotes":""},"categories":[1],"tags":[],"class_list":["post-113302","post","type-post","status-publish","format-standard","has-post-thumbnail","hentry","category-noticias"],"_links":{"self":[{"href":"https:\/\/tvtecjundiai.com.br\/news\/wp-json\/wp\/v2\/posts\/113302","targetHints":{"allow":["GET"]}}],"collection":[{"href":"https:\/\/tvtecjundiai.com.br\/news\/wp-json\/wp\/v2\/posts"}],"about":[{"href":"https:\/\/tvtecjundiai.com.br\/news\/wp-json\/wp\/v2\/types\/post"}],"author":[{"embeddable":true,"href":"https:\/\/tvtecjundiai.com.br\/news\/wp-json\/wp\/v2\/users\/30"}],"replies":[{"embeddable":true,"href":"https:\/\/tvtecjundiai.com.br\/news\/wp-json\/wp\/v2\/comments?post=113302"}],"version-history":[{"count":3,"href":"https:\/\/tvtecjundiai.com.br\/news\/wp-json\/wp\/v2\/posts\/113302\/revisions"}],"predecessor-version":[{"id":113307,"href":"https:\/\/tvtecjundiai.com.br\/news\/wp-json\/wp\/v2\/posts\/113302\/revisions\/113307"}],"wp:featuredmedia":[{"embeddable":true,"href":"https:\/\/tvtecjundiai.com.br\/news\/wp-json\/wp\/v2\/media\/113303"}],"wp:attachment":[{"href":"https:\/\/tvtecjundiai.com.br\/news\/wp-json\/wp\/v2\/media?parent=113302"}],"wp:term":[{"taxonomy":"category","embeddable":true,"href":"https:\/\/tvtecjundiai.com.br\/news\/wp-json\/wp\/v2\/categories?post=113302"},{"taxonomy":"post_tag","embeddable":true,"href":"https:\/\/tvtecjundiai.com.br\/news\/wp-json\/wp\/v2\/tags?post=113302"}],"curies":[{"name":"wp","href":"https:\/\/api.w.org\/{rel}","templated":true}]}}