{"id":113315,"date":"2023-08-07T11:59:06","date_gmt":"2023-08-07T14:59:06","guid":{"rendered":"https:\/\/tvtecjundiai.com.br\/news\/?p=113315"},"modified":"2023-08-07T11:59:07","modified_gmt":"2023-08-07T14:59:07","slug":"banco-de-leite-humano-de-jundiai-realiza-treinamento-para-profissionais-de-saude","status":"publish","type":"post","link":"https:\/\/tvtecjundiai.com.br\/news\/2023\/08\/07\/banco-de-leite-humano-de-jundiai-realiza-treinamento-para-profissionais-de-saude\/","title":{"rendered":"Banco de leite Humano de Jundia\u00ed realiza treinamento para profissionais de sa\u00fade"},"content":{"rendered":"\n<p>Em comemora\u00e7\u00e3o ao Agosto Dourado, m\u00eas dedicado \u00e0 amamenta\u00e7\u00e3o, o Banco de Leite Humano de Jundia\u00ed promoveu treinamento para os profissionais de sa\u00fade da rede municipal da Prefeitura de Jundia\u00ed. Na primeira semana do m\u00eas, a coordenadora do Banco, Marcela Bionti, ministrou uma capacita\u00e7\u00e3o na Escola de Governo, com o objetivo de fornecer conhecimentos sobre o manejo da amamenta\u00e7\u00e3o.<\/p>\n\n\n\n<p>A forma\u00e7\u00e3o contou com a participa\u00e7\u00e3o de aproximadamente 30 profissionais em cada per\u00edodo, incluindo pediatras, dentistas, enfermeiros e t\u00e9cnicos. Durante o treinamento, eles foram instru\u00eddos e capacitados em rela\u00e7\u00e3o \u00e0 amamenta\u00e7\u00e3o. Em breve, estes profissionais far\u00e3o um curso online disponibilizado pelo Minist\u00e9rio da Sa\u00fade sobre esse tema.<\/p>\n\n\n<div class=\"wp-block-image\">\n<figure class=\"aligncenter\"><img decoding=\"async\" src=\"https:\/\/jundiai.sp.gov.br\/noticias\/wp-content\/uploads\/sites\/32\/2023\/08\/leitehumano-2-1280x960.jpeg\" alt=\"\" class=\"wp-image-323708\" \/><figcaption class=\"wp-element-caption\">Capacita\u00e7\u00e3o sobre amamenta\u00e7\u00e3o para profissionais de sa\u00fade da rede<\/figcaption><\/figure>\n<\/div>\n\n\n<p>\u201cEssa iniciativa foi promovida pela Prefeitura Municipal de Jundia\u00ed, que convidou o Banco de Leite para esclarecer d\u00favidas sobre o tema. A participa\u00e7\u00e3o dos profissionais foi muito ativa, resultando em diversas perguntas esclarecidas\u201d, comentou Marcela.<\/p>\n\n\n\n<p>Ao longo do curso introdut\u00f3rio, foram abordados temas como os benef\u00edcios do leite humano, a import\u00e2ncia da pega correta, o uso de bicos artificiais, t\u00e9cnicas de massagem, extra\u00e7\u00e3o do leite, tratamento de mastite, poss\u00edveis dificuldades que o beb\u00ea pode enfrentar, al\u00e9m dos procedimentos de coleta e armazenamento adequado do leite, entre outros assuntos relevantes.<\/p>\n\n\n\n<p><em><strong>Fonte \/ Imagem: Prefeitura de Jundia\u00ed<\/strong><\/em><\/p>\n","protected":false},"excerpt":{"rendered":"<p>A forma\u00e7\u00e3o contou com a participa\u00e7\u00e3o de aproximadamente 30 profissionais <\/p>\n","protected":false},"author":30,"featured_media":113316,"comment_status":"closed","ping_status":"0","sticky":false,"template":"","format":"standard","meta":{"footnotes":""},"categories":[1],"tags":[],"class_list":["post-113315","post","type-post","status-publish","format-standard","has-post-thumbnail","hentry","category-noticias"],"_links":{"self":[{"href":"https:\/\/tvtecjundiai.com.br\/news\/wp-json\/wp\/v2\/posts\/113315","targetHints":{"allow":["GET"]}}],"collection":[{"href":"https:\/\/tvtecjundiai.com.br\/news\/wp-json\/wp\/v2\/posts"}],"about":[{"href":"https:\/\/tvtecjundiai.com.br\/news\/wp-json\/wp\/v2\/types\/post"}],"author":[{"embeddable":true,"href":"https:\/\/tvtecjundiai.com.br\/news\/wp-json\/wp\/v2\/users\/30"}],"replies":[{"embeddable":true,"href":"https:\/\/tvtecjundiai.com.br\/news\/wp-json\/wp\/v2\/comments?post=113315"}],"version-history":[{"count":1,"href":"https:\/\/tvtecjundiai.com.br\/news\/wp-json\/wp\/v2\/posts\/113315\/revisions"}],"predecessor-version":[{"id":113317,"href":"https:\/\/tvtecjundiai.com.br\/news\/wp-json\/wp\/v2\/posts\/113315\/revisions\/113317"}],"wp:featuredmedia":[{"embeddable":true,"href":"https:\/\/tvtecjundiai.com.br\/news\/wp-json\/wp\/v2\/media\/113316"}],"wp:attachment":[{"href":"https:\/\/tvtecjundiai.com.br\/news\/wp-json\/wp\/v2\/media?parent=113315"}],"wp:term":[{"taxonomy":"category","embeddable":true,"href":"https:\/\/tvtecjundiai.com.br\/news\/wp-json\/wp\/v2\/categories?post=113315"},{"taxonomy":"post_tag","embeddable":true,"href":"https:\/\/tvtecjundiai.com.br\/news\/wp-json\/wp\/v2\/tags?post=113315"}],"curies":[{"name":"wp","href":"https:\/\/api.w.org\/{rel}","templated":true}]}}