{"id":113339,"date":"2023-08-07T17:56:40","date_gmt":"2023-08-07T20:56:40","guid":{"rendered":"https:\/\/tvtecjundiai.com.br\/news\/?p=113339"},"modified":"2023-08-07T17:56:41","modified_gmt":"2023-08-07T20:56:41","slug":"jundiai-empreendedora-oferece-23-mil-vagas-de-emprego-nesta-semana","status":"publish","type":"post","link":"https:\/\/tvtecjundiai.com.br\/news\/2023\/08\/07\/jundiai-empreendedora-oferece-23-mil-vagas-de-emprego-nesta-semana\/","title":{"rendered":"Jundia\u00ed Empreendedora oferece 2,3 mil vagas de emprego nesta semana"},"content":{"rendered":"\n<p>O Portal Jundia\u00ed Empreendedora, em parceria com empresas e ag\u00eancias de emprego da regi\u00e3o, oferece mais de 2,3 mil vagas dispon\u00edveis. Diversas \u00e1reas e empresas est\u00e3o com oportunidades abertas. Confira e saiba como se candidatar:<\/p>\n\n\n\n<ul class=\"wp-block-list\">\n<li>Gar\u00e7om (10 vagas) na Metaro Lanchonetes Tem\u00e1ticas. Candidaturas at\u00e9 19 de agosto.<\/li>\n\n\n\n<li>Recepcionista Atendente (5 vagas) no Grupo Gabetta. Candidaturas at\u00e9 17 de agosto.<\/li>\n\n\n\n<li>Auxiliar Administrativo (10 vagas) na AGV Log\u00edstica. Candidaturas at\u00e9 11 de agosto. Vagas exclusivas para Pessoas com Defici\u00eancia.<\/li>\n\n\n\n<li>Agente Funer\u00e1rio (5 vagas) no Grupo Gabetta. Candidaturas at\u00e9 17 de agosto.<\/li>\n\n\n\n<li>Vigias (8 vagas) atrav\u00e9s da Ethics Terceiriza\u00e7\u00e3o de M\u00e3o de Obra. Candidaturas at\u00e9 15 de agosto.<\/li>\n\n\n\n<li>Professor de Educa\u00e7\u00e3o Infantil (5 vagas) no Col\u00e9gio Tutti Babini. Candidaturas at\u00e9 17 de agosto.<\/li>\n\n\n\n<li>Auxiliar de Linha de Produ\u00e7\u00e3o (2 vagas) na Brasil Coleta Gerenciamento de Res\u00edduos. Candidaturas at\u00e9 09 de agosto. Vagas exclusivas para Pessoas com Defici\u00eancia.<\/li>\n\n\n\n<li>Operador de Caixa (6 vagas) no Wet\u2019n Wild. Candidaturas at\u00e9 15 de agosto. Vagas exclusivas para Pessoas com Defici\u00eancia.<\/li>\n\n\n\n<li>Motorista de Caminh\u00e3o \u2013 Entrega de Bebidas (30 vagas) na Guaianazes Transportes. Candidaturas at\u00e9 15 de agosto.<\/li>\n<\/ul>\n\n\n<div class=\"wp-block-image\">\n<figure class=\"aligncenter size-large is-resized\"><img loading=\"lazy\" decoding=\"async\" src=\"https:\/\/tvtecjundiai.com.br\/news\/wp-content\/uploads\/sites\/2\/2023\/08\/espaco-jundiai-empreendedora_c_-44-1-1200x800.jpg\" alt=\"\" class=\"wp-image-113341\" width=\"710\" height=\"473\" srcset=\"https:\/\/tvtecjundiai.com.br\/news\/wp-content\/uploads\/sites\/2\/2023\/08\/espaco-jundiai-empreendedora_c_-44-1-1200x800.jpg 1200w, https:\/\/tvtecjundiai.com.br\/news\/wp-content\/uploads\/sites\/2\/2023\/08\/espaco-jundiai-empreendedora_c_-44-1-300x200.jpg 300w, https:\/\/tvtecjundiai.com.br\/news\/wp-content\/uploads\/sites\/2\/2023\/08\/espaco-jundiai-empreendedora_c_-44-1-768x512.jpg 768w, https:\/\/tvtecjundiai.com.br\/news\/wp-content\/uploads\/sites\/2\/2023\/08\/espaco-jundiai-empreendedora_c_-44-1.jpg 1280w\" sizes=\"auto, (max-width: 710px) 100vw, 710px\" \/><figcaption class=\"wp-element-caption\">Diversas \u00e1reas e empresas est\u00e3o com oportunidades abertas<\/figcaption><\/figure>\n<\/div>\n\n\n<p>Todas as vagas est\u00e3o dispon\u00edveis no site: web.jundiai.sp.gov.br\/PMJ\/emprega\/Vaga. Interessados devem acessar o portal para se candidatar. L\u00e1, voc\u00ea encontrar\u00e1 informa\u00e7\u00f5es detalhadas sobre o cargo, a empresa e o n\u00famero de vagas dispon\u00edveis. Basta realizar o cadastro e clicar em &#8220;Candidatar-se&#8221; na vaga desejada. <\/p>\n\n\n\n<p><strong><em>Fonte \/ Imagem: TVTEC Jundia\u00ed<\/em><\/strong><\/p>\n","protected":false},"excerpt":{"rendered":"<p>As vagas s\u00e3o para diversas \u00e1reas e empresas. <\/p>\n","protected":false},"author":30,"featured_media":113340,"comment_status":"closed","ping_status":"0","sticky":false,"template":"","format":"standard","meta":{"footnotes":""},"categories":[5038,8363,8356,1],"tags":[],"class_list":["post-113339","post","type-post","status-publish","format-standard","has-post-thumbnail","hentry","category-emprego","category-emprego-2","category-jundiai","category-noticias"],"_links":{"self":[{"href":"https:\/\/tvtecjundiai.com.br\/news\/wp-json\/wp\/v2\/posts\/113339","targetHints":{"allow":["GET"]}}],"collection":[{"href":"https:\/\/tvtecjundiai.com.br\/news\/wp-json\/wp\/v2\/posts"}],"about":[{"href":"https:\/\/tvtecjundiai.com.br\/news\/wp-json\/wp\/v2\/types\/post"}],"author":[{"embeddable":true,"href":"https:\/\/tvtecjundiai.com.br\/news\/wp-json\/wp\/v2\/users\/30"}],"replies":[{"embeddable":true,"href":"https:\/\/tvtecjundiai.com.br\/news\/wp-json\/wp\/v2\/comments?post=113339"}],"version-history":[{"count":1,"href":"https:\/\/tvtecjundiai.com.br\/news\/wp-json\/wp\/v2\/posts\/113339\/revisions"}],"predecessor-version":[{"id":113342,"href":"https:\/\/tvtecjundiai.com.br\/news\/wp-json\/wp\/v2\/posts\/113339\/revisions\/113342"}],"wp:featuredmedia":[{"embeddable":true,"href":"https:\/\/tvtecjundiai.com.br\/news\/wp-json\/wp\/v2\/media\/113340"}],"wp:attachment":[{"href":"https:\/\/tvtecjundiai.com.br\/news\/wp-json\/wp\/v2\/media?parent=113339"}],"wp:term":[{"taxonomy":"category","embeddable":true,"href":"https:\/\/tvtecjundiai.com.br\/news\/wp-json\/wp\/v2\/categories?post=113339"},{"taxonomy":"post_tag","embeddable":true,"href":"https:\/\/tvtecjundiai.com.br\/news\/wp-json\/wp\/v2\/tags?post=113339"}],"curies":[{"name":"wp","href":"https:\/\/api.w.org\/{rel}","templated":true}]}}