{"id":113413,"date":"2023-08-09T10:55:49","date_gmt":"2023-08-09T13:55:49","guid":{"rendered":"https:\/\/tvtecjundiai.com.br\/news\/?p=113413"},"modified":"2023-08-09T10:55:50","modified_gmt":"2023-08-09T13:55:50","slug":"programa-crianca-feliz-realiza-atividade-no-mundo-das-criancas","status":"publish","type":"post","link":"https:\/\/tvtecjundiai.com.br\/news\/2023\/08\/09\/programa-crianca-feliz-realiza-atividade-no-mundo-das-criancas\/","title":{"rendered":"Programa Crian\u00e7a Feliz realiza atividade no Mundo das Crian\u00e7as"},"content":{"rendered":"\n<p>O m\u00eas de agosto contar\u00e1 com diversas atividades promovidas pelo Programa Crian\u00e7a Feliz no Mundo das Crian\u00e7as. As a\u00e7\u00f5es proporcionam divers\u00e3o e brincadeiras l\u00fadicas aos pequenos atrav\u00e9s da iniciativa \u201cBrincAR LIVRE\u201d. Nesta ter\u00e7a-feira (08), cerca de 15 crian\u00e7as, acompanhadas de pais ou respons\u00e1veis, do territ\u00f3rio do Cras Sul, participaram de v\u00e1rias brincadeiras. O programa Crian\u00e7a Feliz \u00e9 promovido pela Unidade de Assist\u00eancia e Desenvolvimento Social (UGADS) e atualmente conta com cerca de 500 fam\u00edlias inscritas. A a\u00e7\u00e3o de hoje \u00e9 uma viv\u00eancia do Card\u00e1pio de Atividades do Agosto Dourado, de incentivo \u00e0 amamenta\u00e7\u00e3o.<\/p>\n\n\n\n<p>\u201cEsse momento de brincar livre \u00e9 muito importante para as crian\u00e7as, pois contribui com o desenvolvimento infantil, estimula a criatividade com o ambiente da natureza, al\u00e9m de ajudar na coordena\u00e7\u00e3o motora\u201d, disse a visitadora do Programa, C\u00e9lia Bezerra.<\/p>\n\n\n\n<figure class=\"wp-block-gallery has-nested-images columns-default is-cropped wp-block-gallery-1 is-layout-flex wp-block-gallery-is-layout-flex\">\n<figure class=\"wp-block-image size-large\"><img loading=\"lazy\" decoding=\"async\" width=\"1200\" height=\"801\" data-id=\"113415\" src=\"https:\/\/tvtecjundiai.com.br\/news\/wp-content\/uploads\/sites\/2\/2023\/08\/ugads-cras-sul-programa-crianca-feliz-brincar-livre-no-mundo-das-criancas_fm_-14-1280x854-1-1200x801.jpg\" alt=\"\" class=\"wp-image-113415\" srcset=\"https:\/\/tvtecjundiai.com.br\/news\/wp-content\/uploads\/sites\/2\/2023\/08\/ugads-cras-sul-programa-crianca-feliz-brincar-livre-no-mundo-das-criancas_fm_-14-1280x854-1-1200x801.jpg 1200w, https:\/\/tvtecjundiai.com.br\/news\/wp-content\/uploads\/sites\/2\/2023\/08\/ugads-cras-sul-programa-crianca-feliz-brincar-livre-no-mundo-das-criancas_fm_-14-1280x854-1-300x200.jpg 300w, https:\/\/tvtecjundiai.com.br\/news\/wp-content\/uploads\/sites\/2\/2023\/08\/ugads-cras-sul-programa-crianca-feliz-brincar-livre-no-mundo-das-criancas_fm_-14-1280x854-1-768x512.jpg 768w, https:\/\/tvtecjundiai.com.br\/news\/wp-content\/uploads\/sites\/2\/2023\/08\/ugads-cras-sul-programa-crianca-feliz-brincar-livre-no-mundo-das-criancas_fm_-14-1280x854-1.jpg 1280w\" sizes=\"auto, (max-width: 1200px) 100vw, 1200px\" \/><figcaption class=\"wp-element-caption\">Ana Paula com o pequeno Miguel<\/figcaption><\/figure>\n\n\n\n<figure class=\"wp-block-image size-large\"><img loading=\"lazy\" decoding=\"async\" width=\"1200\" height=\"801\" data-id=\"113414\" src=\"https:\/\/tvtecjundiai.com.br\/news\/wp-content\/uploads\/sites\/2\/2023\/08\/ugads-cras-sul-programa-crianca-feliz-brincar-livre-no-mundo-das-criancas_fm_-25-2-1280x854-1-1200x801.jpg\" alt=\"\" class=\"wp-image-113414\" srcset=\"https:\/\/tvtecjundiai.com.br\/news\/wp-content\/uploads\/sites\/2\/2023\/08\/ugads-cras-sul-programa-crianca-feliz-brincar-livre-no-mundo-das-criancas_fm_-25-2-1280x854-1-1200x801.jpg 1200w, https:\/\/tvtecjundiai.com.br\/news\/wp-content\/uploads\/sites\/2\/2023\/08\/ugads-cras-sul-programa-crianca-feliz-brincar-livre-no-mundo-das-criancas_fm_-25-2-1280x854-1-300x200.jpg 300w, https:\/\/tvtecjundiai.com.br\/news\/wp-content\/uploads\/sites\/2\/2023\/08\/ugads-cras-sul-programa-crianca-feliz-brincar-livre-no-mundo-das-criancas_fm_-25-2-1280x854-1-768x512.jpg 768w, https:\/\/tvtecjundiai.com.br\/news\/wp-content\/uploads\/sites\/2\/2023\/08\/ugads-cras-sul-programa-crianca-feliz-brincar-livre-no-mundo-das-criancas_fm_-25-2-1280x854-1.jpg 1280w\" sizes=\"auto, (max-width: 1200px) 100vw, 1200px\" \/><figcaption class=\"wp-element-caption\">Crian\u00e7as do territ\u00f3rio do Cras Sul participaram de v\u00e1rias brincadeiras<\/figcaption><\/figure>\n<\/figure>\n\n\n\n<p>Ana Paula Toboga, que estava com o filho, o pequeno Miguel, de 2 anos e 8 meses, aprova a iniciativa. \u201c\u00c9 muito bom, porque essas atividades fazem parte do aprendizado das crian\u00e7as. E \u00e9 gostoso participarmos tamb\u00e9m\u201d.<\/p>\n\n\n\n<p>S\u00e3o convidadas a participar do Programa Crian\u00e7a Feliz, gestantes e fam\u00edlias com crian\u00e7as at\u00e9 3 anos, que recebem benef\u00edcios sociais e est\u00e3o referenciadas a partir das Unidades do CRAS de Jundia\u00ed. O Programa oferece o transporte gratuito at\u00e9 os equipamentos da cidade com \u00e1reas para crian\u00e7as, como o Mundo das Crian\u00e7as, F\u00e1brica das Inf\u00e2ncias Japy, entre outros. \u201cAl\u00e9m da contribui\u00e7\u00e3o no desenvolvimento das crian\u00e7as, n\u00f3s ocupamos e divulgamos os espa\u00e7os p\u00fablicos da cidade, que s\u00e3o gratuitos e cheio de atividades\u201d, refor\u00e7ou a visitadora Camila Carvalho.<\/p>\n\n\n<div class=\"wp-block-image\">\n<figure class=\"aligncenter\"><img decoding=\"async\" src=\"https:\/\/jundiai.sp.gov.br\/noticias\/wp-content\/uploads\/sites\/32\/2023\/08\/ugads-cras-sul-programa-crianca-feliz-brincar-livre-no-mundo-das-criancas_fm_-27-2-1280x854.jpg\" alt=\"\" class=\"wp-image-323886\" \/><figcaption class=\"wp-element-caption\">Programa Crian\u00e7a Feliz realiza atividade no Mundo das Crian\u00e7as<\/figcaption><\/figure>\n<\/div>\n\n\n<p>Acompanhada da filha Esther, de 4 meses, e dos sobrinhos, Lucineia de Souza ficou surpresa com o espa\u00e7o: \u201cPrimeira vez que venho ao Mundo das Crian\u00e7as. Um lugar lindo e voltado para as nossas crian\u00e7as, que s\u00e3o prioridade para n\u00f3s\u201d. As pr\u00f3ximas atividades previstas no Mundo das Crian\u00e7as s\u00e3o com fam\u00edlias do territ\u00f3rio do CRAS Oeste, no dia 22\/08; e do CRAS Norte, no dia dia 29\/08, das 9h30 \u00e0s 14h30. No come\u00e7o do m\u00eas, as fam\u00edlias do CRAS Leste tamb\u00e9m conheceram o parque.<\/p>\n\n\n\n<p>O \u201cBrincAR LIVRE\u201d \u00e9 uma iniciativa da Rede Urban95, da qual Jundia\u00ed faz parte, e \u00e9 viabilizada pela Allma Hub Criativo. Em Jundia\u00ed, a proposta integra as a\u00e7\u00f5es da Prefeitura pelo programa municipal Cidade das Crian\u00e7as, por meio de a\u00e7\u00f5es como: veicula\u00e7\u00e3o de materiais audiovisuais sobre a import\u00e2ncia do brincar e do contato com a natureza; a distribui\u00e7\u00e3o de kits de descobertas, composto por saquinho, folheto e moldura em prisma que incentivam o olhar e a\u00e7\u00e3o da crian\u00e7a a observar, interagir e colher elementos naturais; e o incentivo para que as fam\u00edlias reservem momentos di\u00e1rios mais curtos e semanais mais duradouros de brincadeiras livres e de contato com a natureza.<\/p>\n\n\n\n<p><strong><em>Fonte \/ Imagem: Prefeitura de Jundia\u00ed<\/em><\/strong><\/p>\n","protected":false},"excerpt":{"rendered":"<p>O programa Crian\u00e7a Feliz \u00e9 promovido pela UGADS e atualmente conta com cerca de 500 fam\u00edlias inscritas<\/p>\n","protected":false},"author":30,"featured_media":113414,"comment_status":"closed","ping_status":"0","sticky":false,"template":"","format":"standard","meta":{"footnotes":""},"categories":[8356,8354,1],"tags":[],"class_list":["post-113413","post","type-post","status-publish","format-standard","has-post-thumbnail","hentry","category-jundiai","category-lazer","category-noticias"],"_links":{"self":[{"href":"https:\/\/tvtecjundiai.com.br\/news\/wp-json\/wp\/v2\/posts\/113413","targetHints":{"allow":["GET"]}}],"collection":[{"href":"https:\/\/tvtecjundiai.com.br\/news\/wp-json\/wp\/v2\/posts"}],"about":[{"href":"https:\/\/tvtecjundiai.com.br\/news\/wp-json\/wp\/v2\/types\/post"}],"author":[{"embeddable":true,"href":"https:\/\/tvtecjundiai.com.br\/news\/wp-json\/wp\/v2\/users\/30"}],"replies":[{"embeddable":true,"href":"https:\/\/tvtecjundiai.com.br\/news\/wp-json\/wp\/v2\/comments?post=113413"}],"version-history":[{"count":1,"href":"https:\/\/tvtecjundiai.com.br\/news\/wp-json\/wp\/v2\/posts\/113413\/revisions"}],"predecessor-version":[{"id":113416,"href":"https:\/\/tvtecjundiai.com.br\/news\/wp-json\/wp\/v2\/posts\/113413\/revisions\/113416"}],"wp:featuredmedia":[{"embeddable":true,"href":"https:\/\/tvtecjundiai.com.br\/news\/wp-json\/wp\/v2\/media\/113414"}],"wp:attachment":[{"href":"https:\/\/tvtecjundiai.com.br\/news\/wp-json\/wp\/v2\/media?parent=113413"}],"wp:term":[{"taxonomy":"category","embeddable":true,"href":"https:\/\/tvtecjundiai.com.br\/news\/wp-json\/wp\/v2\/categories?post=113413"},{"taxonomy":"post_tag","embeddable":true,"href":"https:\/\/tvtecjundiai.com.br\/news\/wp-json\/wp\/v2\/tags?post=113413"}],"curies":[{"name":"wp","href":"https:\/\/api.w.org\/{rel}","templated":true}]}}