{"id":113480,"date":"2023-08-11T10:06:00","date_gmt":"2023-08-11T13:06:00","guid":{"rendered":"https:\/\/tvtecjundiai.com.br\/news\/?p=113480"},"modified":"2023-08-11T14:50:39","modified_gmt":"2023-08-11T17:50:39","slug":"centro-paula-souza-abre-vagas-de-estagio-nas-em-jundiai1","status":"publish","type":"post","link":"https:\/\/tvtecjundiai.com.br\/news\/2023\/08\/11\/centro-paula-souza-abre-vagas-de-estagio-nas-em-jundiai1\/","title":{"rendered":"Centro Paula Souza abre vagas de est\u00e1gio em Jundia\u00ed"},"content":{"rendered":"\n<p>O Centro Paula Souza (CPS) est\u00e1 com inscri\u00e7\u00f5es abertas para mais de 1,4 mil vagas de est\u00e1gio em diferentes n\u00edveis de ensino e \u00e1reas de conhecimento. Desse total, quase 100 vagas s\u00e3o para cidades da regi\u00e3o de Sorocaba e Jundia\u00ed (SP).<\/p>\n\n\n\n<p>Os interessados em participar do processo de sele\u00e7\u00e3o devem fazer a inscri\u00e7\u00e3o gratuitamente pelo site, at\u00e9 \u00e0s 12h do dia 4 de setembro, e realizar uma prova online.<\/p>\n\n\n\n<p>Para jornada de seis horas di\u00e1rias, a bolsa-aux\u00edlio mensal de n\u00edvel superior \u00e9 de R$ 937,59. Para estagi\u00e1rios de n\u00edvel m\u00e9dio, o valor \u00e9 de R$ 712,57, e para o n\u00edvel t\u00e9cnico, de R$ 787,58.<\/p>\n\n\n\n<p><\/p>\n\n\n\n<p>Tamb\u00e9m est\u00e3o dispon\u00edveis vagas para jornada de quatro horas di\u00e1rias, com bolsa no valor de R$ 475,05 para n\u00edvel m\u00e9dio e R$ 525,05 para n\u00edvel t\u00e9cnico. Todos os estagi\u00e1rios tamb\u00e9m ter\u00e3o direito a aux\u00edlio-transporte e alimenta\u00e7\u00e3o.<\/p>\n\n\n\n<h2 class=\"wp-block-heading\">Confira as vagas para as cidades da regi\u00e3o:<\/h2>\n\n\n\n<ul class=\"wp-block-list\">\n<li>Campo Limpo Paulista &#8211; 4<\/li>\n\n\n\n<li>Itatiba &#8211; 8<\/li>\n\n\n\n<li>Itu &#8211; 11<\/li>\n\n\n\n<li>Jundia\u00ed &#8211; 15 <\/li>\n\n\n\n<li>Mairinque &#8211; 5<\/li>\n\n\n\n<li>Piedade &#8211; 2<\/li>\n\n\n\n<li>Porto Feliz &#8211; 5<\/li>\n\n\n\n<li>Sorocaba &#8211; 30<\/li>\n\n\n\n<li>S\u00e3o Roque &#8211; 8<\/li>\n\n\n\n<li>Votorantim &#8211; 7<\/li>\n<\/ul>\n\n\n\n<h2 class=\"wp-block-heading\"><strong>Quem pode se inscrever<\/strong><\/h2>\n\n\n\n<p>Para concorrer a uma vaga, \u00e9 necess\u00e1rio ser maior de 16 anos, comprovar frequ\u00eancia no curso exigido e estar regulamente matriculado, a partir do primeiro ano ou semestre. De acordo com o Centro, 10% das vagas s\u00e3o reservadas a candidatos com defici\u00eancia.<\/p>\n\n\n\n<p>O contrato de est\u00e1gio tem dura\u00e7\u00e3o de um ano, com possibilidade de renova\u00e7\u00e3o por mais 12 meses, conforme a dura\u00e7\u00e3o do curso. A lista de classifica\u00e7\u00e3o preliminar ser\u00e1 divulgada no dia 26 de setembro. Confira&nbsp;<a class=\"\" rel=\"noreferrer noopener\" href=\"https:\/\/bkpsitecpsnew.blob.core.windows.net\/uploadsitecps\/sites\/1\/2023\/08\/edital-estagio-cps-2023.pdf\" target=\"_blank\">edital com as vagas<\/a>&nbsp;por munic\u00edpio.<\/p>\n\n\n\n<p>Fonte \/ Imagem: G1 <\/p>\n","protected":false},"excerpt":{"rendered":"<p>Tamb\u00e9m est\u00e3o dispon\u00edveis vagas para jornada de quatro horas di\u00e1rias<\/p>\n","protected":false},"author":24,"featured_media":113481,"comment_status":"closed","ping_status":"0","sticky":false,"template":"","format":"standard","meta":{"footnotes":""},"categories":[8356],"tags":[],"class_list":["post-113480","post","type-post","status-publish","format-standard","has-post-thumbnail","hentry","category-jundiai"],"_links":{"self":[{"href":"https:\/\/tvtecjundiai.com.br\/news\/wp-json\/wp\/v2\/posts\/113480","targetHints":{"allow":["GET"]}}],"collection":[{"href":"https:\/\/tvtecjundiai.com.br\/news\/wp-json\/wp\/v2\/posts"}],"about":[{"href":"https:\/\/tvtecjundiai.com.br\/news\/wp-json\/wp\/v2\/types\/post"}],"author":[{"embeddable":true,"href":"https:\/\/tvtecjundiai.com.br\/news\/wp-json\/wp\/v2\/users\/24"}],"replies":[{"embeddable":true,"href":"https:\/\/tvtecjundiai.com.br\/news\/wp-json\/wp\/v2\/comments?post=113480"}],"version-history":[{"count":2,"href":"https:\/\/tvtecjundiai.com.br\/news\/wp-json\/wp\/v2\/posts\/113480\/revisions"}],"predecessor-version":[{"id":113499,"href":"https:\/\/tvtecjundiai.com.br\/news\/wp-json\/wp\/v2\/posts\/113480\/revisions\/113499"}],"wp:featuredmedia":[{"embeddable":true,"href":"https:\/\/tvtecjundiai.com.br\/news\/wp-json\/wp\/v2\/media\/113481"}],"wp:attachment":[{"href":"https:\/\/tvtecjundiai.com.br\/news\/wp-json\/wp\/v2\/media?parent=113480"}],"wp:term":[{"taxonomy":"category","embeddable":true,"href":"https:\/\/tvtecjundiai.com.br\/news\/wp-json\/wp\/v2\/categories?post=113480"},{"taxonomy":"post_tag","embeddable":true,"href":"https:\/\/tvtecjundiai.com.br\/news\/wp-json\/wp\/v2\/tags?post=113480"}],"curies":[{"name":"wp","href":"https:\/\/api.w.org\/{rel}","templated":true}]}}