{"id":113506,"date":"2023-08-11T15:45:54","date_gmt":"2023-08-11T18:45:54","guid":{"rendered":"https:\/\/tvtecjundiai.com.br\/news\/?p=113506"},"modified":"2023-08-11T15:45:55","modified_gmt":"2023-08-11T18:45:55","slug":"palhacos-se-apresentam-no-sesc-jundiai-nesta-terca-feira-15","status":"publish","type":"post","link":"https:\/\/tvtecjundiai.com.br\/news\/2023\/08\/11\/palhacos-se-apresentam-no-sesc-jundiai-nesta-terca-feira-15\/","title":{"rendered":"Palha\u00e7os se apresentam no Sesc Jundia\u00ed nesta ter\u00e7a-feira (15)"},"content":{"rendered":"\n<p>Neste feriado, ter\u00e7a-feira (15), \u00e0s 17h30, o Sesc Jundia\u00ed receber\u00e1 o encantador espet\u00e1culo &#8220;Qual \u00e9 a gra\u00e7a, palha\u00e7o?&#8221; do grupo N\u00d3SMESMOS, de Itu, estrelado por Christian Hil\u00e1rio e Juliano Mazurchi.<\/p>\n\n\n\n<p>A hist\u00f3ria come\u00e7a quando o palha\u00e7o Jeremias (interpretado por Juliano Mazurchi) chega ao circo para se apresentar. Logo no in\u00edcio, o palha\u00e7o Foguinho (vivido por Christian Hil\u00e1rio) interrompe a apresenta\u00e7\u00e3o e diverte a plateia com suas travessuras. Com grande paci\u00eancia, Jeremias entra em di\u00e1logo com Foguinho e, ao inv\u00e9s de ficarem em lados opostos, eles se unem para arrancar risadas do p\u00fablico.<\/p>\n\n\n\n<p>O espet\u00e1culo \u00e9 uma bela homenagem aos tradicionais artistas circenses, como Arrelia, Pimentinha, Carequinha, Torresmo, Piolin e Chicharr\u00e3o, trazendo ao p\u00fablico a nostalgia das entradas, reprises e gags circenses cl\u00e1ssicas. \u00c9 uma oportunidade de resgatar aspectos culturais e hist\u00f3ricos, transmitindo a alegria que o circo proporciona.<\/p>\n\n\n<div class=\"wp-block-image\">\n<figure class=\"aligncenter size-large is-resized\"><img loading=\"lazy\" decoding=\"async\" src=\"https:\/\/tvtecjundiai.com.br\/news\/wp-content\/uploads\/sites\/2\/2023\/08\/WhatsApp-Image-2023-08-11-at-15.26.19-1-1200x800.jpeg\" alt=\"\" class=\"wp-image-113507\" width=\"729\" height=\"487\" srcset=\"https:\/\/tvtecjundiai.com.br\/news\/wp-content\/uploads\/sites\/2\/2023\/08\/WhatsApp-Image-2023-08-11-at-15.26.19-1-1200x800.jpeg 1200w, https:\/\/tvtecjundiai.com.br\/news\/wp-content\/uploads\/sites\/2\/2023\/08\/WhatsApp-Image-2023-08-11-at-15.26.19-1-300x200.jpeg 300w, https:\/\/tvtecjundiai.com.br\/news\/wp-content\/uploads\/sites\/2\/2023\/08\/WhatsApp-Image-2023-08-11-at-15.26.19-1-768x512.jpeg 768w, https:\/\/tvtecjundiai.com.br\/news\/wp-content\/uploads\/sites\/2\/2023\/08\/WhatsApp-Image-2023-08-11-at-15.26.19-1.jpeg 1280w\" sizes=\"auto, (max-width: 729px) 100vw, 729px\" \/><\/figure>\n<\/div>\n\n\n<p>\u201c\u00c9 sempre uma alegria apresentar na cidade de Jundia\u00ed. O p\u00fablico \u00e9 muito caloroso e receptivo\u201c, comenta Christian Hil\u00e1rio.<\/p>\n\n\n\n<p>\u201cJ\u00e1 apresentamos outros espet\u00e1culos na cidade, como: POR QUE OS HOMENS MENTEM? e CLUBE DO IMPROVISO, mas no Sesc \u00e9 a primeira vez com o QUAL \u00c9 A GRA\u00c7A, PALHA\u00c7O?\u201d completa Juliano Mazurchi.<\/p>\n\n\n\n<p>A dupla de Itu comemora, neste ano, 20 anos do grupo N\u00d3SMESMOS, com dezenas de espet\u00e1culos encantadores no curr\u00edculo.<\/p>\n\n\n\n<p><strong><em>Servi\u00e7o:<\/em><\/strong><\/p>\n\n\n\n<p>Local: Sesc Jundia\u00ed<\/p>\n\n\n\n<p>Endere\u00e7o: Av. Antonio Frederico Ozanam, 6600 &#8211; Jardim Bot\u00e2nico, Jundia\u00ed \u2013 SP <\/p>\n\n\n\n<p>Espa\u00e7o: Conviv\u00eancia<\/p>\n\n\n\n<p>Classifica\u00e7\u00e3o: Livre <\/p>\n\n\n\n<p>Entrada: Gratuita <\/p>\n\n\n\n<p><strong><em>Fonte \/ Imagem: Sesc Jundia\u00ed<\/em><\/strong><\/p>\n","protected":false},"excerpt":{"rendered":"<p>O Sesc Jundia\u00ed receber\u00e1 o encantador espet\u00e1culo &#8220;Qual \u00e9 a gra\u00e7a, palha\u00e7o?&#8221;<\/p>\n","protected":false},"author":24,"featured_media":113508,"comment_status":"closed","ping_status":"0","sticky":false,"template":"","format":"standard","meta":{"footnotes":""},"categories":[8356,8354,1],"tags":[],"class_list":["post-113506","post","type-post","status-publish","format-standard","has-post-thumbnail","hentry","category-jundiai","category-lazer","category-noticias"],"_links":{"self":[{"href":"https:\/\/tvtecjundiai.com.br\/news\/wp-json\/wp\/v2\/posts\/113506","targetHints":{"allow":["GET"]}}],"collection":[{"href":"https:\/\/tvtecjundiai.com.br\/news\/wp-json\/wp\/v2\/posts"}],"about":[{"href":"https:\/\/tvtecjundiai.com.br\/news\/wp-json\/wp\/v2\/types\/post"}],"author":[{"embeddable":true,"href":"https:\/\/tvtecjundiai.com.br\/news\/wp-json\/wp\/v2\/users\/24"}],"replies":[{"embeddable":true,"href":"https:\/\/tvtecjundiai.com.br\/news\/wp-json\/wp\/v2\/comments?post=113506"}],"version-history":[{"count":1,"href":"https:\/\/tvtecjundiai.com.br\/news\/wp-json\/wp\/v2\/posts\/113506\/revisions"}],"predecessor-version":[{"id":113509,"href":"https:\/\/tvtecjundiai.com.br\/news\/wp-json\/wp\/v2\/posts\/113506\/revisions\/113509"}],"wp:featuredmedia":[{"embeddable":true,"href":"https:\/\/tvtecjundiai.com.br\/news\/wp-json\/wp\/v2\/media\/113508"}],"wp:attachment":[{"href":"https:\/\/tvtecjundiai.com.br\/news\/wp-json\/wp\/v2\/media?parent=113506"}],"wp:term":[{"taxonomy":"category","embeddable":true,"href":"https:\/\/tvtecjundiai.com.br\/news\/wp-json\/wp\/v2\/categories?post=113506"},{"taxonomy":"post_tag","embeddable":true,"href":"https:\/\/tvtecjundiai.com.br\/news\/wp-json\/wp\/v2\/tags?post=113506"}],"curies":[{"name":"wp","href":"https:\/\/api.w.org\/{rel}","templated":true}]}}