{"id":113510,"date":"2023-08-11T16:14:36","date_gmt":"2023-08-11T19:14:36","guid":{"rendered":"https:\/\/tvtecjundiai.com.br\/news\/?p=113510"},"modified":"2023-08-11T16:24:22","modified_gmt":"2023-08-11T19:24:22","slug":"programacao-com-mulheres-palhacas-entra-em-cartaz-no-sesc-jundiai","status":"publish","type":"post","link":"https:\/\/tvtecjundiai.com.br\/news\/2023\/08\/11\/programacao-com-mulheres-palhacas-entra-em-cartaz-no-sesc-jundiai\/","title":{"rendered":"Programa\u00e7\u00e3o com mulheres palha\u00e7as entra em cartaz no Sesc Jundia\u00ed"},"content":{"rendered":"\n<p>At\u00e9 8 de setembro, o Sesc Jundia\u00ed promove o projeto especial \u201cPalha\u00e7aria [A]Gosto\u201d trazendo um panorama das produ\u00e7\u00f5es realizadas por mulheres palha\u00e7as na cena contempor\u00e2nea. Espet\u00e1culos circenses, interven\u00e7\u00f5es, sess\u00e3o de cinema e uma oficina comp\u00f5em a programa\u00e7\u00e3o, que pretende divertir e convidar a uma reflex\u00e3o sobre o papel da mulher no circo.<\/p>\n\n\n\n<figure class=\"wp-block-gallery has-nested-images columns-default is-cropped wp-block-gallery-1 is-layout-flex wp-block-gallery-is-layout-flex\"><div class=\"wp-block-image\">\n<figure class=\"aligncenter size-large\"><img loading=\"lazy\" decoding=\"async\" width=\"1200\" height=\"797\" data-id=\"113511\" src=\"https:\/\/tvtecjundiai.com.br\/news\/wp-content\/uploads\/sites\/2\/2023\/08\/VIRGULA_iLTDA_credito_Matheus-Polimeno-1200x797.jpg\" alt=\"\" class=\"wp-image-113511\" srcset=\"https:\/\/tvtecjundiai.com.br\/news\/wp-content\/uploads\/sites\/2\/2023\/08\/VIRGULA_iLTDA_credito_Matheus-Polimeno-1200x797.jpg 1200w, https:\/\/tvtecjundiai.com.br\/news\/wp-content\/uploads\/sites\/2\/2023\/08\/VIRGULA_iLTDA_credito_Matheus-Polimeno-300x199.jpg 300w, https:\/\/tvtecjundiai.com.br\/news\/wp-content\/uploads\/sites\/2\/2023\/08\/VIRGULA_iLTDA_credito_Matheus-Polimeno-768x510.jpg 768w, https:\/\/tvtecjundiai.com.br\/news\/wp-content\/uploads\/sites\/2\/2023\/08\/VIRGULA_iLTDA_credito_Matheus-Polimeno.jpg 1400w\" sizes=\"auto, (max-width: 1200px) 100vw, 1200px\" \/><\/figure>\n<\/div><\/figure>\n\n\n\n<h2 class=\"wp-block-heading\" id=\"h-espetaculos\"><strong>Espet\u00e1culos<\/strong><\/h2>\n\n\n\n<h4 class=\"wp-block-heading\"><strong><em>N\u00e3o aprendi dizer adeus<\/em><\/strong><\/h4>\n\n\n\n<p><em>Leila Simplesmente Leila<\/em>&nbsp;est\u00e1 entre a vida e a morte. Ao tentar fugir do que a espera, Leila acaba trazendo uma convidada inesperada para a noite. De maneira atrapalhada e divertida, Leila tenta de mil formas escapar do inevit\u00e1vel. Ao lidar com seu apego,&nbsp;<em>Leila Simplesmente Leila<\/em>&nbsp;convida o p\u00fablico a fazer o mesmo e, como num ritual, tentar\u00e3o juntos aprender a dizer \u2018adeus\u2019. Idealiza\u00e7\u00e3o, dramaturgia e atua\u00e7\u00e3o: B\u00e1rbara Salom\u00e9. Dire\u00e7\u00e3o e dramaturgia: Rafaela Azevedo.<\/p>\n\n\n\n<p><strong>Data e hor\u00e1rio:&nbsp;<\/strong>17\/8, quinta, 20h \u00e0s 21h<br><strong>Local:<\/strong>&nbsp;Teatro<br><strong>Classifica\u00e7\u00e3o:<\/strong>&nbsp;&nbsp;16 anos<br><strong>Ingressos:<\/strong>&nbsp;R$ 10 a R$ 30 pelo&nbsp;<a rel=\"noreferrer noopener\" href=\"https:\/\/www.sescsp.org.br\/programacao\/nao-aprendi-dizer-adeus-2\/\" target=\"_blank\">site<\/a>&nbsp;e nas bilheterias<\/p>\n\n\n\n<h4 class=\"wp-block-heading\"><strong><em>V\u00edrgula iLTDA<\/em><\/strong><\/h4>\n\n\n\n<p>Este solo circense coloca tradi\u00e7\u00e3o e contemporaneidade em di\u00e1logo para construir uma proposta em comicidade feminina capaz de divertir todos os p\u00fablicos. Lan\u00e7ando m\u00e3o de t\u00e9cnicas cl\u00e1ssicas da Palha\u00e7aria, como gags, cascatas, objetos de propor\u00e7\u00f5es exageradas e o grammelot,&nbsp;<strong>V\u00edrgula iLtda.<\/strong>&nbsp;constr\u00f3i, a partir dos princ\u00edpios do Teatro F\u00edsico, uma dramaturgia \u201cgesto a gesto\u201d, com forte influ\u00eancia da fisicalidade flamenca. Ao unir esses elementos, a palha\u00e7a-dan\u00e7arina transp\u00f5e, de forma po\u00e9tica, a realidade da pessoa trabalhadora. Dire\u00e7\u00e3o: Marcos Nascimento.<\/p>\n\n\n\n<p><strong>Data e hor\u00e1rio:&nbsp;<\/strong>24\/8, quinta, 20h \u00e0s 21h<br><strong>Local:<\/strong>&nbsp;Teatro<br><strong>Classifica\u00e7\u00e3o:<\/strong>&nbsp; livre<br><strong>Ingressos:<\/strong>&nbsp;R$ 10 a R$ 30 pelo&nbsp;<a rel=\"noreferrer noopener\" href=\"https:\/\/www.sescsp.org.br\/programacao\/virgula-iltda-jundiai\/\" target=\"_blank\">site<\/a>&nbsp;e nas bilheterias<\/p>\n\n\n\n<h4 class=\"wp-block-heading\"><strong><em>Madame Froda In (quase) Concert<\/em><\/strong><\/h4>\n\n\n\n<p>Madame Froda, a Palha\u00e7a, vive uma musicista desconhecida internacionalmente e nacionalmente, que far\u00e1 sua primeira apresenta\u00e7\u00e3o em p\u00fablico, com um repert\u00f3rio de m\u00fasicas cl\u00e1ssicas, ou melhor, que ela considera m\u00fasicas cl\u00e1ssicas. Permeando v\u00e1rios estilos musicais com suas flautas, diverte e interage com o p\u00fablico com sua irrever\u00eancia, sua falta de tato com os instrumentos e seu desejo de tocar pela primeira vez uma m\u00fasica cl\u00e1ssica ao vivo. At\u00e9 o final de sua apresenta\u00e7\u00e3o muitos problemas aparecer\u00e3o, o que poder\u00e1 vir a ser sua \u00faltima apari\u00e7\u00e3o em p\u00fablico. Cria\u00e7\u00e3o, Concep\u00e7\u00e3o e Roteiro: Ana Luiza Bellacosta. Dire\u00e7\u00e3o: Denis Camargo.<\/p>\n\n\n\n<p><strong>Data e hor\u00e1rio:<\/strong>&nbsp;31\/8, quinta, 20h \u00e0s 20h35<br><strong>Local:<\/strong>&nbsp;Teatro<br><strong>Classifica\u00e7\u00e3o:<\/strong>&nbsp;Livre &nbsp;<br><strong>Ingressos:<\/strong>&nbsp;R$ 10 a R$ 30 pelo&nbsp;<a rel=\"noreferrer noopener\" href=\"https:\/\/www.sescsp.org.br\/programacao\/madame-froda-in-quase-concert\/\" target=\"_blank\">site<\/a>&nbsp;e nas bilheterias<\/p>\n\n\n<div class=\"wp-block-image\">\n<figure class=\"aligncenter size-full is-resized\"><img loading=\"lazy\" decoding=\"async\" src=\"https:\/\/tvtecjundiai.com.br\/news\/wp-content\/uploads\/sites\/2\/2023\/08\/image-10.png\" alt=\"\" class=\"wp-image-113512\" width=\"724\" height=\"480\" srcset=\"https:\/\/tvtecjundiai.com.br\/news\/wp-content\/uploads\/sites\/2\/2023\/08\/image-10.png 1024w, https:\/\/tvtecjundiai.com.br\/news\/wp-content\/uploads\/sites\/2\/2023\/08\/image-10-300x199.png 300w, https:\/\/tvtecjundiai.com.br\/news\/wp-content\/uploads\/sites\/2\/2023\/08\/image-10-768x510.png 768w\" sizes=\"auto, (max-width: 724px) 100vw, 724px\" \/><\/figure>\n<\/div>\n\n\n<p><\/p>\n\n\n\n<p><strong><em>A louca das frutas<\/em><\/strong><\/p>\n\n\n\n<p>Malabarismo com ma\u00e7\u00e3s, equilibrismo de melancias e manipula\u00e7\u00f5es de abacaxis adocicadas com muito carisma criam esta salada de frutas! M\u00fasica latina e dan\u00e7a exc\u00eantrica terminam de compor este vers\u00e1til espet\u00e1culo de habilidades, humor e sobretudo muito sabor! Um espet\u00e1culo solo-feminino malabar\u00edstico com objetos n\u00e3o convencionais que prop\u00f5e uma viagem pela Am\u00e9rica Latina sem sair do lugar! Com Pain\u00e9 Santamaria.<\/p>\n\n\n\n<p><strong>Data e hor\u00e1rio:&nbsp;<\/strong>Dia 7\/9, quinta, 17h30 \u00e0s 18h20<br><strong>Local:<\/strong>&nbsp;\u00c1rea de Conviv\u00eancia<br><strong>Classifica\u00e7\u00e3o:<\/strong>&nbsp;livre<br><strong>Ingressos:<\/strong>&nbsp;gr\u00e1tis, sem retirada de ingressos<\/p>\n\n\n\n<h4 class=\"wp-block-heading\"><em><strong>Cabar\u00e9 das Palha\u00e7as<\/strong><\/em><\/h4>\n\n\n\n<p>Comandado pela Palha\u00e7a Mafalda, este Cabar\u00e9 apresentar\u00e1 as cenas trabalhadas no Laborat\u00f3rio de Palha\u00e7aria Feminina realizado ao longo do m\u00eas, no Sesc Jundia\u00ed, como resultado da pesquisa e aprofundamento desse trabalho. Um momento para celebrar e trocar energias e boas risadas com o p\u00fablico. Com Andrea Macera.<\/p>\n\n\n\n<p><strong>Data e hor\u00e1rio:&nbsp;<\/strong>Dia 8\/9, sexta, 20h \u00e0s 21h<br><strong>Local:<\/strong>&nbsp;Teatro<br><strong>Classifica\u00e7\u00e3o:<\/strong>&nbsp;livre<br><strong>Ingressos:<\/strong>&nbsp;gr\u00e1tis, sem retirada de ingressos<\/p>\n\n\n\n<h2 class=\"wp-block-heading\"><strong>Interven\u00e7\u00f5es<\/strong><\/h2>\n\n\n\n<h4 class=\"wp-block-heading\"><strong><em>Parapapel<\/em><\/strong><\/h4>\n\n\n\n<p>A partir de um cen\u00e1rio muito simples, composto de um bloco de folhas de papel em branco (flip chart), as palha\u00e7as Emily e Manela se prop\u00f5em a contar hist\u00f3rias infantis tradicionais. Rapidamente, as hist\u00f3rias s\u00e3o desconstru\u00eddas comicamente, e a verve palhacesca das personagens se mistura \u00e0 trama original das hist\u00f3rias. As folhas de papel servem de cen\u00e1rio, adere\u00e7o, figurino, objeto m\u00e1gico e atuam como elemento condutor desse espet\u00e1culo para crian\u00e7as e fam\u00edlias. Com Cia. Pelo Cano.<\/p>\n\n\n\n<p><strong>Data e hor\u00e1rio:&nbsp;<\/strong>dia 12\/8, s\u00e1bado, 17h30 \u00e0s 18h30<br><strong>Local:<\/strong>&nbsp;\u00c1rea de Conviv\u00eancia<br><strong>Classifica\u00e7\u00e3o:<\/strong>&nbsp;livre<br><strong>Ingressos:<\/strong>&nbsp;gr\u00e1tis, sem retirada de ingressos<\/p>\n\n\n<div class=\"wp-block-image\">\n<figure class=\"aligncenter size-full is-resized\"><img loading=\"lazy\" decoding=\"async\" src=\"https:\/\/tvtecjundiai.com.br\/news\/wp-content\/uploads\/sites\/2\/2023\/08\/image-11.png\" alt=\"\" class=\"wp-image-113513\" width=\"740\" height=\"490\" srcset=\"https:\/\/tvtecjundiai.com.br\/news\/wp-content\/uploads\/sites\/2\/2023\/08\/image-11.png 1024w, https:\/\/tvtecjundiai.com.br\/news\/wp-content\/uploads\/sites\/2\/2023\/08\/image-11-300x199.png 300w, https:\/\/tvtecjundiai.com.br\/news\/wp-content\/uploads\/sites\/2\/2023\/08\/image-11-768x510.png 768w\" sizes=\"auto, (max-width: 740px) 100vw, 740px\" \/><\/figure>\n<\/div>\n\n\n<p><\/p>\n\n\n\n<h4 class=\"wp-block-heading\"><strong><em>Cortejo C\u00eanico Sampalha\u00e7as<\/em><\/strong><\/h4>\n\n\n\n<p>Sampalha\u00e7as \u00e9 um coletivo de mulheres palha\u00e7as de diferentes escolas e gera\u00e7\u00f5es, que pesquisa a comicidade feminina, buscando a piada, o jogo e a dramaturgia do universo da mulher atrav\u00e9s do olhar da pr\u00f3pria mulher. E, neste projeto, apresentam um cortejo c\u00eanico interagindo com a plateia atrav\u00e9s da m\u00fasica, cenas tradicionais circenses e coreografias. Elenco: Alessandra Siqueyra, Layla Ruiz, Luciana Viacava, Monique Franco, Paola Mussati, Suzana Arag\u00e3o, Tereza Gontijo, Vera Abbud e Gabi Zanola (atriz substituta). Dire\u00e7\u00e3o geral: Fernando Escrich.<\/p>\n\n\n\n<p><strong>Data e hor\u00e1rio:&nbsp;<\/strong>dia 2\/9, s\u00e1bado, 17h30 \u00e0s 18h30<br><strong>Local:<\/strong>&nbsp;\u00c1rea de Conviv\u00eancia<br><strong>Classifica\u00e7\u00e3o:<\/strong>&nbsp;livre<br><strong>Ingressos:<\/strong>&nbsp;gr\u00e1tis, sem retirada de ingressos<\/p>\n\n\n\n<h2 class=\"wp-block-heading\"><strong>Oficina<\/strong><\/h2>\n\n\n\n<h4 class=\"wp-block-heading\"><strong><em>Laborat\u00f3rio de Palha\u00e7as<\/em><\/strong><\/h4>\n\n\n\n<p>Voltado para mulheres palha\u00e7as, o Laborat\u00f3rio, conduzido por Andrea Macera (Palha\u00e7a Mafalda) vai trabalhar e aprofundar cenas e n\u00fameros que estejam em processo de constru\u00e7\u00e3o. Ent\u00e3o, se voc\u00ea \u00e9 palha\u00e7a, tem uma ideia de cena que quer tirar do papel e explorar suas possibilidades criativas, inscreva-se para o Laborat\u00f3rio de Palha\u00e7as enviando um e-mail para&nbsp;<a target=\"_blank\" href=\"mailto:cenicas.jundiai@sescsp.org.br\" rel=\"noreferrer noopener\">cenicas.jundiai@sescsp.org.br<\/a>&nbsp;com as informa\u00e7\u00f5es da proposta que voc\u00ea quer trabalhar durante o processo.<\/p>\n\n\n\n<p><strong>Data e hor\u00e1rio:&nbsp;<\/strong>dia 23\/8 a 6\/9, ter\u00e7as e quartas, 19h \u00e0s 22h<br><strong>Local:<\/strong>&nbsp;Sala M\u00faltiplo Uso 2<br><strong>Classifica\u00e7\u00e3o:<\/strong>&nbsp;16 anos<br><strong>Inscri\u00e7\u00f5es:<\/strong>&nbsp;gr\u00e1tis, mediante carta de interesse pelo e-mail&nbsp;<a target=\"_blank\" href=\"mailto:cenicas.jundiai@sescsp.org.br\" rel=\"noreferrer noopener\">cenicas.jundiai@sescsp.org.br<br><\/a><em>Atividade sequencial (5 encontros)<\/em><\/p>\n\n\n\n<h2 class=\"wp-block-heading\"><strong>Sess\u00e3o de cinema<\/strong><\/h2>\n\n\n\n<h4 class=\"wp-block-heading\"><strong><em>Minha av\u00f3 era palha\u00e7o<\/em><\/strong><\/h4>\n\n\n\n<p>Brasil, 2015, Dir. Ana Minehira e Mariana Gabriel<br>Document\u00e1rio, 51 min, Cor, Livre<\/p>\n\n\n\n<p>O document\u00e1rio conta a trajet\u00f3ria art\u00edstica da primeira palha\u00e7a negra do Brasil, Maria Eliza Alves dos Reis: \u201co\u201d palha\u00e7o Xamego. A grande atra\u00e7\u00e3o do Circo Guarany no in\u00edcio da d\u00e9cada de 40. Considerado a principal atra\u00e7\u00e3o do Circo Guarany nas d\u00e9cadas de 1940 a 1960, o palha\u00e7o Xamego era encenado pela atriz Maria Eliza Alves dos Reis, a primeira palha\u00e7a negra no Brasil.<br><br><strong>Data e hor\u00e1rio:&nbsp;<\/strong>dia 23\/8, quarta, 20h \u00e0s 21h<br><strong>Local:<\/strong>&nbsp;Teatro<br><strong>Classifica\u00e7\u00e3o:<\/strong>&nbsp;livre<br><strong>Ingressos:<\/strong>&nbsp;gr\u00e1tis, com retirada no dia da exibi\u00e7\u00e3o, a partir das 10h, na Loja Sesc<br><br>O Sesc Jundia\u00ed fica na Avenida Ant\u00f4nio Frederico Ozanan, 6600, ao lado do Jardim Bot\u00e2nico.&nbsp;<\/p>\n\n\n\n<p><strong><em>Fonte \/ Imagem: Sesc Jundia\u00ed<\/em><\/strong><\/p>\n","protected":false},"excerpt":{"rendered":"<p>Espet\u00e1culos circenses, interven\u00e7\u00f5es, sess\u00e3o de cinema e uma oficina comp\u00f5em a programa\u00e7\u00e3o<\/p>\n","protected":false},"author":24,"featured_media":113513,"comment_status":"closed","ping_status":"0","sticky":false,"template":"","format":"standard","meta":{"footnotes":""},"categories":[8356,8354,1],"tags":[],"class_list":["post-113510","post","type-post","status-publish","format-standard","has-post-thumbnail","hentry","category-jundiai","category-lazer","category-noticias"],"_links":{"self":[{"href":"https:\/\/tvtecjundiai.com.br\/news\/wp-json\/wp\/v2\/posts\/113510","targetHints":{"allow":["GET"]}}],"collection":[{"href":"https:\/\/tvtecjundiai.com.br\/news\/wp-json\/wp\/v2\/posts"}],"about":[{"href":"https:\/\/tvtecjundiai.com.br\/news\/wp-json\/wp\/v2\/types\/post"}],"author":[{"embeddable":true,"href":"https:\/\/tvtecjundiai.com.br\/news\/wp-json\/wp\/v2\/users\/24"}],"replies":[{"embeddable":true,"href":"https:\/\/tvtecjundiai.com.br\/news\/wp-json\/wp\/v2\/comments?post=113510"}],"version-history":[{"count":2,"href":"https:\/\/tvtecjundiai.com.br\/news\/wp-json\/wp\/v2\/posts\/113510\/revisions"}],"predecessor-version":[{"id":113518,"href":"https:\/\/tvtecjundiai.com.br\/news\/wp-json\/wp\/v2\/posts\/113510\/revisions\/113518"}],"wp:featuredmedia":[{"embeddable":true,"href":"https:\/\/tvtecjundiai.com.br\/news\/wp-json\/wp\/v2\/media\/113513"}],"wp:attachment":[{"href":"https:\/\/tvtecjundiai.com.br\/news\/wp-json\/wp\/v2\/media?parent=113510"}],"wp:term":[{"taxonomy":"category","embeddable":true,"href":"https:\/\/tvtecjundiai.com.br\/news\/wp-json\/wp\/v2\/categories?post=113510"},{"taxonomy":"post_tag","embeddable":true,"href":"https:\/\/tvtecjundiai.com.br\/news\/wp-json\/wp\/v2\/tags?post=113510"}],"curies":[{"name":"wp","href":"https:\/\/api.w.org\/{rel}","templated":true}]}}