{"id":113564,"date":"2023-08-12T16:45:15","date_gmt":"2023-08-12T19:45:15","guid":{"rendered":"https:\/\/tvtecjundiai.com.br\/news\/?p=113564"},"modified":"2023-08-12T16:45:29","modified_gmt":"2023-08-12T19:45:29","slug":"taca-das-favelas-de-jundiai-tem-abertura-com-grande-festa-no-dal-santo","status":"publish","type":"post","link":"https:\/\/tvtecjundiai.com.br\/news\/2023\/08\/12\/taca-das-favelas-de-jundiai-tem-abertura-com-grande-festa-no-dal-santo\/","title":{"rendered":"Ta\u00e7a das Favelas de Jundia\u00ed tem abertura com grande festa no Dal Santo"},"content":{"rendered":"\n<p>Com a presen\u00e7a de um grande n\u00famero de torcedores, amigos e familiares, mas principalmente de atletas (mais de 600 inscritos), a 1\u00aa Ta\u00e7a das Favelas de Jundia\u00ed teve a largada oficial na manh\u00e3 deste s\u00e1bado (12) no CECE Francisco Dal Santo, na Vila Rami.<\/p>\n\n\n\n<p>As 16 equipes no masculino e as cinco no feminino compareceram para o desfile de abertura, trazidas por \u00f4nibus oferecidos gratuitamente pela Prefeitura de Jundia\u00ed, via Unidade de Gest\u00e3o de Mobilidade e Transporte (UGMT), saindo dos bairros com destino ao Complexo Esportivo.<\/p>\n\n\n\n<p>O evento, uma promo\u00e7\u00e3o da Central \u00danica das Favelas (Cufa) Jundia\u00ed e TV Tem, com apoio da Prefeitura, ocorre pela primeira vez na cidade, embora j\u00e1 seja tradicional nas capitais e grandes cidades brasileiras, reunindo anualmente mais de 100 mil jovens, entre homens e mulheres, em todo o pa\u00eds.<\/p>\n\n\n\n<p>Desde sua primeira edi\u00e7\u00e3o, em 2012, a Cufa nacional contabiliza cerca de 500 jovens que ingressaram no futebol profissional atrav\u00e9s da Ta\u00e7a das Favelas, transformando a vida de muitas fam\u00edlias.<\/p>\n\n\n\n<figure class=\"wp-block-image\"><img decoding=\"async\" src=\"https:\/\/jundiai.sp.gov.br\/noticias\/wp-content\/uploads\/sites\/32\/2023\/08\/taca-das-favelas-desfile-1280x854.jpg\" alt=\"\" class=\"wp-image-324310\" \/><figcaption class=\"wp-element-caption\">Todas as equipes participantes, 16 no masculino e cinco no feminino, participaram do desfile de abertura<\/figcaption><\/figure>\n\n\n\n<p>Para Eduardo Ramalho, o Festa, presidente da Cufa Jundia\u00ed, o evento foi a demonstra\u00e7\u00e3o clara de que a popula\u00e7\u00e3o das comunidades merece esse espa\u00e7o. \u201cOportunidade n\u00e3o apenas de disputar um torneio, mas de dar visibilidade a todas as comunidades. Isso n\u00e3o tem pre\u00e7o. Como eu sempre digo, chegou a nossa vez. Vamos favela!\u201d<\/p>\n\n\n\n<p>O gestor de Governo e Finan\u00e7as, Jos\u00e9 Antonio Parimoschi, ressaltou o olhar que a Prefeitura sempre teve para toda a popula\u00e7\u00e3o como o diferencial de Jundia\u00ed e o desafio a ser mantido para o futuro. \u201cQuando dizemos que \u00e9 a cidade das crian\u00e7as, estamos dizendo porque oferecemos uma inf\u00e2ncia com todas as possibilidades, porque temos planejamento para a adolesc\u00eancia, para a juventude, ajudando cada uma delas a se inserir no mercado de trabalho e na vida adulta. \u00c9 assim que fazemos e \u00e9 assim que temos de continuar fazendo.\u201d<\/p>\n\n\n\n<figure class=\"wp-block-image\"><img decoding=\"async\" src=\"https:\/\/esporte.jundiai.sp.gov.br\/wp-content\/uploads\/2023\/08\/taca-das-favelas-parimoschi-1.jpg\" alt=\"\" class=\"wp-image-1034\" \/><figcaption class=\"wp-element-caption\">O gestor de Governo e Finan\u00e7as, Jos\u00e9 Antonio Parimoschi, destacou o olhar da Prefeitura para a crian\u00e7a e o adolescente<\/figcaption><\/figure>\n\n\n\n<p>O gestor de Esportes e Lazer, Lu\u00eds Cl\u00e1udio Tarallo, destacou ainda a import\u00e2ncia do esporte na vida de cada crian\u00e7a e adolescente. \u201cEssa \u00e9 uma demonstra\u00e7\u00e3o de quanto o esporte motiva as crian\u00e7as, os adolescentes e os jovens. Veja a quantidade de pessoas numa manh\u00e3 de s\u00e1bado em nosso centro esportivo. O esporte proporciona isso. \u00c9 qualidade de vida, mas, ao mesmo tempo, \u00e9 intera\u00e7\u00e3o social, \u00e9 confraterniza\u00e7\u00e3o.\u201d<\/p>\n\n\n\n<p>Ap\u00f3s a cerim\u00f4nia, come\u00e7aram as partidas v\u00e1lidas pela fase de oitavas de final da competi\u00e7\u00e3o.<\/p>\n\n\n\n<figure class=\"wp-block-image\"><img decoding=\"async\" src=\"https:\/\/esporte.jundiai.sp.gov.br\/wp-content\/uploads\/2023\/08\/taca-das-favelas-lance-1-640x950.jpg\" alt=\"\" class=\"wp-image-1036\" \/><figcaption class=\"wp-element-caption\">Com a bola rolando, muita emo\u00e7\u00e3o entre as equipes participantes<\/figcaption><\/figure>\n\n\n\n<p><strong>Confira as partidas:<\/strong><\/p>\n\n\n\n<p><strong>Masculino<\/strong><\/p>\n\n\n\n<p><strong>Jogos deste s\u00e1bado \u2013 12 de agosto<\/strong><\/p>\n\n\n\n<ul class=\"wp-block-list\">\n<li><strong>9h45 \u2013 Morada das Vinhas x Santa Gertrudes<\/strong><\/li>\n\n\n\n<li><strong>11h \u2013 Fepasa x Meias A\u00e7o<\/strong><\/li>\n\n\n\n<li><strong>&nbsp;14h \u2013 Varj\u00e3o x Ivoturucaia<\/strong><\/li>\n\n\n\n<li><strong>&nbsp;15h45 \u2013 Novo Horizonte x Nambi<\/strong><\/li>\n<\/ul>\n\n\n\n<p><strong>Jogos de domingo \u2013 13 de agosto<\/strong><\/p>\n\n\n\n<ul class=\"wp-block-list\">\n<li><strong>9h \u2013 Tamoio x S\u00e3o Camilo<\/strong><\/li>\n\n\n\n<li><strong>10h45 \u2013 Vista Alegre x Tulipas\/Marlene<\/strong><\/li>\n\n\n\n<li><strong>14h \u2013 Vila Popular x \u00c1gua Doce<\/strong><\/li>\n\n\n\n<li><strong>15h45 \u2013 Vila Maring\u00e1 x Vila Ana<\/strong><\/li>\n<\/ul>\n\n\n\n<p><strong>Feminino<\/strong><\/p>\n\n\n\n<p><strong>Jogos do dia 19 de agosto<\/strong><\/p>\n\n\n\n<ul class=\"wp-block-list\">\n<li><strong>Meias A\u00e7o x Fepasa<\/strong><\/li>\n\n\n\n<li><strong>Tamoio x Santa Gertrudes<\/strong><\/li>\n\n\n\n<li><strong>Vila Ana no chap\u00e9u<\/strong><\/li>\n<\/ul>\n\n\n\n<p>Fonte \/ Imagem: Prefeitura de Jundia\u00ed <\/p>\n","protected":false},"excerpt":{"rendered":"<p>Todas as equipes participantes, 16 no masculino e cinco no feminino, participaram do desfile de abertura<\/p>\n","protected":false},"author":24,"featured_media":113565,"comment_status":"closed","ping_status":"0","sticky":false,"template":"","format":"standard","meta":{"footnotes":""},"categories":[8356],"tags":[],"class_list":["post-113564","post","type-post","status-publish","format-standard","has-post-thumbnail","hentry","category-jundiai"],"_links":{"self":[{"href":"https:\/\/tvtecjundiai.com.br\/news\/wp-json\/wp\/v2\/posts\/113564","targetHints":{"allow":["GET"]}}],"collection":[{"href":"https:\/\/tvtecjundiai.com.br\/news\/wp-json\/wp\/v2\/posts"}],"about":[{"href":"https:\/\/tvtecjundiai.com.br\/news\/wp-json\/wp\/v2\/types\/post"}],"author":[{"embeddable":true,"href":"https:\/\/tvtecjundiai.com.br\/news\/wp-json\/wp\/v2\/users\/24"}],"replies":[{"embeddable":true,"href":"https:\/\/tvtecjundiai.com.br\/news\/wp-json\/wp\/v2\/comments?post=113564"}],"version-history":[{"count":2,"href":"https:\/\/tvtecjundiai.com.br\/news\/wp-json\/wp\/v2\/posts\/113564\/revisions"}],"predecessor-version":[{"id":113567,"href":"https:\/\/tvtecjundiai.com.br\/news\/wp-json\/wp\/v2\/posts\/113564\/revisions\/113567"}],"wp:featuredmedia":[{"embeddable":true,"href":"https:\/\/tvtecjundiai.com.br\/news\/wp-json\/wp\/v2\/media\/113565"}],"wp:attachment":[{"href":"https:\/\/tvtecjundiai.com.br\/news\/wp-json\/wp\/v2\/media?parent=113564"}],"wp:term":[{"taxonomy":"category","embeddable":true,"href":"https:\/\/tvtecjundiai.com.br\/news\/wp-json\/wp\/v2\/categories?post=113564"},{"taxonomy":"post_tag","embeddable":true,"href":"https:\/\/tvtecjundiai.com.br\/news\/wp-json\/wp\/v2\/tags?post=113564"}],"curies":[{"name":"wp","href":"https:\/\/api.w.org\/{rel}","templated":true}]}}