{"id":11364,"date":"2018-05-30T09:25:05","date_gmt":"2018-05-30T12:25:05","guid":{"rendered":"https:\/\/tvtecjundiai.com.br\/news\/?p=11364"},"modified":"2018-05-30T09:28:33","modified_gmt":"2018-05-30T12:28:33","slug":"vacinacao-contra-gripe-e-prorrogada-ate-dia-15-de-junho","status":"publish","type":"post","link":"https:\/\/tvtecjundiai.com.br\/news\/2018\/05\/30\/vacinacao-contra-gripe-e-prorrogada-ate-dia-15-de-junho\/","title":{"rendered":"Vacina\u00e7\u00e3o contra gripe \u00e9 prorrogada at\u00e9 15 de junho"},"content":{"rendered":"<div id=\"attachment_8742\" style=\"width: 460px\" class=\"wp-caption alignright\"><a href=\"https:\/\/tvtecjundiai.com.br\/news\/wp-content\/uploads\/sites\/2\/2018\/04\/gripe.jpg\"><img loading=\"lazy\" decoding=\"async\" aria-describedby=\"caption-attachment-8742\" class=\"wp-image-8742\" src=\"https:\/\/tvtecjundiai.com.br\/news\/wp-content\/uploads\/sites\/2\/2018\/04\/gripe-300x200.jpg\" alt=\"\" width=\"450\" height=\"300\" srcset=\"https:\/\/tvtecjundiai.com.br\/news\/wp-content\/uploads\/sites\/2\/2018\/04\/gripe-300x200.jpg 300w, https:\/\/tvtecjundiai.com.br\/news\/wp-content\/uploads\/sites\/2\/2018\/04\/gripe.jpg 680w\" sizes=\"auto, (max-width: 450px) 100vw, 450px\" \/><\/a><p id=\"caption-attachment-8742\" class=\"wp-caption-text\">A vacina dispon\u00edvel protege contra tr\u00eas subtipos do v\u00edrus da gripe e pode ser encontrada em todas as unidades de sa\u00fade<\/p><\/div>\n<p>Por causa da baixa cobertura vacinal e da greve dos caminhoneiros, o Governo Federal prorrogou a vacina\u00e7\u00e3o contra a gripe em postos de sa\u00fade de todo o pa\u00eds at\u00e9 o dia 15 de junho. De acordo com balan\u00e7o do Minist\u00e9rio da Sa\u00fade, faltam 18,8 milh\u00f5es de pessoas a serem vacinadas em todo o Brasil. At\u00e9 agora, apenas 66% do p\u00fablico-alvo se vacinou.<\/p>\n<p>Segundo a pasta, at\u00e9 esta ter\u00e7a-feira (29), estoques de vacinas estavam em n\u00edveis normais. O problema \u00e9 a redu\u00e7\u00e3o do comparecimento aos postos, que tamb\u00e9m tem liga\u00e7\u00e3o com as dificuldades de locomo\u00e7\u00e3o criadas pela greve.<\/p>\n<p>A vacina dispon\u00edvel protege contra tr\u00eas subtipos do v\u00edrus da gripe (H1N1, H3N2 e Influenza B) e pode ser encontrada em todas as unidades de sa\u00fade para os grupos priorit\u00e1rios, que s\u00e3o pessoas mais vulner\u00e1veis ao desenvolvimento de quadros mais graves de doen\u00e7as respirat\u00f3rias. Caso haja disponibilidade de imunizantes, os munic\u00edpios podem ampliar o p\u00fablico para crian\u00e7as de 5 a 9 anos e adultos com idades entre 50 e 59 anos.<\/p>\n<p>Pelo cronograma inicial, a campanha terminaria no dia 1\u00ba de junho. Foram registrados, at\u00e9 agora, 2.088 casos de gripe no pa\u00eds, com cerca de 335 mortes. O tipo mais\u00a0grave foi o H1N1. Dos que morreram, 70% possu\u00edam ao menos algum fator de risco.<\/p>\n<p><strong>Quem deve tomar<\/strong><br \/>\nIdosos, gestantes, crian\u00e7as de 6 meses a 5 anos, portadores de doen\u00e7as cr\u00f4nicas n\u00e3o transmiss\u00edveis, como diabete e hipertens\u00e3o est\u00e3o na lista do p\u00fablico-alvo. Tamb\u00e9m entram na prioridade professores, profissionais de sa\u00fade e detentos.<\/p>\n<p><em><strong>Fonte: Uol<\/strong><\/em><\/p>\n","protected":false},"excerpt":{"rendered":"<p>Estoques de vacina seguem com n\u00edveis normais<\/p>\n","protected":false},"author":10,"featured_media":8742,"comment_status":"closed","ping_status":"closed","sticky":false,"template":"","format":"standard","meta":{"footnotes":""},"categories":[2834,2839],"tags":[1903,2745,5,15,104],"class_list":["post-11364","post","type-post","status-publish","format-standard","has-post-thumbnail","hentry","category-cidades","category-saude","tag-brasil","tag-gripe","tag-jundiai","tag-tvtec","tag-vacina"],"_links":{"self":[{"href":"https:\/\/tvtecjundiai.com.br\/news\/wp-json\/wp\/v2\/posts\/11364","targetHints":{"allow":["GET"]}}],"collection":[{"href":"https:\/\/tvtecjundiai.com.br\/news\/wp-json\/wp\/v2\/posts"}],"about":[{"href":"https:\/\/tvtecjundiai.com.br\/news\/wp-json\/wp\/v2\/types\/post"}],"author":[{"embeddable":true,"href":"https:\/\/tvtecjundiai.com.br\/news\/wp-json\/wp\/v2\/users\/10"}],"replies":[{"embeddable":true,"href":"https:\/\/tvtecjundiai.com.br\/news\/wp-json\/wp\/v2\/comments?post=11364"}],"version-history":[{"count":4,"href":"https:\/\/tvtecjundiai.com.br\/news\/wp-json\/wp\/v2\/posts\/11364\/revisions"}],"predecessor-version":[{"id":11369,"href":"https:\/\/tvtecjundiai.com.br\/news\/wp-json\/wp\/v2\/posts\/11364\/revisions\/11369"}],"wp:featuredmedia":[{"embeddable":true,"href":"https:\/\/tvtecjundiai.com.br\/news\/wp-json\/wp\/v2\/media\/8742"}],"wp:attachment":[{"href":"https:\/\/tvtecjundiai.com.br\/news\/wp-json\/wp\/v2\/media?parent=11364"}],"wp:term":[{"taxonomy":"category","embeddable":true,"href":"https:\/\/tvtecjundiai.com.br\/news\/wp-json\/wp\/v2\/categories?post=11364"},{"taxonomy":"post_tag","embeddable":true,"href":"https:\/\/tvtecjundiai.com.br\/news\/wp-json\/wp\/v2\/tags?post=11364"}],"curies":[{"name":"wp","href":"https:\/\/api.w.org\/{rel}","templated":true}]}}